{"id":25260,"date":"2022-12-13T11:20:35","date_gmt":"2022-12-13T14:20:35","guid":{"rendered":"https:\/\/radiorevelacionfm.cl\/?p=25260"},"modified":"2022-12-13T11:20:35","modified_gmt":"2022-12-13T14:20:35","slug":"umag-titula-a-76-nuevos-profesionales-en-su-centro-universitario-de-coyhaique","status":"publish","type":"post","link":"https:\/\/radiorevelacionfm.cl\/?p=25260","title":{"rendered":"UMAG titula a 76 nuevos profesionales en su Centro Universitario de Coyhaique"},"content":{"rendered":"<div class=\"flex_column av_one_full  flex_column_div av-zero-column-padding first  avia-builder-el-0  el_before_av_one_full  avia-builder-el-first  \" style='border-radius:0px; '><div  class='avia-image-container  av-styling-    avia-builder-el-1  avia-builder-el-no-sibling  avia-align-center '  itemprop=\"image\" itemscope=\"itemscope\" itemtype=\"https:\/\/schema.org\/ImageObject\"  ><div class='avia-image-container-inner'><div class='avia-image-overlay-wrap'><img decoding=\"async\" class='wp-image-25261 avia-img-lazy-loading-not-25261 avia_image' src=\"https:\/\/radiorevelacionfm.cl\/wp-content\/uploads\/2022\/12\/Tituladas-de-Educacion-Parvularia-1-1.jpg\" alt='' title='Tituladas de Educaci\u00f3n Parvularia (1) (1)' height=\"600\" width=\"900\"  itemprop=\"thumbnailUrl\" srcset=\"https:\/\/radiorevelacionfm.cl\/wp-content\/uploads\/2022\/12\/Tituladas-de-Educacion-Parvularia-1-1.jpg 900w, https:\/\/radiorevelacionfm.cl\/wp-content\/uploads\/2022\/12\/Tituladas-de-Educacion-Parvularia-1-1-300x200.jpg 300w, https:\/\/radiorevelacionfm.cl\/wp-content\/uploads\/2022\/12\/Tituladas-de-Educacion-Parvularia-1-1-768x512.jpg 768w, https:\/\/radiorevelacionfm.cl\/wp-content\/uploads\/2022\/12\/Tituladas-de-Educacion-Parvularia-1-1-705x470.jpg 705w, https:\/\/radiorevelacionfm.cl\/wp-content\/uploads\/2022\/12\/Tituladas-de-Educacion-Parvularia-1-1-600x400.jpg 600w\" sizes=\"(max-width: 900px) 100vw, 900px\" \/><\/div><\/div><\/div><\/div><div class=\"flex_column av_one_full  flex_column_div av-zero-column-padding first  avia-builder-el-2  el_after_av_one_full  el_before_av_one_full  column-top-margin\" style='border-radius:0px; '><section class=\"av_textblock_section \"  itemscope=\"itemscope\" itemtype=\"https:\/\/schema.org\/BlogPosting\" itemprop=\"blogPost\" ><div class='avia_textblock  '   itemprop=\"text\" ><p style=\"text-align: center;\"><span style=\"font-size: 18pt;\"><b><span lang=\"ES\">UMAG titula\u00a0a 76 nuevos profesionales<\/span><\/b><b><span lang=\"ES\">\u00a0<\/span><\/b><b><span lang=\"ES\">en su Centro Universitario\u00a0de Coyhaique<\/span><\/b><\/span><\/p>\n<div id=\"gtx-trans\" style=\"position: absolute; left: -50px; top: 4.31534px;\">\n<div class=\"gtx-trans-icon\"><\/div>\n<\/div>\n<\/div><\/section><\/div><div class=\"flex_column av_one_full  flex_column_div av-zero-column-padding first  avia-builder-el-4  el_after_av_one_full  el_before_av_hr  column-top-margin\" style='border-radius:0px; '><section class=\"av_textblock_section \"  itemscope=\"itemscope\" itemtype=\"https:\/\/schema.org\/BlogPosting\" itemprop=\"blogPost\" ><div class='avia_textblock  '   itemprop=\"text\" ><p style=\"text-align: justify;\"><span lang=\"ES\">El auditorio del Museo Regional de Coyhaique fue el escenario que acogi\u00f3 a los 76 nuevos profesionales que se titularon en el Centro Universitario de la Universidad de Magallanes correspondientes a las promociones 2020 y 2021 de las carreras de Pedagog\u00eda en Educaci\u00f3n Parvularia, Ingenier\u00eda en Ejecuci\u00f3n en Administraci\u00f3n y Enfermer\u00eda, m\u00e1s una joven titulada como t\u00e9cnico en nivel superior de Educaci\u00f3n Parvularia y uno de T\u00e9cnico en Mantenimiento Industrial.<\/span><\/p>\n<p style=\"text-align: justify;\"><span lang=\"ES\">Hasta la capital de la Regi\u00f3n de Ays\u00e9n viaj\u00f3 el rector de la UMAG, Jos\u00e9 Maripani, acompa\u00f1ado de la secretaria general de la Universidad, Anggie Flies y la vicerrectora de Vinculaci\u00f3n con el Medio, Melissa Flores, quienes felicitaron y despidieron a los nuevos profesionales que fueron distribuidos en dos ceremonias a las que asistieron autoridades de la zona encabezadas por la gobernadora regional de Ays\u00e9n, Andrea Mac\u00edas, familiares de los nuevos profesionales y p\u00fablico en general.<\/span><\/p>\n<p style=\"text-align: justify;\"><span lang=\"ES\">La coordinadora del Centro Universitario de Coyhaique-UMAG, Alejandra Narv\u00e1ez, record\u00f3 que a pesar de la pandemia los y las estudiantes pudieron seguir con su formaci\u00f3n acad\u00e9mica telem\u00e1ticamente. A modo de ejemplo, destac\u00f3 que las y los estudiantes de Pedagog\u00eda en Educaci\u00f3n Parvularia preparaban material audiovisual para entregar a los padres e incluso llevaban el material a domicilio para mantener la calidad de la educaci\u00f3n inicial en las ni\u00f1as y ni\u00f1os.<\/span><\/p>\n<p style=\"text-align: justify;\"><span lang=\"ES\">El rector de la Universidad de Magallanes, Jos\u00e9 Maripani, reflexion\u00f3 que fue en el a\u00f1o 2013 que comenz\u00f3 a funcionar el Centro Universitario de Coyhaique en la Regi\u00f3n de Ays\u00e9n con el objetivo de formar capital humano, lo que tuvo su dificultad inicial porque se parti\u00f3 sin haber nada. Luego destac\u00f3 que hoy se trabaja fuertemente en la transici\u00f3n junto con la rectora de la Universidad de Ays\u00e9n, Natacha Pino, con el apoyo de la gobernadora regional, Andrea Mac\u00edas, en lo que es el posible traspaso del Centro Universitario Coyhaique, de una instituci\u00f3n estatal como es la UMAG a otra entidad estatal como la Universidad de Ays\u00e9n.<\/span><\/p>\n<p style=\"text-align: justify;\"><span lang=\"ES\">La gobernadora regional de Ays\u00e9n, Andrea Mac\u00edas, valor\u00f3 el apoyo de la Universidad de Magallanes y de lo que ha significado su presencia en esa regi\u00f3n con su gran aporte en la formaci\u00f3n de profesionales de diversas \u00e1reas como ahora, al aportar nuevo capital humano en salud, donde enfermeras y enfermeros se han integrado a la salud p\u00fablica.<\/span><\/p>\n<p style=\"text-align: justify;\"><span lang=\"ES\">En las ceremonias se entregaron premios a alumnos destacados en sus promociones y todos los titulados pronunciaron su juramento de compromiso: 40 egresados en Pedagog\u00eda en Educaci\u00f3n Parvularia; 13 de Ingenier\u00eda en Ejecuci\u00f3n en Administraci\u00f3n y 21 en Enfemer\u00eda, m\u00e1s una de t\u00e9cnico de nivel superior en Educaci\u00f3n Parvularia y uno como t\u00e9cnico en Mantenimiento Industrial.<\/span><\/p>\n<\/div><\/section><\/div><div  style='height:50px' class='hr hr-invisible   avia-builder-el-6  el_after_av_one_full  el_before_av_social_share '><span class='hr-inner ' ><span class='hr-inner-style'><\/span><\/span><\/div><\/p>\n<div  class='av-social-sharing-box  avia-builder-el-7  el_after_av_hr  el_before_av_hr  '><div class='av-share-box'><h5 class='av-share-link-description av-no-toc '>Compartir esta noticia<\/h5><ul class='av-share-box-list noLightbox'><li class='av-share-link av-social-link-facebook' ><a target=\"_blank\" aria-label=\"Compartir en Facebook\" href='https:\/\/www.facebook.com\/sharer.php?u=https:\/\/radiorevelacionfm.cl\/?p=25260&#038;t=UMAG%20titula%20a%2076%20nuevos%20profesionales%20en%20su%20Centro%20Universitario%20de%20Coyhaique' aria-hidden='false' data-av_icon='\ue8f3' data-av_iconfont='entypo-fontello' title='' data-avia-related-tooltip='Compartir en Facebook' rel=\"noopener\"><span class='avia_hidden_link_text'>Compartir en Facebook<\/span><\/a><\/li><li class='av-share-link av-social-link-twitter' ><a target=\"_blank\" aria-label=\"Compartir en Twitter\" href='https:\/\/twitter.com\/share?text=UMAG%20titula%20a%2076%20nuevos%20profesionales%20en%20su%20Centro%20Universitario%20de%20Coyhaique&#038;url=https:\/\/radiorevelacionfm.cl\/?p=25260' aria-hidden='false' data-av_icon='\ue8f1' data-av_iconfont='entypo-fontello' title='' data-avia-related-tooltip='Compartir en Twitter' rel=\"noopener\"><span class='avia_hidden_link_text'>Compartir en Twitter<\/span><\/a><\/li><li class='av-share-link av-social-link-whatsapp' ><a target=\"_blank\" aria-label=\"Compartir en Whatsapp\" href='https:\/\/api.whatsapp.com\/send?text=https:\/\/radiorevelacionfm.cl\/?p=25260' aria-hidden='false' data-av_icon='\uf232' data-av_iconfont='entypo-fontello' title='' data-avia-related-tooltip='Compartir en Whatsapp' rel=\"noopener\"><span class='avia_hidden_link_text'>Compartir en Whatsapp<\/span><\/a><\/li><li class='av-share-link av-social-link-linkedin' ><a target=\"_blank\" aria-label=\"Compartir en LinkedIn\" href='https:\/\/linkedin.com\/shareArticle?mini=true&#038;title=UMAG%20titula%20a%2076%20nuevos%20profesionales%20en%20su%20Centro%20Universitario%20de%20Coyhaique&#038;url=https:\/\/radiorevelacionfm.cl\/?p=25260' aria-hidden='false' data-av_icon='\ue8fc' data-av_iconfont='entypo-fontello' title='' data-avia-related-tooltip='Compartir en LinkedIn' rel=\"noopener\"><span class='avia_hidden_link_text'>Compartir en LinkedIn<\/span><\/a><\/li><li class='av-share-link av-social-link-mail' ><a  aria-label=\"Compartir por correo\" href='mailto:?subject=UMAG%20titula%20a%2076%20nuevos%20profesionales%20en%20su%20Centro%20Universitario%20de%20Coyhaique&#038;body=https:\/\/radiorevelacionfm.cl\/?p=25260' aria-hidden='false' data-av_icon='\ue805' data-av_iconfont='entypo-fontello' title='' data-avia-related-tooltip='Compartir por correo'><span class='avia_hidden_link_text'>Compartir por correo<\/span><\/a><\/li><\/ul><\/div><\/div>\n<div  style='height:50px' class='hr hr-invisible   avia-builder-el-8  el_after_av_social_share  el_before_av_comments_list '><span class='hr-inner ' ><span class='hr-inner-style'><\/span><\/span><\/div>\n<div  class='av-buildercomment  av-blog-meta-html-info-disabled av-blog-meta-tag-disabled  '><\/div>\n","protected":false},"excerpt":{"rendered":"","protected":false},"author":1,"featured_media":25261,"comment_status":"open","ping_status":"open","sticky":false,"template":"","format":"standard","meta":{"footnotes":""},"categories":[49],"tags":[],"class_list":["post-25260","post","type-post","status-publish","format-standard","has-post-thumbnail","hentry","category-educacion"],"jetpack_featured_media_url":"https:\/\/radiorevelacionfm.cl\/wp-content\/uploads\/2022\/12\/Tituladas-de-Educacion-Parvularia-1-1.jpg","_links":{"self":[{"href":"https:\/\/radiorevelacionfm.cl\/index.php?rest_route=\/wp\/v2\/posts\/25260","targetHints":{"allow":["GET"]}}],"collection":[{"href":"https:\/\/radiorevelacionfm.cl\/index.php?rest_route=\/wp\/v2\/posts"}],"about":[{"href":"https:\/\/radiorevelacionfm.cl\/index.php?rest_route=\/wp\/v2\/types\/post"}],"author":[{"embeddable":true,"href":"https:\/\/radiorevelacionfm.cl\/index.php?rest_route=\/wp\/v2\/users\/1"}],"replies":[{"embeddable":true,"href":"https:\/\/radiorevelacionfm.cl\/index.php?rest_route=%2Fwp%2Fv2%2Fcomments&post=25260"}],"version-history":[{"count":2,"href":"https:\/\/radiorevelacionfm.cl\/index.php?rest_route=\/wp\/v2\/posts\/25260\/revisions"}],"predecessor-version":[{"id":25322,"href":"https:\/\/radiorevelacionfm.cl\/index.php?rest_route=\/wp\/v2\/posts\/25260\/revisions\/25322"}],"wp:featuredmedia":[{"embeddable":true,"href":"https:\/\/radiorevelacionfm.cl\/index.php?rest_route=\/wp\/v2\/media\/25261"}],"wp:attachment":[{"href":"https:\/\/radiorevelacionfm.cl\/index.php?rest_route=%2Fwp%2Fv2%2Fmedia&parent=25260"}],"wp:term":[{"taxonomy":"category","embeddable":true,"href":"https:\/\/radiorevelacionfm.cl\/index.php?rest_route=%2Fwp%2Fv2%2Fcategories&post=25260"},{"taxonomy":"post_tag","embeddable":true,"href":"https:\/\/radiorevelacionfm.cl\/index.php?rest_route=%2Fwp%2Fv2%2Ftags&post=25260"}],"curies":[{"name":"wp","href":"https:\/\/api.w.org\/{rel}","templated":true}]}}