{"id":25250,"date":"2022-12-12T15:02:53","date_gmt":"2022-12-12T18:02:53","guid":{"rendered":"https:\/\/radiorevelacionfm.cl\/?p=25250"},"modified":"2022-12-12T15:02:53","modified_gmt":"2022-12-12T18:02:53","slug":"siete-alumnos-de-la-escuela-independencia-del-centro-penitenciario-coyhaique-se-licenciaron-de-octavo-y-cuarto-medio","status":"publish","type":"post","link":"https:\/\/radiorevelacionfm.cl\/?p=25250","title":{"rendered":"Siete alumnos de la Escuela Independencia del centro penitenciario Coyhaique se licenciaron de octavo y cuarto medio"},"content":{"rendered":"<div class=\"flex_column av_one_full  flex_column_div av-zero-column-padding first  avia-builder-el-0  el_before_av_one_full  avia-builder-el-first  \" style='border-radius:0px; '><div  class='avia-image-container  av-styling-    avia-builder-el-1  avia-builder-el-no-sibling  avia-align-center '  itemprop=\"image\" itemscope=\"itemscope\" itemtype=\"https:\/\/schema.org\/ImageObject\"  ><div class='avia-image-container-inner'><div class='avia-image-overlay-wrap'><img decoding=\"async\" class='wp-image-25251 avia-img-lazy-loading-not-25251 avia_image' src=\"https:\/\/radiorevelacionfm.cl\/wp-content\/uploads\/2022\/12\/licenciatura-3-1_optimized-1.jpg\" alt='' title='licenciatura-3-(1)_optimized (1)' height=\"600\" width=\"963\"  itemprop=\"thumbnailUrl\" srcset=\"https:\/\/radiorevelacionfm.cl\/wp-content\/uploads\/2022\/12\/licenciatura-3-1_optimized-1.jpg 963w, https:\/\/radiorevelacionfm.cl\/wp-content\/uploads\/2022\/12\/licenciatura-3-1_optimized-1-300x187.jpg 300w, https:\/\/radiorevelacionfm.cl\/wp-content\/uploads\/2022\/12\/licenciatura-3-1_optimized-1-768x479.jpg 768w, https:\/\/radiorevelacionfm.cl\/wp-content\/uploads\/2022\/12\/licenciatura-3-1_optimized-1-705x439.jpg 705w, https:\/\/radiorevelacionfm.cl\/wp-content\/uploads\/2022\/12\/licenciatura-3-1_optimized-1-600x374.jpg 600w\" sizes=\"(max-width: 963px) 100vw, 963px\" \/><\/div><\/div><\/div><\/div><div class=\"flex_column av_one_full  flex_column_div av-zero-column-padding first  avia-builder-el-2  el_after_av_one_full  el_before_av_one_full  column-top-margin\" style='border-radius:0px; '><section class=\"av_textblock_section \"  itemscope=\"itemscope\" itemtype=\"https:\/\/schema.org\/BlogPosting\" itemprop=\"blogPost\" ><div class='avia_textblock  '   itemprop=\"text\" ><p style=\"text-align: center;\"><strong><span style=\"font-size: 18pt;\">Siete alumnos de la Escuela Independencia del centro penitenciario Coyhaique se licenciaron de octavo y cuarto medio<\/span><\/strong><\/p>\n<div id=\"gtx-trans\" style=\"position: absolute; left: -50px; top: 4.31534px;\">\n<div class=\"gtx-trans-icon\"><\/div>\n<\/div>\n<\/div><\/section><\/div><div class=\"flex_column av_one_full  flex_column_div av-zero-column-padding first  avia-builder-el-4  el_after_av_one_full  el_before_av_hr  column-top-margin\" style='border-radius:0px; '><section class=\"av_textblock_section \"  itemscope=\"itemscope\" itemtype=\"https:\/\/schema.org\/BlogPosting\" itemprop=\"blogPost\" ><div class='avia_textblock  '   itemprop=\"text\" ><p style=\"text-align: justify;\">La semana reci\u00e9n pasada en dependencias de la c\u00e1rcel de Coyhaique, se llev\u00f3 a cabo la ceremonia de licenciatura de la Escuela Independencia, instancia en que seis estudiantes recibieron su licencia de cuarto medio y uno de ense\u00f1anza b\u00e1sica, siendo acompa\u00f1ados por sus familiares, autoridades regionales y funcionarios de Gendarmer\u00eda.<\/p>\n<p style=\"text-align: justify;\">Uno de los alumnos licenciados de ense\u00f1anza media, se refiri\u00f3 a la oportunidad que les brinda el recinto penal para terminar sus estudios, indicando que \u201cest\u00e1 bien, porque aparte de estar privado de libertad nos dan la posibilidad de terminar cuarto medio, para seguir trabajando m\u00e1s adelante, y le dan oportunidad a otra gente que no tuvo espacio para terminar sus estudios en la calle, y ac\u00e1 nos da tiempo y espacio para poder terminar, mi familia contenta por este logro y terminamos por fin despu\u00e9s de tanto, pero ya estamos con cuarto medio listo\u201d.<\/p>\n<p style=\"text-align: justify;\">La Seremi de Educaci\u00f3n Isabel Garrido qui\u00e9n particip\u00f3 de la ceremonia indic\u00f3 que \u201ces un hito s\u00faper importante para nosotros como Ministerio de Educaci\u00f3n, porque como dec\u00eda el Seremi de Justicia y Derechos Humanos, son representantes de un proceso mucho m\u00e1s largo y de una intenci\u00f3n y voluntad que tambi\u00e9n representa el esfuerzo de sus familias, de sus profesores y profesoras, tenemos un compromiso como Gobierno de dar continuidad a las trayectorias educativas, que los estudiantes j\u00f3venes \u2013 adultos contin\u00faen con su trayectoria educativa y poder terminar con su cuarto medio, por lo tanto es muy emocionante para nosotros ver que hay estudiantes que lo lograron con esfuerzo y con todo en contra, y con profesores y profesoras que los apoyaron en eso, as\u00ed que realmente un orgullo y una alegr\u00eda\u201d.<\/p>\n<p style=\"text-align: justify;\">En tanto,\u00a0 el Seremi de Justicia y Derechos Humanos, Samuel Navarro Castro indic\u00f3 que \u201cnos parece muy significativo contribuir desde esta perspectiva entregando estudio para la reinserci\u00f3n social de aquellas personas privadas de libertad, tanto como lo hemos planteado en distintas charlas y foros, las condenas a las que ellos han sido objeto, significa la privaci\u00f3n de libertad m\u00e1s no la privaci\u00f3n de otros derechos, y en este caso el derecho a la educaci\u00f3n que est\u00e1 garantizado en la medida que ellos acceden voluntariamente a este nivel de preparaci\u00f3n, tanto en concluir sus estudios b\u00e1sicos como medios, en esta oportunidad se licenciaron seis internos de ense\u00f1anza media y un alumno de octavo b\u00e1sico del Centro de Cumplimiento Penitenciario de Coyhaique, lo que nos parece altamente significativo, por lo tanto vamos a seguir perseverando con el intersector, con la Municipalidad de Coyhaique, con el apoyo de Gendarmer\u00eda de Chile, sus funcionarios y profesionales, para avanzar en materia de reinserci\u00f3n particularmente en materia educacional, pero tambi\u00e9n en los oficios y preparaci\u00f3n para una vez cumplida su condena estas personas puedan reinsertarse nuevamente en la comunidad\u201d.<\/p>\n<p style=\"text-align: justify;\">Finalmente, la autoridad del sector destac\u00f3, adem\u00e1s la oportunidad que tuvieron 5 internos de Coyhaique y Ays\u00e9n de rendir la Prueba de Acceso a la Educaci\u00f3n Superior (PAES), siendo otra instancia que le abre nuevos caminos en el \u00e1mbito educativo, lo que en definitiva contribuye a la reinserci\u00f3n social, la seguridad ciudadana y evitar la reincidencia de los delitos.<\/p>\n<\/div><\/section><\/div><div  style='height:50px' class='hr hr-invisible   avia-builder-el-6  el_after_av_one_full  el_before_av_social_share '><span class='hr-inner ' ><span class='hr-inner-style'><\/span><\/span><\/div><\/p>\n<div  class='av-social-sharing-box  avia-builder-el-7  el_after_av_hr  el_before_av_hr  '><div class='av-share-box'><h5 class='av-share-link-description av-no-toc '>Compartir esta noticia<\/h5><ul class='av-share-box-list noLightbox'><li class='av-share-link av-social-link-facebook' ><a target=\"_blank\" aria-label=\"Compartir en Facebook\" href='https:\/\/www.facebook.com\/sharer.php?u=https:\/\/radiorevelacionfm.cl\/?p=25250&#038;t=Siete%20alumnos%20de%20la%20Escuela%20Independencia%20del%20centro%20penitenciario%20Coyhaique%20se%20licenciaron%20de%20octavo%20y%20cuarto%20medio' aria-hidden='false' data-av_icon='\ue8f3' data-av_iconfont='entypo-fontello' title='' data-avia-related-tooltip='Compartir en Facebook' rel=\"noopener\"><span class='avia_hidden_link_text'>Compartir en Facebook<\/span><\/a><\/li><li class='av-share-link av-social-link-twitter' ><a target=\"_blank\" aria-label=\"Compartir en Twitter\" href='https:\/\/twitter.com\/share?text=Siete%20alumnos%20de%20la%20Escuela%20Independencia%20del%20centro%20penitenciario%20Coyhaique%20se%20licenciaron%20de%20octavo%20y%20cuarto%20medio&#038;url=https:\/\/radiorevelacionfm.cl\/?p=25250' aria-hidden='false' data-av_icon='\ue8f1' data-av_iconfont='entypo-fontello' title='' data-avia-related-tooltip='Compartir en Twitter' rel=\"noopener\"><span class='avia_hidden_link_text'>Compartir en Twitter<\/span><\/a><\/li><li class='av-share-link av-social-link-whatsapp' ><a target=\"_blank\" aria-label=\"Compartir en Whatsapp\" href='https:\/\/api.whatsapp.com\/send?text=https:\/\/radiorevelacionfm.cl\/?p=25250' aria-hidden='false' data-av_icon='\uf232' data-av_iconfont='entypo-fontello' title='' data-avia-related-tooltip='Compartir en Whatsapp' rel=\"noopener\"><span class='avia_hidden_link_text'>Compartir en Whatsapp<\/span><\/a><\/li><li class='av-share-link av-social-link-linkedin' ><a target=\"_blank\" aria-label=\"Compartir en LinkedIn\" href='https:\/\/linkedin.com\/shareArticle?mini=true&#038;title=Siete%20alumnos%20de%20la%20Escuela%20Independencia%20del%20centro%20penitenciario%20Coyhaique%20se%20licenciaron%20de%20octavo%20y%20cuarto%20medio&#038;url=https:\/\/radiorevelacionfm.cl\/?p=25250' aria-hidden='false' data-av_icon='\ue8fc' data-av_iconfont='entypo-fontello' title='' data-avia-related-tooltip='Compartir en LinkedIn' rel=\"noopener\"><span class='avia_hidden_link_text'>Compartir en LinkedIn<\/span><\/a><\/li><li class='av-share-link av-social-link-mail' ><a  aria-label=\"Compartir por correo\" href='mailto:?subject=Siete%20alumnos%20de%20la%20Escuela%20Independencia%20del%20centro%20penitenciario%20Coyhaique%20se%20licenciaron%20de%20octavo%20y%20cuarto%20medio&#038;body=https:\/\/radiorevelacionfm.cl\/?p=25250' aria-hidden='false' data-av_icon='\ue805' data-av_iconfont='entypo-fontello' title='' data-avia-related-tooltip='Compartir por correo'><span class='avia_hidden_link_text'>Compartir por correo<\/span><\/a><\/li><\/ul><\/div><\/div>\n<div  style='height:50px' class='hr hr-invisible   avia-builder-el-8  el_after_av_social_share  el_before_av_comments_list '><span class='hr-inner ' ><span class='hr-inner-style'><\/span><\/span><\/div>\n<div  class='av-buildercomment  av-blog-meta-html-info-disabled av-blog-meta-tag-disabled  '><\/div>\n","protected":false},"excerpt":{"rendered":"","protected":false},"author":1,"featured_media":25251,"comment_status":"open","ping_status":"open","sticky":false,"template":"","format":"standard","meta":{"footnotes":""},"categories":[55],"tags":[],"class_list":["post-25250","post","type-post","status-publish","format-standard","has-post-thumbnail","hentry","category-justicia"],"jetpack_featured_media_url":"https:\/\/radiorevelacionfm.cl\/wp-content\/uploads\/2022\/12\/licenciatura-3-1_optimized-1.jpg","_links":{"self":[{"href":"https:\/\/radiorevelacionfm.cl\/index.php?rest_route=\/wp\/v2\/posts\/25250","targetHints":{"allow":["GET"]}}],"collection":[{"href":"https:\/\/radiorevelacionfm.cl\/index.php?rest_route=\/wp\/v2\/posts"}],"about":[{"href":"https:\/\/radiorevelacionfm.cl\/index.php?rest_route=\/wp\/v2\/types\/post"}],"author":[{"embeddable":true,"href":"https:\/\/radiorevelacionfm.cl\/index.php?rest_route=\/wp\/v2\/users\/1"}],"replies":[{"embeddable":true,"href":"https:\/\/radiorevelacionfm.cl\/index.php?rest_route=%2Fwp%2Fv2%2Fcomments&post=25250"}],"version-history":[{"count":2,"href":"https:\/\/radiorevelacionfm.cl\/index.php?rest_route=\/wp\/v2\/posts\/25250\/revisions"}],"predecessor-version":[{"id":25259,"href":"https:\/\/radiorevelacionfm.cl\/index.php?rest_route=\/wp\/v2\/posts\/25250\/revisions\/25259"}],"wp:featuredmedia":[{"embeddable":true,"href":"https:\/\/radiorevelacionfm.cl\/index.php?rest_route=\/wp\/v2\/media\/25251"}],"wp:attachment":[{"href":"https:\/\/radiorevelacionfm.cl\/index.php?rest_route=%2Fwp%2Fv2%2Fmedia&parent=25250"}],"wp:term":[{"taxonomy":"category","embeddable":true,"href":"https:\/\/radiorevelacionfm.cl\/index.php?rest_route=%2Fwp%2Fv2%2Fcategories&post=25250"},{"taxonomy":"post_tag","embeddable":true,"href":"https:\/\/radiorevelacionfm.cl\/index.php?rest_route=%2Fwp%2Fv2%2Ftags&post=25250"}],"curies":[{"name":"wp","href":"https:\/\/api.w.org\/{rel}","templated":true}]}}