{"id":25235,"date":"2022-12-12T12:28:08","date_gmt":"2022-12-12T15:28:08","guid":{"rendered":"https:\/\/radiorevelacionfm.cl\/?p=25235"},"modified":"2022-12-12T12:28:08","modified_gmt":"2022-12-12T15:28:08","slug":"vecinos-de-coyhaique-participaron-de-charla-sobre-irregularidades-en-la-adquisicion-de-un-bien-raiz","status":"publish","type":"post","link":"https:\/\/radiorevelacionfm.cl\/?p=25235","title":{"rendered":"Vecinos de Coyhaique participaron de charla sobre irregularidades en la adquisici\u00f3n de un bien ra\u00edz"},"content":{"rendered":"<div class=\"flex_column av_one_full  flex_column_div av-zero-column-padding first  avia-builder-el-0  el_before_av_one_full  avia-builder-el-first  \" style='border-radius:0px; '><div  class='avia-image-container  av-styling-    avia-builder-el-1  avia-builder-el-no-sibling  avia-align-center '  itemprop=\"image\" itemscope=\"itemscope\" itemtype=\"https:\/\/schema.org\/ImageObject\"  ><div class='avia-image-container-inner'><div class='avia-image-overlay-wrap'><img decoding=\"async\" class='wp-image-25239 avia-img-lazy-loading-not-25239 avia_image' src=\"https:\/\/radiorevelacionfm.cl\/wp-content\/uploads\/2022\/12\/charla-coyhaique-1-1_optimized.jpg\" alt='' title='charla-coyhaique-1-(1)_optimized' height=\"600\" width=\"1009\"  itemprop=\"thumbnailUrl\" srcset=\"https:\/\/radiorevelacionfm.cl\/wp-content\/uploads\/2022\/12\/charla-coyhaique-1-1_optimized.jpg 1009w, https:\/\/radiorevelacionfm.cl\/wp-content\/uploads\/2022\/12\/charla-coyhaique-1-1_optimized-300x178.jpg 300w, https:\/\/radiorevelacionfm.cl\/wp-content\/uploads\/2022\/12\/charla-coyhaique-1-1_optimized-768x457.jpg 768w, https:\/\/radiorevelacionfm.cl\/wp-content\/uploads\/2022\/12\/charla-coyhaique-1-1_optimized-705x419.jpg 705w, https:\/\/radiorevelacionfm.cl\/wp-content\/uploads\/2022\/12\/charla-coyhaique-1-1_optimized-600x357.jpg 600w\" sizes=\"(max-width: 1009px) 100vw, 1009px\" \/><\/div><\/div><\/div><\/div><div class=\"flex_column av_one_full  flex_column_div av-zero-column-padding first  avia-builder-el-2  el_after_av_one_full  el_before_av_one_full  column-top-margin\" style='border-radius:0px; '><section class=\"av_textblock_section \"  itemscope=\"itemscope\" itemtype=\"https:\/\/schema.org\/BlogPosting\" itemprop=\"blogPost\" ><div class='avia_textblock  '   itemprop=\"text\" ><p style=\"text-align: center;\"><span style=\"font-size: 18pt;\"><strong>Vecinos de Coyhaique participaron de charla sobre irregularidades en la adquisici\u00f3n de un bien ra\u00edz<\/strong><\/span><\/p>\n<div id=\"gtx-trans\" style=\"position: absolute; left: -50px; top: 4.31534px;\">\n<div class=\"gtx-trans-icon\"><\/div>\n<\/div>\n<\/div><\/section><\/div><\/p>\n<div class=\"flex_column av_one_full  flex_column_div av-zero-column-padding first  avia-builder-el-4  el_after_av_one_full  el_before_av_hr  column-top-margin\" style='border-radius:0px; '><section class=\"av_textblock_section \"  itemscope=\"itemscope\" itemtype=\"https:\/\/schema.org\/BlogPosting\" itemprop=\"blogPost\" ><div class='avia_textblock  '   itemprop=\"text\" ><p style=\"text-align: justify;\">Convocados por la Unidad de Regularizaciones de la Propiedad Ra\u00edz, nuevos usuarios conocieron la funci\u00f3n preventiva que desarrolla el Ministerio de Bienes Nacionales.<\/p>\n<p style=\"text-align: justify;\">Miles de personas en el pa\u00eds han recurrido al Ministerio de Bienes Nacionales para sanear situaciones de irregularidad en la posesi\u00f3n material de sus propiedades particulares, facultad otorgada a trav\u00e9s de la normativa Decreto Ley N\u00b0 2.695, de 1979, aplicada en casos en los que resulta dificultosa y de costos muy elevados su tramitaci\u00f3n. As\u00ed tambi\u00e9n y en las \u00faltimas d\u00e9cadas, muchos han buscado lucrar a trav\u00e9s de esta normativa, por ejemplo, creando loteos irregulares (que no cumplen con las normativas de urbanizaci\u00f3n y construcci\u00f3n), por ello, Bienes Nacionales tambi\u00e9n ha tomado como una responsabilidad m\u00e1s, prevenir que se sucedan estas y otras f\u00f3rmulas irregulares de adquirir una propiedad, para ello, se ha implementado un calendario anual de charlas dirigidas a la comunidad.<\/p>\n<p style=\"text-align: justify;\">Estos encuentros permiten abordar, entre otras materias, que la legislaci\u00f3n chilena nos indica que para transferir un bien ra\u00edz es necesario una escritura p\u00fablica (t\u00edtulo) y la posterior inscripci\u00f3n en el Conservador de Bienes Ra\u00edces. Fuera de este orden, se efect\u00faan otras formas de transferir un bien ra\u00edz u otras formas de posesi\u00f3n, por ejemplo: escritura de compraventa, cesi\u00f3n de derechos, promesa de venta no cumplida, herencia con antecedentes antiguos; todas ellas derivan en una \u201cposesi\u00f3n incompleta\u201d.<\/p>\n<p style=\"text-align: justify;\">En esta ocasi\u00f3n fueron usuarios de Coyhaique quienes asistieron a la \u00faltima charla de 2022, sumando en el a\u00f1o cerca de 60 participantes de las comunas de Ays\u00e9n y Cochrane. Asi tambi\u00e9n se han difundido estas materias en radios locales y medios de comunicaci\u00f3n regional. Acciones de difusi\u00f3n y di\u00e1logo que continuar\u00e1n el pr\u00f3ximo a\u00f1o buscando llegar a otras comunas de la regi\u00f3n.<\/p>\n<p style=\"text-align: justify;\"><strong>\u00bfQu\u00e9 problemas se producen al no contar con la inscripci\u00f3n de dominio del inmueble?<\/strong><\/p>\n<ul style=\"text-align: justify;\">\n<li>Disminuci\u00f3n en su valor comercial.<\/li>\n<li>Induce a transferencias imperfectas.<\/li>\n<li>Riesgo de p\u00e9rdida de la inversi\u00f3n efectuada.<\/li>\n<li>Dificultad de acceder a la red social del Estado.<\/li>\n<\/ul>\n<p style=\"text-align: justify;\"><strong>\u00a0<\/strong><strong>Beneficios de ser propietario <\/strong><strong>\u00a0<\/strong><\/p>\n<ul style=\"text-align: justify;\">\n<li>El ser propietario permite optar a diversos beneficios del estado y de entidades p\u00fablicas. En los sectores rurales a subsidio habitacional, planes de manejo forestal, cr\u00e9ditos para compra de abonos, semillas, etc. y si se trata de inmuebles urbanos, a subsidio habitacional por parte del servicio de vivienda y urbanismo, planes de mejoramientos de ampliaci\u00f3n de viviendas, pavimentos participativos, entre otros.<\/li>\n<\/ul>\n<\/div><\/section><\/div>\n<div  style='height:50px' class='hr hr-invisible   avia-builder-el-6  el_after_av_one_full  el_before_av_social_share '><span class='hr-inner ' ><span class='hr-inner-style'><\/span><\/span><\/div>\n<div  class='av-social-sharing-box  avia-builder-el-7  el_after_av_hr  el_before_av_hr  '><div class='av-share-box'><h5 class='av-share-link-description av-no-toc '>Compartir esta noticia<\/h5><ul class='av-share-box-list noLightbox'><li class='av-share-link av-social-link-facebook' ><a target=\"_blank\" aria-label=\"Compartir en Facebook\" href='https:\/\/www.facebook.com\/sharer.php?u=https:\/\/radiorevelacionfm.cl\/?p=25235&#038;t=Vecinos%20de%20Coyhaique%20participaron%20de%20charla%20sobre%20irregularidades%20en%20la%20adquisici%C3%B3n%20de%20un%20bien%20ra%C3%ADz' aria-hidden='false' data-av_icon='\ue8f3' data-av_iconfont='entypo-fontello' title='' data-avia-related-tooltip='Compartir en Facebook' rel=\"noopener\"><span class='avia_hidden_link_text'>Compartir en Facebook<\/span><\/a><\/li><li class='av-share-link av-social-link-twitter' ><a target=\"_blank\" aria-label=\"Compartir en Twitter\" href='https:\/\/twitter.com\/share?text=Vecinos%20de%20Coyhaique%20participaron%20de%20charla%20sobre%20irregularidades%20en%20la%20adquisici%C3%B3n%20de%20un%20bien%20ra%C3%ADz&#038;url=https:\/\/radiorevelacionfm.cl\/?p=25235' aria-hidden='false' data-av_icon='\ue8f1' data-av_iconfont='entypo-fontello' title='' data-avia-related-tooltip='Compartir en Twitter' rel=\"noopener\"><span class='avia_hidden_link_text'>Compartir en Twitter<\/span><\/a><\/li><li class='av-share-link av-social-link-whatsapp' ><a target=\"_blank\" aria-label=\"Compartir en Whatsapp\" href='https:\/\/api.whatsapp.com\/send?text=https:\/\/radiorevelacionfm.cl\/?p=25235' aria-hidden='false' data-av_icon='\uf232' data-av_iconfont='entypo-fontello' title='' data-avia-related-tooltip='Compartir en Whatsapp' rel=\"noopener\"><span class='avia_hidden_link_text'>Compartir en Whatsapp<\/span><\/a><\/li><li class='av-share-link av-social-link-linkedin' ><a target=\"_blank\" aria-label=\"Compartir en LinkedIn\" href='https:\/\/linkedin.com\/shareArticle?mini=true&#038;title=Vecinos%20de%20Coyhaique%20participaron%20de%20charla%20sobre%20irregularidades%20en%20la%20adquisici%C3%B3n%20de%20un%20bien%20ra%C3%ADz&#038;url=https:\/\/radiorevelacionfm.cl\/?p=25235' aria-hidden='false' data-av_icon='\ue8fc' data-av_iconfont='entypo-fontello' title='' data-avia-related-tooltip='Compartir en LinkedIn' rel=\"noopener\"><span class='avia_hidden_link_text'>Compartir en LinkedIn<\/span><\/a><\/li><li class='av-share-link av-social-link-mail' ><a  aria-label=\"Compartir por correo\" href='mailto:?subject=Vecinos%20de%20Coyhaique%20participaron%20de%20charla%20sobre%20irregularidades%20en%20la%20adquisici%C3%B3n%20de%20un%20bien%20ra%C3%ADz&#038;body=https:\/\/radiorevelacionfm.cl\/?p=25235' aria-hidden='false' data-av_icon='\ue805' data-av_iconfont='entypo-fontello' title='' data-avia-related-tooltip='Compartir por correo'><span class='avia_hidden_link_text'>Compartir por correo<\/span><\/a><\/li><\/ul><\/div><\/div>\n<div  style='height:50px' class='hr hr-invisible   avia-builder-el-8  el_after_av_social_share  el_before_av_comments_list '><span class='hr-inner ' ><span class='hr-inner-style'><\/span><\/span><\/div>\n<div  class='av-buildercomment  av-blog-meta-html-info-disabled av-blog-meta-tag-disabled  '><\/div>\n","protected":false},"excerpt":{"rendered":"","protected":false},"author":1,"featured_media":25239,"comment_status":"open","ping_status":"open","sticky":false,"template":"","format":"standard","meta":{"footnotes":""},"categories":[38],"tags":[],"class_list":["post-25235","post","type-post","status-publish","format-standard","has-post-thumbnail","hentry","category-regional"],"jetpack_featured_media_url":"https:\/\/radiorevelacionfm.cl\/wp-content\/uploads\/2022\/12\/charla-coyhaique-1-1_optimized.jpg","_links":{"self":[{"href":"https:\/\/radiorevelacionfm.cl\/index.php?rest_route=\/wp\/v2\/posts\/25235","targetHints":{"allow":["GET"]}}],"collection":[{"href":"https:\/\/radiorevelacionfm.cl\/index.php?rest_route=\/wp\/v2\/posts"}],"about":[{"href":"https:\/\/radiorevelacionfm.cl\/index.php?rest_route=\/wp\/v2\/types\/post"}],"author":[{"embeddable":true,"href":"https:\/\/radiorevelacionfm.cl\/index.php?rest_route=\/wp\/v2\/users\/1"}],"replies":[{"embeddable":true,"href":"https:\/\/radiorevelacionfm.cl\/index.php?rest_route=%2Fwp%2Fv2%2Fcomments&post=25235"}],"version-history":[{"count":3,"href":"https:\/\/radiorevelacionfm.cl\/index.php?rest_route=\/wp\/v2\/posts\/25235\/revisions"}],"predecessor-version":[{"id":25253,"href":"https:\/\/radiorevelacionfm.cl\/index.php?rest_route=\/wp\/v2\/posts\/25235\/revisions\/25253"}],"wp:featuredmedia":[{"embeddable":true,"href":"https:\/\/radiorevelacionfm.cl\/index.php?rest_route=\/wp\/v2\/media\/25239"}],"wp:attachment":[{"href":"https:\/\/radiorevelacionfm.cl\/index.php?rest_route=%2Fwp%2Fv2%2Fmedia&parent=25235"}],"wp:term":[{"taxonomy":"category","embeddable":true,"href":"https:\/\/radiorevelacionfm.cl\/index.php?rest_route=%2Fwp%2Fv2%2Fcategories&post=25235"},{"taxonomy":"post_tag","embeddable":true,"href":"https:\/\/radiorevelacionfm.cl\/index.php?rest_route=%2Fwp%2Fv2%2Ftags&post=25235"}],"curies":[{"name":"wp","href":"https:\/\/api.w.org\/{rel}","templated":true}]}}