{"id":25229,"date":"2022-12-11T21:11:46","date_gmt":"2022-12-12T00:11:46","guid":{"rendered":"https:\/\/radiorevelacionfm.cl\/?p=25229"},"modified":"2022-12-11T21:11:46","modified_gmt":"2022-12-12T00:11:46","slug":"parque-nacional-patagonia-celebra-su-4to-aniversario","status":"publish","type":"post","link":"https:\/\/radiorevelacionfm.cl\/?p=25229","title":{"rendered":"Parque Nacional Patagonia celebra su 4to aniversario"},"content":{"rendered":"<div class=\"flex_column av_one_full  flex_column_div av-zero-column-padding first  avia-builder-el-0  el_before_av_one_full  avia-builder-el-first  \" style='border-radius:0px; '><div  class='avia-image-container  av-styling-    avia-builder-el-1  avia-builder-el-no-sibling  avia-align-center '  itemprop=\"image\" itemscope=\"itemscope\" itemtype=\"https:\/\/schema.org\/ImageObject\"  ><div class='avia-image-container-inner'><div class='avia-image-overlay-wrap'><img decoding=\"async\" class='wp-image-25230 avia-img-lazy-loading-not-25230 avia_image' src=\"https:\/\/radiorevelacionfm.cl\/wp-content\/uploads\/2022\/12\/437e3ca3-324d-4020-ab23-031465362fb0-1_optimized-1.jpg\" alt='' title='437e3ca3-324d-4020-ab23-031465362fb0-(1)_optimized (1)' height=\"600\" width=\"1067\"  itemprop=\"thumbnailUrl\" srcset=\"https:\/\/radiorevelacionfm.cl\/wp-content\/uploads\/2022\/12\/437e3ca3-324d-4020-ab23-031465362fb0-1_optimized-1.jpg 1067w, https:\/\/radiorevelacionfm.cl\/wp-content\/uploads\/2022\/12\/437e3ca3-324d-4020-ab23-031465362fb0-1_optimized-1-300x169.jpg 300w, https:\/\/radiorevelacionfm.cl\/wp-content\/uploads\/2022\/12\/437e3ca3-324d-4020-ab23-031465362fb0-1_optimized-1-1030x579.jpg 1030w, https:\/\/radiorevelacionfm.cl\/wp-content\/uploads\/2022\/12\/437e3ca3-324d-4020-ab23-031465362fb0-1_optimized-1-768x432.jpg 768w, https:\/\/radiorevelacionfm.cl\/wp-content\/uploads\/2022\/12\/437e3ca3-324d-4020-ab23-031465362fb0-1_optimized-1-705x396.jpg 705w, https:\/\/radiorevelacionfm.cl\/wp-content\/uploads\/2022\/12\/437e3ca3-324d-4020-ab23-031465362fb0-1_optimized-1-600x337.jpg 600w\" sizes=\"(max-width: 1067px) 100vw, 1067px\" \/><\/div><\/div><\/div><\/div><div class=\"flex_column av_one_full  flex_column_div av-zero-column-padding first  avia-builder-el-2  el_after_av_one_full  el_before_av_one_full  column-top-margin\" style='border-radius:0px; '><section class=\"av_textblock_section \"  itemscope=\"itemscope\" itemtype=\"https:\/\/schema.org\/BlogPosting\" itemprop=\"blogPost\" ><div class='avia_textblock  '   itemprop=\"text\" ><p style=\"text-align: center;\"><span style=\"font-size: 18pt;\"><strong>Parque Nacional Patagonia celebra su 4to aniversario<\/strong><\/span><\/p>\n<div id=\"gtx-trans\" style=\"position: absolute; left: -50px; top: 4.31534px;\">\n<div class=\"gtx-trans-icon\"><\/div>\n<\/div>\n<\/div><\/section><\/div><div class=\"flex_column av_one_full  flex_column_div av-zero-column-padding first  avia-builder-el-4  el_after_av_one_full  el_before_av_hr  column-top-margin\" style='border-radius:0px; '><section class=\"av_textblock_section \"  itemscope=\"itemscope\" itemtype=\"https:\/\/schema.org\/BlogPosting\" itemprop=\"blogPost\" ><div class='avia_textblock  '   itemprop=\"text\" ><p style=\"text-align: justify;\">Esta \u00c1rea Silvestre Protegida est\u00e1 conformado por tres sectores como lo son las ex Reserva Nacional Lago Jeinimeni y Tamango, administradas por CONAF, y la ex estancia Valle Chacabuco, administrado en aquel entonces por Fundaci\u00f3n Tompkins.<\/p>\n<p style=\"text-align: justify;\">Publicado en el diario oficial con decreto de creaci\u00f3n N\u00b0 98 del 11 de diciembre de 2018 y una superficie total de 304.527,75 hect\u00e1reas nace el Parque Nacional Patagonia, el que est\u00e1 bajo la administraci\u00f3n de la Corporaci\u00f3n Nacional Forestal (CONAF) a trav\u00e9s de 2 oficinas provinciales de la instituci\u00f3n, dada su extensi\u00f3n territorial.<\/p>\n<p style=\"text-align: justify;\">Por un lado, est\u00e1 el sector Jeinimeni, que se cubre gracias al trabajo de la oficina provincial General Carrera, mientras que el sector Tamango y Chacabuco est\u00e1n en manos de la provincia de Capit\u00e1n Prat.<\/p>\n<p style=\"text-align: justify;\">El Parque Nacional alberga una diversidad de ecosistemas como bosques de lenga, estepa patag\u00f3nica, humedales, \u00e1reas de inter\u00e9s geol\u00f3gico y paleontol\u00f3gico, con abundantes restos arqueol\u00f3gicos de inter\u00e9s para el mundo cient\u00edfico. Tambi\u00e9n se puede observar una fauna muy interesante y atractiva como lo son huemules, guanacos, vizcachas, zorros, aves como la tagua, c\u00f3ndor, y otros propios de dichos ecosistemas.<\/p>\n<p style=\"text-align: justify;\">El Parque Patagonia se puede visitar de lunes a domingo, teniendo una rica red de senderos y zonas de camping para que los visitantes puedan pernoctar sin problemas dentro de las inmediaciones, para mayor informaci\u00f3n, pueden visitar la p\u00e1gina <a href=\"https:\/\/www.conaf.cl\/situacion-de-parques-nacionales\/\">https:\/\/www.conaf.cl\/situacion-de-parques-nacionales\/<\/a> adem\u00e1s de asegurar su visita registr\u00e1ndose previamente en la plataforma aspticket.cl.<\/p>\n<\/div><\/section><\/div><div  style='height:50px' class='hr hr-invisible   avia-builder-el-6  el_after_av_one_full  el_before_av_social_share '><span class='hr-inner ' ><span class='hr-inner-style'><\/span><\/span><\/div><\/p>\n<div  class='av-social-sharing-box  avia-builder-el-7  el_after_av_hr  el_before_av_hr  '><div class='av-share-box'><h5 class='av-share-link-description av-no-toc '>Compartir esta noticia<\/h5><ul class='av-share-box-list noLightbox'><li class='av-share-link av-social-link-facebook' ><a target=\"_blank\" aria-label=\"Compartir en Facebook\" href='https:\/\/www.facebook.com\/sharer.php?u=https:\/\/radiorevelacionfm.cl\/?p=25229&#038;t=Parque%20Nacional%20Patagonia%20celebra%20su%204to%20aniversario' aria-hidden='false' data-av_icon='\ue8f3' data-av_iconfont='entypo-fontello' title='' data-avia-related-tooltip='Compartir en Facebook' rel=\"noopener\"><span class='avia_hidden_link_text'>Compartir en Facebook<\/span><\/a><\/li><li class='av-share-link av-social-link-twitter' ><a target=\"_blank\" aria-label=\"Compartir en Twitter\" href='https:\/\/twitter.com\/share?text=Parque%20Nacional%20Patagonia%20celebra%20su%204to%20aniversario&#038;url=https:\/\/radiorevelacionfm.cl\/?p=25229' aria-hidden='false' data-av_icon='\ue8f1' data-av_iconfont='entypo-fontello' title='' data-avia-related-tooltip='Compartir en Twitter' rel=\"noopener\"><span class='avia_hidden_link_text'>Compartir en Twitter<\/span><\/a><\/li><li class='av-share-link av-social-link-whatsapp' ><a target=\"_blank\" aria-label=\"Compartir en Whatsapp\" href='https:\/\/api.whatsapp.com\/send?text=https:\/\/radiorevelacionfm.cl\/?p=25229' aria-hidden='false' data-av_icon='\uf232' data-av_iconfont='entypo-fontello' title='' data-avia-related-tooltip='Compartir en Whatsapp' rel=\"noopener\"><span class='avia_hidden_link_text'>Compartir en Whatsapp<\/span><\/a><\/li><li class='av-share-link av-social-link-linkedin' ><a target=\"_blank\" aria-label=\"Compartir en LinkedIn\" href='https:\/\/linkedin.com\/shareArticle?mini=true&#038;title=Parque%20Nacional%20Patagonia%20celebra%20su%204to%20aniversario&#038;url=https:\/\/radiorevelacionfm.cl\/?p=25229' aria-hidden='false' data-av_icon='\ue8fc' data-av_iconfont='entypo-fontello' title='' data-avia-related-tooltip='Compartir en LinkedIn' rel=\"noopener\"><span class='avia_hidden_link_text'>Compartir en LinkedIn<\/span><\/a><\/li><li class='av-share-link av-social-link-mail' ><a  aria-label=\"Compartir por correo\" href='mailto:?subject=Parque%20Nacional%20Patagonia%20celebra%20su%204to%20aniversario&#038;body=https:\/\/radiorevelacionfm.cl\/?p=25229' aria-hidden='false' data-av_icon='\ue805' data-av_iconfont='entypo-fontello' title='' data-avia-related-tooltip='Compartir por correo'><span class='avia_hidden_link_text'>Compartir por correo<\/span><\/a><\/li><\/ul><\/div><\/div>\n<div  style='height:50px' class='hr hr-invisible   avia-builder-el-8  el_after_av_social_share  el_before_av_comments_list '><span class='hr-inner ' ><span class='hr-inner-style'><\/span><\/span><\/div>\n<div  class='av-buildercomment  av-blog-meta-html-info-disabled av-blog-meta-tag-disabled  '><\/div>\n","protected":false},"excerpt":{"rendered":"","protected":false},"author":1,"featured_media":25230,"comment_status":"open","ping_status":"open","sticky":false,"template":"","format":"standard","meta":{"footnotes":""},"categories":[54],"tags":[],"class_list":["post-25229","post","type-post","status-publish","format-standard","has-post-thumbnail","hentry","category-turismo"],"jetpack_featured_media_url":"https:\/\/radiorevelacionfm.cl\/wp-content\/uploads\/2022\/12\/437e3ca3-324d-4020-ab23-031465362fb0-1_optimized-1.jpg","_links":{"self":[{"href":"https:\/\/radiorevelacionfm.cl\/index.php?rest_route=\/wp\/v2\/posts\/25229","targetHints":{"allow":["GET"]}}],"collection":[{"href":"https:\/\/radiorevelacionfm.cl\/index.php?rest_route=\/wp\/v2\/posts"}],"about":[{"href":"https:\/\/radiorevelacionfm.cl\/index.php?rest_route=\/wp\/v2\/types\/post"}],"author":[{"embeddable":true,"href":"https:\/\/radiorevelacionfm.cl\/index.php?rest_route=\/wp\/v2\/users\/1"}],"replies":[{"embeddable":true,"href":"https:\/\/radiorevelacionfm.cl\/index.php?rest_route=%2Fwp%2Fv2%2Fcomments&post=25229"}],"version-history":[{"count":2,"href":"https:\/\/radiorevelacionfm.cl\/index.php?rest_route=\/wp\/v2\/posts\/25229\/revisions"}],"predecessor-version":[{"id":25232,"href":"https:\/\/radiorevelacionfm.cl\/index.php?rest_route=\/wp\/v2\/posts\/25229\/revisions\/25232"}],"wp:featuredmedia":[{"embeddable":true,"href":"https:\/\/radiorevelacionfm.cl\/index.php?rest_route=\/wp\/v2\/media\/25230"}],"wp:attachment":[{"href":"https:\/\/radiorevelacionfm.cl\/index.php?rest_route=%2Fwp%2Fv2%2Fmedia&parent=25229"}],"wp:term":[{"taxonomy":"category","embeddable":true,"href":"https:\/\/radiorevelacionfm.cl\/index.php?rest_route=%2Fwp%2Fv2%2Fcategories&post=25229"},{"taxonomy":"post_tag","embeddable":true,"href":"https:\/\/radiorevelacionfm.cl\/index.php?rest_route=%2Fwp%2Fv2%2Ftags&post=25229"}],"curies":[{"name":"wp","href":"https:\/\/api.w.org\/{rel}","templated":true}]}}