{"id":25223,"date":"2022-12-12T16:36:53","date_gmt":"2022-12-12T19:36:53","guid":{"rendered":"https:\/\/radiorevelacionfm.cl\/?p=25223"},"modified":"2022-12-12T16:36:53","modified_gmt":"2022-12-12T19:36:53","slug":"aguinaldo-de-navidad-2022-beneficiara-a-alrededor-de-6-mil-pensionados-de-nuestra-region-de-aysen","status":"publish","type":"post","link":"https:\/\/radiorevelacionfm.cl\/?p=25223","title":{"rendered":"Aguinaldo de Navidad 2022 beneficiar\u00e1 a alrededor de 6 mil pensionados de nuestra Regi\u00f3n de Ays\u00e9n"},"content":{"rendered":"<div class=\"flex_column av_one_full  flex_column_div av-zero-column-padding first  avia-builder-el-0  el_before_av_one_full  avia-builder-el-first  \" style='border-radius:0px; '><div  class='avia-image-container  av-styling-    avia-builder-el-1  avia-builder-el-no-sibling  avia-align-center '  itemprop=\"image\" itemscope=\"itemscope\" itemtype=\"https:\/\/schema.org\/ImageObject\"  ><div class='avia-image-container-inner'><div class='avia-image-overlay-wrap'><img decoding=\"async\" class='wp-image-25224 avia-img-lazy-loading-not-25224 avia_image' src=\"https:\/\/radiorevelacionfm.cl\/wp-content\/uploads\/2022\/12\/grafica-prensa_aguinaldo-navidad-2022_1_optimized.12.22-1.jpg\" alt='' title='gr\u00e1fica-prensa_aguinaldo-navidad-2022_1_optimized.12.22-(1)' height=\"600\" width=\"1066\"  itemprop=\"thumbnailUrl\" srcset=\"https:\/\/radiorevelacionfm.cl\/wp-content\/uploads\/2022\/12\/grafica-prensa_aguinaldo-navidad-2022_1_optimized.12.22-1.jpg 1066w, https:\/\/radiorevelacionfm.cl\/wp-content\/uploads\/2022\/12\/grafica-prensa_aguinaldo-navidad-2022_1_optimized.12.22-1-300x169.jpg 300w, https:\/\/radiorevelacionfm.cl\/wp-content\/uploads\/2022\/12\/grafica-prensa_aguinaldo-navidad-2022_1_optimized.12.22-1-1030x580.jpg 1030w, https:\/\/radiorevelacionfm.cl\/wp-content\/uploads\/2022\/12\/grafica-prensa_aguinaldo-navidad-2022_1_optimized.12.22-1-768x432.jpg 768w, https:\/\/radiorevelacionfm.cl\/wp-content\/uploads\/2022\/12\/grafica-prensa_aguinaldo-navidad-2022_1_optimized.12.22-1-705x397.jpg 705w, https:\/\/radiorevelacionfm.cl\/wp-content\/uploads\/2022\/12\/grafica-prensa_aguinaldo-navidad-2022_1_optimized.12.22-1-600x338.jpg 600w\" sizes=\"(max-width: 1066px) 100vw, 1066px\" \/><\/div><\/div><\/div><\/div><div class=\"flex_column av_one_full  flex_column_div av-zero-column-padding first  avia-builder-el-2  el_after_av_one_full  el_before_av_one_full  column-top-margin\" style='border-radius:0px; '><section class=\"av_textblock_section \"  itemscope=\"itemscope\" itemtype=\"https:\/\/schema.org\/BlogPosting\" itemprop=\"blogPost\" ><div class='avia_textblock  '   itemprop=\"text\" ><p style=\"text-align: center;\"><strong><span style=\"font-size: 18pt;\">Aguinaldo de Navidad 2022 beneficiar\u00e1 a alrededor de 6 mil pensionados de nuestra Regi\u00f3n de Ays\u00e9n<\/span><\/strong><\/p>\n<div id=\"gtx-trans\" style=\"position: absolute; left: -50px; top: 4.31534px;\">\n<div class=\"gtx-trans-icon\"><\/div>\n<\/div>\n<\/div><\/section><\/div><div class=\"flex_column av_one_full  flex_column_div av-zero-column-padding first  avia-builder-el-4  el_after_av_one_full  el_before_av_hr  column-top-margin\" style='border-radius:0px; '><section class=\"av_textblock_section \"  itemscope=\"itemscope\" itemtype=\"https:\/\/schema.org\/BlogPosting\" itemprop=\"blogPost\" ><div class='avia_textblock  '   itemprop=\"text\" ><p style=\"text-align: justify;\"><span lang=\"ES-TRAD\">El Instituto de Previsi\u00f3n Social, IPS, informa que el Aguinaldo\u00a0<a name=\"m_-1634396388654477648__Hlk120031141\"><\/a>se entrega junto a la pensi\u00f3n de diciembre, sin necesidad de hacer ning\u00fan tr\u00e1mite.<\/span><\/p>\n<p style=\"text-align: justify;\"><span lang=\"ES\">Desde el 1 de diciembre, y hasta antes de Navidad, se pagar\u00e1 el Aguinaldo Navide\u00f1o. En esta oportunidad, el monto del\u00a0<\/span><span lang=\"ES-TRAD\">beneficio ser\u00e1 de\u00a0<b>$<\/b><\/span><b><span lang=\"ES\">25.150<i>\u00a0<\/i><\/span><\/b><b><span lang=\"ES-TRAD\">por pensionado<\/span><\/b><span lang=\"ES-TRAD\">\u00a0y se incrementar\u00e1 en\u00a0<b>$<\/b><\/span><b><span lang=\"ES\">14.209<i>\u00a0<\/i><\/span><\/b><b><span lang=\"ES-TRAD\">por cada carga familiar<\/span><\/b><span lang=\"ES-TRAD\">\u00a0acreditada al\u00a0<\/span><span lang=\"ES\">30 de noviembre<\/span><span lang=\"ES-TRAD\">\u00a0del a\u00f1o en curso.<\/span><\/p>\n<p class=\"v1MsoNormal\" style=\"text-align: justify;\"><span lang=\"ES-TRAD\">El Seremi de Trabajo y Previsi\u00f3n Social, Rodrigo D\u00edaz Cordaro, coment\u00f3 sobre este beneficio, \u00abEl Aguinaldo de Navidad es un peque\u00f1o aporte del Estado que se entrega a los pensionados y pensionadas del Instituto de Previsi\u00f3n Social, IPS, en esta importante fecha. En nuestra Regi\u00f3n de Ays\u00e9n, el Aguinaldo llegar\u00e1 a 5 mil 906 familias, y a 161 cargas, por un total regional cercano a los $151 millones. Les recordamos que no deben hacer ning\u00fan tr\u00e1mite extra, su pago es autom\u00e1tico, junto a sus pensiones y se pagar\u00e1 antes de Navidad\u00bb, mencion\u00f3 la autoridad previsional.<\/span><\/p>\n<p class=\"v1MsoNormal\" style=\"text-align: justify;\"><span lang=\"ES\">El tradicional beneficio est\u00e1 dirigido a quienes\u00a0<\/span><span lang=\"ES\">al 30 de noviembre de 2022 tengan la calidad de\u00a0<\/span><span lang=\"ES-TRAD\">pensionadas y\u00a0<\/span><span lang=\"ES\">pensionados del Instituto de Previsi\u00f3n Social (IPS), Dipreca y Capredena, del Instituto de Seguridad Laboral (ISL) y de las Mutualidades de Empleadores de la Ley de Accidentes del Trabajo (Ley N\u00b0 16.744).<\/span><\/p>\n<p class=\"v1MsoNormal\" style=\"text-align: justify;\"><span lang=\"ES\">\u00a0<\/span><span lang=\"ES\">Tambi\u00e9n tienen derecho los pensionados del Sistema de AFP, siempre que a esa fecha est\u00e9n recibiendo el\u00a0<u>beneficio\u00a0<\/u><\/span><u><span lang=\"ES\">de Pensi\u00f3n Garantizada Universal (PGU), Aporte Previsional Solidario (APS) o pensiones m\u00ednimas con Garant\u00eda Estatal.<\/span><\/u><\/p>\n<p class=\"v1MsoNormal\" style=\"text-align: justify;\"><span lang=\"ES\">El Aguinaldo de Navidad, llegar\u00e1 este a\u00f1o a\u00a0<\/span><b><span lang=\"ES-TRAD\">m\u00e1s de 2 millones 647 mil personas<\/span><\/b><span lang=\"ES-TRAD\">\u00a0en todo el pa\u00eds<\/span><span lang=\"ES\">. Y significar\u00e1 un esfuerzo fiscal\u00a0<\/span><span lang=\"ES-TRAD\">de m\u00e1s de\u00a0<b>68 mil millones de pesos<\/b><\/span><span lang=\"ES\">, incluidos los incrementos que se pagan junto al aguinaldo por concepto de cargas familiares.<\/span><\/p>\n<p class=\"v1MsoNormal\" style=\"text-align: justify;\"><span lang=\"ES\">Para m\u00e1s informaci\u00f3n est\u00e1n disponibles el sitio\u00a0<\/span><b><span lang=\"ES\"><a href=\"http:\/\/www.chileatiende.cl\/\" target=\"_blank\" rel=\"noopener noreferrer\">www.chileatiende.cl<\/a><\/span><\/b><span lang=\"ES\">, el\u00a0<\/span><b><span lang=\"ES\">Call Center 101<\/span><\/b><span lang=\"ES\">\u00a0y las redes sociales\u00a0<\/span><b><span lang=\"ES\">@ChileAtiende<\/span><\/b><span lang=\"ES\">\u00a0<\/span><span lang=\"ES\">en Facebook, Twitter e Instagram.<\/span><\/p>\n<\/div><\/section><\/div><div  style='height:50px' class='hr hr-invisible   avia-builder-el-6  el_after_av_one_full  el_before_av_social_share '><span class='hr-inner ' ><span class='hr-inner-style'><\/span><\/span><\/div><\/p>\n<div  class='av-social-sharing-box  avia-builder-el-7  el_after_av_hr  el_before_av_hr  '><div class='av-share-box'><h5 class='av-share-link-description av-no-toc '>Compartir esta noticia<\/h5><ul class='av-share-box-list noLightbox'><li class='av-share-link av-social-link-facebook' ><a target=\"_blank\" aria-label=\"Compartir en Facebook\" href='https:\/\/www.facebook.com\/sharer.php?u=https:\/\/radiorevelacionfm.cl\/?p=25223&#038;t=Aguinaldo%20de%20Navidad%202022%20beneficiar%C3%A1%20a%20alrededor%20de%206%20mil%20pensionados%20de%20nuestra%20Regi%C3%B3n%20de%20Ays%C3%A9n' aria-hidden='false' data-av_icon='\ue8f3' data-av_iconfont='entypo-fontello' title='' data-avia-related-tooltip='Compartir en Facebook' rel=\"noopener\"><span class='avia_hidden_link_text'>Compartir en Facebook<\/span><\/a><\/li><li class='av-share-link av-social-link-twitter' ><a target=\"_blank\" aria-label=\"Compartir en Twitter\" href='https:\/\/twitter.com\/share?text=Aguinaldo%20de%20Navidad%202022%20beneficiar%C3%A1%20a%20alrededor%20de%206%20mil%20pensionados%20de%20nuestra%20Regi%C3%B3n%20de%20Ays%C3%A9n&#038;url=https:\/\/radiorevelacionfm.cl\/?p=25223' aria-hidden='false' data-av_icon='\ue8f1' data-av_iconfont='entypo-fontello' title='' data-avia-related-tooltip='Compartir en Twitter' rel=\"noopener\"><span class='avia_hidden_link_text'>Compartir en Twitter<\/span><\/a><\/li><li class='av-share-link av-social-link-whatsapp' ><a target=\"_blank\" aria-label=\"Compartir en Whatsapp\" href='https:\/\/api.whatsapp.com\/send?text=https:\/\/radiorevelacionfm.cl\/?p=25223' aria-hidden='false' data-av_icon='\uf232' data-av_iconfont='entypo-fontello' title='' data-avia-related-tooltip='Compartir en Whatsapp' rel=\"noopener\"><span class='avia_hidden_link_text'>Compartir en Whatsapp<\/span><\/a><\/li><li class='av-share-link av-social-link-linkedin' ><a target=\"_blank\" aria-label=\"Compartir en LinkedIn\" href='https:\/\/linkedin.com\/shareArticle?mini=true&#038;title=Aguinaldo%20de%20Navidad%202022%20beneficiar%C3%A1%20a%20alrededor%20de%206%20mil%20pensionados%20de%20nuestra%20Regi%C3%B3n%20de%20Ays%C3%A9n&#038;url=https:\/\/radiorevelacionfm.cl\/?p=25223' aria-hidden='false' data-av_icon='\ue8fc' data-av_iconfont='entypo-fontello' title='' data-avia-related-tooltip='Compartir en LinkedIn' rel=\"noopener\"><span class='avia_hidden_link_text'>Compartir en LinkedIn<\/span><\/a><\/li><li class='av-share-link av-social-link-mail' ><a  aria-label=\"Compartir por correo\" href='mailto:?subject=Aguinaldo%20de%20Navidad%202022%20beneficiar%C3%A1%20a%20alrededor%20de%206%20mil%20pensionados%20de%20nuestra%20Regi%C3%B3n%20de%20Ays%C3%A9n&#038;body=https:\/\/radiorevelacionfm.cl\/?p=25223' aria-hidden='false' data-av_icon='\ue805' data-av_iconfont='entypo-fontello' title='' data-avia-related-tooltip='Compartir por correo'><span class='avia_hidden_link_text'>Compartir por correo<\/span><\/a><\/li><\/ul><\/div><\/div>\n<div  style='height:50px' class='hr hr-invisible   avia-builder-el-8  el_after_av_social_share  el_before_av_comments_list '><span class='hr-inner ' ><span class='hr-inner-style'><\/span><\/span><\/div>\n<div  class='av-buildercomment  av-blog-meta-html-info-disabled av-blog-meta-tag-disabled  '><\/div>\n","protected":false},"excerpt":{"rendered":"","protected":false},"author":1,"featured_media":25224,"comment_status":"open","ping_status":"open","sticky":false,"template":"","format":"standard","meta":{"footnotes":""},"categories":[38],"tags":[],"class_list":["post-25223","post","type-post","status-publish","format-standard","has-post-thumbnail","hentry","category-regional"],"jetpack_featured_media_url":"https:\/\/radiorevelacionfm.cl\/wp-content\/uploads\/2022\/12\/grafica-prensa_aguinaldo-navidad-2022_1_optimized.12.22-1.jpg","_links":{"self":[{"href":"https:\/\/radiorevelacionfm.cl\/index.php?rest_route=\/wp\/v2\/posts\/25223","targetHints":{"allow":["GET"]}}],"collection":[{"href":"https:\/\/radiorevelacionfm.cl\/index.php?rest_route=\/wp\/v2\/posts"}],"about":[{"href":"https:\/\/radiorevelacionfm.cl\/index.php?rest_route=\/wp\/v2\/types\/post"}],"author":[{"embeddable":true,"href":"https:\/\/radiorevelacionfm.cl\/index.php?rest_route=\/wp\/v2\/users\/1"}],"replies":[{"embeddable":true,"href":"https:\/\/radiorevelacionfm.cl\/index.php?rest_route=%2Fwp%2Fv2%2Fcomments&post=25223"}],"version-history":[{"count":2,"href":"https:\/\/radiorevelacionfm.cl\/index.php?rest_route=\/wp\/v2\/posts\/25223\/revisions"}],"predecessor-version":[{"id":25267,"href":"https:\/\/radiorevelacionfm.cl\/index.php?rest_route=\/wp\/v2\/posts\/25223\/revisions\/25267"}],"wp:featuredmedia":[{"embeddable":true,"href":"https:\/\/radiorevelacionfm.cl\/index.php?rest_route=\/wp\/v2\/media\/25224"}],"wp:attachment":[{"href":"https:\/\/radiorevelacionfm.cl\/index.php?rest_route=%2Fwp%2Fv2%2Fmedia&parent=25223"}],"wp:term":[{"taxonomy":"category","embeddable":true,"href":"https:\/\/radiorevelacionfm.cl\/index.php?rest_route=%2Fwp%2Fv2%2Fcategories&post=25223"},{"taxonomy":"post_tag","embeddable":true,"href":"https:\/\/radiorevelacionfm.cl\/index.php?rest_route=%2Fwp%2Fv2%2Ftags&post=25223"}],"curies":[{"name":"wp","href":"https:\/\/api.w.org\/{rel}","templated":true}]}}