{"id":2515,"date":"2021-02-10T18:20:13","date_gmt":"2021-02-10T21:20:13","guid":{"rendered":"https:\/\/radiorevelacionfm.cl\/?p=2515"},"modified":"2021-02-10T18:33:52","modified_gmt":"2021-02-10T21:33:52","slug":"ong-de-proteccion-animal-odepa-coyhaique-se-adjudica-fondos-concursables-del-programa-mascota-protegida","status":"publish","type":"post","link":"https:\/\/radiorevelacionfm.cl\/?p=2515","title":{"rendered":"ONG de protecci\u00f3n animal ODEPA Coyhaique se adjudica fondos concursables del Programa Mascota Protegida"},"content":{"rendered":"<div class=\"flex_column av_one_full  flex_column_div av-zero-column-padding first  avia-builder-el-0  el_before_av_one_full  avia-builder-el-first  \" style='border-radius:0px; '><div  class='avia-image-container  av-styling-    avia-builder-el-1  avia-builder-el-no-sibling  avia-align-center '  itemprop=\"image\" itemscope=\"itemscope\" itemtype=\"https:\/\/schema.org\/ImageObject\"  ><div class='avia-image-container-inner'><div class='avia-image-overlay-wrap'><img decoding=\"async\" class='wp-image-0 avia-img-lazy-loading-not-0 avia_image' src=\"https:\/\/radiorevelacionfm.cl\/wp-content\/uploads\/2021\/02\/mascota-protegida1.jpg\" alt='' title=''   itemprop=\"thumbnailUrl\"  \/><\/div><\/div><\/div><\/div><div class=\"flex_column av_one_full  flex_column_div av-zero-column-padding first  avia-builder-el-2  el_after_av_one_full  el_before_av_one_full  column-top-margin\" style='border-radius:0px; '><section class=\"av_textblock_section \"  itemscope=\"itemscope\" itemtype=\"https:\/\/schema.org\/BlogPosting\" itemprop=\"blogPost\" ><div class='avia_textblock  '   itemprop=\"text\" ><p style=\"text-align: center;\"><span style=\"font-size: 18pt;\"><strong>ONG de protecci\u00f3n animal ODEPA Coyhaique se adjudica fondos concursables del Programa Mascota Protegida<\/strong><\/span><\/p>\n<div id=\"gtx-trans\" style=\"position: absolute; left: -50px; top: 4.31534px;\">\n<div class=\"gtx-trans-icon\"><\/div>\n<\/div>\n<\/div><\/section><\/div><div class=\"flex_column av_one_full  flex_column_div av-zero-column-padding first  avia-builder-el-4  el_after_av_one_full  el_before_av_hr  column-top-margin\" style='border-radius:0px; '><section class=\"av_textblock_section \"  itemscope=\"itemscope\" itemtype=\"https:\/\/schema.org\/BlogPosting\" itemprop=\"blogPost\" ><div class='avia_textblock  '   itemprop=\"text\" ><p style=\"text-align: justify;\">Por medio de los Fondos Concursables, entregados a trav\u00e9s del Programa Mascota Protegida, se financiar\u00e1n 65 proyectos de 59 organizaciones sin fines de lucro que promueven el cuidado y bienestar animal.<\/p>\n<p style=\"text-align: justify;\">Esterilizaciones, centros de mantenci\u00f3n, rescate, recuperaci\u00f3n y reubicaci\u00f3n de mascotas, son algunos de los proyectos que ser\u00e1n ejecutados gracias a una nueva entrega de los Fondos Concursables de Mascota Protegida, otorgados por la Subsecretar\u00eda de Desarrollo Regional y Administrativo (Subdere), a trav\u00e9s del Programa de Tenencia Responsable de Mascotas.<\/p>\n<p style=\"text-align: justify;\">Este lunes se realiz\u00f3 por tercer a\u00f1o consecutivo la ceremonia de premiaci\u00f3n donde se reconoce a las organizaciones sin fines de lucro acreedoras de los fondos, que desde 2018 han recibido este in\u00e9dito apoyo monetario impulsado por el Gobierno del Presidente Sebasti\u00e1n Pi\u00f1era.<\/p>\n<p style=\"text-align: justify;\">En esta ocasi\u00f3n, la Subdere dispuso de $602 millones, que se dividir\u00e1n en una cartera de 65 proyectos que ser\u00e1 ejecutada por 59 ONG\u2019s de todas las regiones del pa\u00eds, con el objetivo de fomentar la tenencia responsable de mascotas y animales de compa\u00f1\u00eda.<\/p>\n<p style=\"text-align: justify;\">Entre los proyectos que ganaron fondos este a\u00f1o, destac\u00f3 la Corporaci\u00f3n Siete Vidas, que con esta nueva adjudicaci\u00f3n desarrollar\u00e1n audio cuentos musicales para promover el adecuado cuidado de los gatos en ni\u00f1os.<\/p>\n<p style=\"text-align: justify;\">Tambi\u00e9n se premi\u00f3 a la Fundaci\u00f3n Galgos Chile, de Villa Alemana (Regi\u00f3n de Valpara\u00edso), que se dedica al rescate y rehabilitaciones de perros galgos que han sido usados para carreras o caza, y con estos recursos han podido atender a m\u00e1s animales y costear su tratamiento y traslado.<\/p>\n<p style=\"text-align: justify;\">Despu\u00e9s de la Regi\u00f3n Metropolitana (19), la regi\u00f3n con m\u00e1s ONG\u2019s premiadas, fue la de Los Lagos, con ocho organizaciones repartidas entre Frutillar, Calbuco, Llanquihue, Castro, Puyehue, Ancud y Dalcahue.<\/p>\n<p style=\"text-align: justify;\">En la regi\u00f3n de Ays\u00e9n result\u00f3 un proyecto beneficiado, correspondiente a la ONG Defensa y Protecci\u00f3n Animal Coyhaique (ODEPAC).<\/p>\n<p style=\"text-align: justify;\">Durante la ceremonia, que fue realizada v\u00eda Zoom dada la contingencia producida por el Covid-19, estuvo presente subsecretaria de Desarrollo Regional, Mar\u00eda Paz Troncoso, la coordinadora nacional de Mascota Protegida, Carolina Guerrero, el veterinario y asesor del programa, Sebasti\u00e1n Jim\u00e9nez, y miembros de las directivas de las organizaciones.<\/p>\n<p style=\"text-align: justify;\">\u201cQuiero felicitar a cada una de las organizaciones por la tremenda labor que realizan a diario por el bienestar de los animales de compa\u00f1\u00eda que m\u00e1s lo necesitan\u201d, dijo la subsecretaria Troncoso, y agreg\u00f3 que \u201ccomo Subdere estamos muy orgullosos de los logros en estos tres a\u00f1os del programa, ya que hemos logrado realizar m\u00e1s de 458 mil esterilizaciones y el Registro Nacional de Mascotas presenta m\u00e1s de un mill\u00f3n y medio de perros y gatos inscritos\u201d.<\/p>\n<p style=\"text-align: justify;\">La coordinadora nacional del programa, Carolina Guerrero, se\u00f1al\u00f3 que \u201ca pesar de la pandemia logramos realizar la tercera versi\u00f3n de estos importantes fondos concursables, as\u00ed que estamos muy felices de seguir junto a ustedes en este camino y cuenten con el apoyo de todos nuestros encargados regionales para ejecutar sus proyectos\u201d.<\/p>\n<\/div><\/section><\/div><div  style='height:50px' class='hr hr-invisible   avia-builder-el-6  el_after_av_one_full  el_before_av_social_share '><span class='hr-inner ' ><span class='hr-inner-style'><\/span><\/span><\/div><\/p>\n<div  class='av-social-sharing-box  avia-builder-el-7  el_after_av_hr  el_before_av_hr  '><div class='av-share-box'><h5 class='av-share-link-description av-no-toc '>Compartir esta noticia<\/h5><ul class='av-share-box-list noLightbox'><li class='av-share-link av-social-link-facebook' ><a target=\"_blank\" aria-label=\"Compartir en Facebook\" href='https:\/\/www.facebook.com\/sharer.php?u=https:\/\/radiorevelacionfm.cl\/?p=2515&#038;t=ONG%20de%20protecci%C3%B3n%20animal%20ODEPA%20Coyhaique%20se%20adjudica%20fondos%20concursables%20del%20Programa%20Mascota%20Protegida' aria-hidden='false' data-av_icon='\ue8f3' data-av_iconfont='entypo-fontello' title='' data-avia-related-tooltip='Compartir en Facebook' rel=\"noopener\"><span class='avia_hidden_link_text'>Compartir en Facebook<\/span><\/a><\/li><li class='av-share-link av-social-link-twitter' ><a target=\"_blank\" aria-label=\"Compartir en Twitter\" href='https:\/\/twitter.com\/share?text=ONG%20de%20protecci%C3%B3n%20animal%20ODEPA%20Coyhaique%20se%20adjudica%20fondos%20concursables%20del%20Programa%20Mascota%20Protegida&#038;url=https:\/\/radiorevelacionfm.cl\/?p=2515' aria-hidden='false' data-av_icon='\ue8f1' data-av_iconfont='entypo-fontello' title='' data-avia-related-tooltip='Compartir en Twitter' rel=\"noopener\"><span class='avia_hidden_link_text'>Compartir en Twitter<\/span><\/a><\/li><li class='av-share-link av-social-link-whatsapp' ><a target=\"_blank\" aria-label=\"Compartir en Whatsapp\" href='https:\/\/api.whatsapp.com\/send?text=https:\/\/radiorevelacionfm.cl\/?p=2515' aria-hidden='false' data-av_icon='\uf232' data-av_iconfont='entypo-fontello' title='' data-avia-related-tooltip='Compartir en Whatsapp' rel=\"noopener\"><span class='avia_hidden_link_text'>Compartir en Whatsapp<\/span><\/a><\/li><li class='av-share-link av-social-link-linkedin' ><a target=\"_blank\" aria-label=\"Compartir en LinkedIn\" href='https:\/\/linkedin.com\/shareArticle?mini=true&#038;title=ONG%20de%20protecci%C3%B3n%20animal%20ODEPA%20Coyhaique%20se%20adjudica%20fondos%20concursables%20del%20Programa%20Mascota%20Protegida&#038;url=https:\/\/radiorevelacionfm.cl\/?p=2515' aria-hidden='false' data-av_icon='\ue8fc' data-av_iconfont='entypo-fontello' title='' data-avia-related-tooltip='Compartir en LinkedIn' rel=\"noopener\"><span class='avia_hidden_link_text'>Compartir en LinkedIn<\/span><\/a><\/li><li class='av-share-link av-social-link-mail' ><a  aria-label=\"Compartir por correo\" href='mailto:?subject=ONG%20de%20protecci%C3%B3n%20animal%20ODEPA%20Coyhaique%20se%20adjudica%20fondos%20concursables%20del%20Programa%20Mascota%20Protegida&#038;body=https:\/\/radiorevelacionfm.cl\/?p=2515' aria-hidden='false' data-av_icon='\ue805' data-av_iconfont='entypo-fontello' title='' data-avia-related-tooltip='Compartir por correo'><span class='avia_hidden_link_text'>Compartir por correo<\/span><\/a><\/li><\/ul><\/div><\/div>\n<div  style='height:50px' class='hr hr-invisible   avia-builder-el-8  el_after_av_social_share  el_before_av_comments_list '><span class='hr-inner ' ><span class='hr-inner-style'><\/span><\/span><\/div>\n<div  class='av-buildercomment  av-blog-meta-html-info-disabled av-blog-meta-tag-disabled  '><\/div>\n","protected":false},"excerpt":{"rendered":"","protected":false},"author":1,"featured_media":0,"comment_status":"open","ping_status":"open","sticky":false,"template":"","format":"standard","meta":{"footnotes":""},"categories":[61,38],"tags":[],"class_list":["post-2515","post","type-post","status-publish","format-standard","hentry","category-nacional","category-regional"],"jetpack_featured_media_url":"","_links":{"self":[{"href":"https:\/\/radiorevelacionfm.cl\/index.php?rest_route=\/wp\/v2\/posts\/2515","targetHints":{"allow":["GET"]}}],"collection":[{"href":"https:\/\/radiorevelacionfm.cl\/index.php?rest_route=\/wp\/v2\/posts"}],"about":[{"href":"https:\/\/radiorevelacionfm.cl\/index.php?rest_route=\/wp\/v2\/types\/post"}],"author":[{"embeddable":true,"href":"https:\/\/radiorevelacionfm.cl\/index.php?rest_route=\/wp\/v2\/users\/1"}],"replies":[{"embeddable":true,"href":"https:\/\/radiorevelacionfm.cl\/index.php?rest_route=%2Fwp%2Fv2%2Fcomments&post=2515"}],"version-history":[{"count":1,"href":"https:\/\/radiorevelacionfm.cl\/index.php?rest_route=\/wp\/v2\/posts\/2515\/revisions"}],"predecessor-version":[{"id":2517,"href":"https:\/\/radiorevelacionfm.cl\/index.php?rest_route=\/wp\/v2\/posts\/2515\/revisions\/2517"}],"wp:attachment":[{"href":"https:\/\/radiorevelacionfm.cl\/index.php?rest_route=%2Fwp%2Fv2%2Fmedia&parent=2515"}],"wp:term":[{"taxonomy":"category","embeddable":true,"href":"https:\/\/radiorevelacionfm.cl\/index.php?rest_route=%2Fwp%2Fv2%2Fcategories&post=2515"},{"taxonomy":"post_tag","embeddable":true,"href":"https:\/\/radiorevelacionfm.cl\/index.php?rest_route=%2Fwp%2Fv2%2Ftags&post=2515"}],"curies":[{"name":"wp","href":"https:\/\/api.w.org\/{rel}","templated":true}]}}