{"id":25149,"date":"2022-12-10T18:28:14","date_gmt":"2022-12-10T21:28:14","guid":{"rendered":"https:\/\/radiorevelacionfm.cl\/?p=25149"},"modified":"2022-12-10T18:28:14","modified_gmt":"2022-12-10T21:28:14","slug":"anuncian-nuevo-bus-para-la-escuela-diferencial-despertar-de-puerto-aysen","status":"publish","type":"post","link":"https:\/\/radiorevelacionfm.cl\/?p=25149","title":{"rendered":"Anuncian nuevo bus para la Escuela Diferencial Despertar de Puerto Ays\u00e9n"},"content":{"rendered":"<div class=\"flex_column av_one_full  flex_column_div av-zero-column-padding first  avia-builder-el-0  el_before_av_one_full  avia-builder-el-first  \" style='border-radius:0px; '><div  class='avia-image-container  av-styling-    avia-builder-el-1  avia-builder-el-no-sibling  avia-align-center '  itemprop=\"image\" itemscope=\"itemscope\" itemtype=\"https:\/\/schema.org\/ImageObject\"  ><div class='avia-image-container-inner'><div class='avia-image-overlay-wrap'><img decoding=\"async\" class='wp-image-25150 avia-img-lazy-loading-not-25150 avia_image' src=\"https:\/\/radiorevelacionfm.cl\/wp-content\/uploads\/2022\/12\/WhatsApp-Image-2022-12-07-at-22.20.15-1-1.jpeg\" alt='' title='WhatsApp Image 2022-12-07 at 22.20.15 (1) (1)' height=\"600\" width=\"900\"  itemprop=\"thumbnailUrl\" srcset=\"https:\/\/radiorevelacionfm.cl\/wp-content\/uploads\/2022\/12\/WhatsApp-Image-2022-12-07-at-22.20.15-1-1.jpeg 900w, https:\/\/radiorevelacionfm.cl\/wp-content\/uploads\/2022\/12\/WhatsApp-Image-2022-12-07-at-22.20.15-1-1-300x200.jpeg 300w, https:\/\/radiorevelacionfm.cl\/wp-content\/uploads\/2022\/12\/WhatsApp-Image-2022-12-07-at-22.20.15-1-1-768x512.jpeg 768w, https:\/\/radiorevelacionfm.cl\/wp-content\/uploads\/2022\/12\/WhatsApp-Image-2022-12-07-at-22.20.15-1-1-705x470.jpeg 705w, https:\/\/radiorevelacionfm.cl\/wp-content\/uploads\/2022\/12\/WhatsApp-Image-2022-12-07-at-22.20.15-1-1-600x400.jpeg 600w\" sizes=\"(max-width: 900px) 100vw, 900px\" \/><\/div><\/div><\/div><\/div><div class=\"flex_column av_one_full  flex_column_div av-zero-column-padding first  avia-builder-el-2  el_after_av_one_full  el_before_av_one_full  column-top-margin\" style='border-radius:0px; '><section class=\"av_textblock_section \"  itemscope=\"itemscope\" itemtype=\"https:\/\/schema.org\/BlogPosting\" itemprop=\"blogPost\" ><div class='avia_textblock  '   itemprop=\"text\" ><p style=\"text-align: center;\"><strong><span style=\"font-size: 18pt;\">Anuncian nuevo bus para la Escuela Diferencial Despertar de Puerto Ays\u00e9n<\/span><\/strong><\/p>\n<div id=\"gtx-trans\" style=\"position: absolute; left: -50px; top: 4.31534px;\">\n<div class=\"gtx-trans-icon\"><\/div>\n<\/div>\n<\/div><\/section><\/div><div class=\"flex_column av_one_full  flex_column_div av-zero-column-padding first  avia-builder-el-4  el_after_av_one_full  el_before_av_hr  column-top-margin\" style='border-radius:0px; '><section class=\"av_textblock_section \"  itemscope=\"itemscope\" itemtype=\"https:\/\/schema.org\/BlogPosting\" itemprop=\"blogPost\" ><div class='avia_textblock  '   itemprop=\"text\" ><p dir=\"ltr\" style=\"text-align: justify;\">Este mi\u00e9rcoles la Gobernadora Andrea Mac\u00edas Palma asisti\u00f3 a la ceremonia de egreso de cinco alumnos y alumnas de la Escuela Diferencial Despertar de Puerto Ays\u00e9n. En dicha instancia, la m\u00e1xima autoridad de la regi\u00f3n anunci\u00f3 que el establecimiento contar\u00e1 el pr\u00f3ximo a\u00f1o con un nuevo bus adaptado para las necesidades de sus estudiantes, el cual ser\u00e1 financiado por el Gobierno Regional.<\/p>\n<p dir=\"ltr\" style=\"text-align: justify;\">\u00abEstoy muy contenta por esta invitaci\u00f3n, y muy emocionada por conocer las historias de vida y de ver c\u00f3mo, a pesar de los avances que hemos tenido, todav\u00eda estamos muy al debe en materias de inclusi\u00f3n (&#8230;) Desde el Gobierno Regional y su Consejo conocemos d\u00f3nde est\u00e1n las mayores carencias, y por eso nos hemos comprometido tambi\u00e9n con el aporte de un bus para el traslado de los y las estudiantes, pero es un bus que tiene las caracter\u00edsticas necesarias para, de manera automatizada, subir sillas de ruedas y para ayudarles efectivamente\u00bb, sostuvo la Gobernadora Regional.<\/p>\n<p dir=\"ltr\" style=\"text-align: justify;\">Inform\u00f3 adem\u00e1s que dicho aporte es de alrededor de $150 millones. El veh\u00edculo que tiene en la actualidad la escuela es un bus tradicional, donde hay que subir a pulso a las y los alumnos, lo que tambi\u00e9n significa un cansancio y va en desmedro de las personas que trabajan en el establecimiento.<\/p>\n<p dir=\"ltr\" style=\"text-align: justify;\">Sobre lo anterior, una apoderada del recinto educacional, Marcela Quinan, madre de Alan Quinan, asegur\u00f3 que la Gobernadora Andrea Mac\u00edas Palma, el Gobierno Regional y su Consejo, le han entregado a la escuela y a sus estudiantes un apoyo incondicional. \u00abLe agradecemos a la Gobernadora que est\u00e9 en estos momentos con nosotros, y que haya conseguido que tengamos un bus moderno, porque hace mucha falta. Es mucho el esfuerzo que se hace con los ni\u00f1os para subir una silla de ruedas. S\u00f3lo me queda dar las gracias\u00bb, expres\u00f3.<\/p>\n<p dir=\"ltr\" style=\"text-align: justify;\">La compra de este bus se suma al proyecto de reposici\u00f3n estructural completa de la Escuela Diferencial Despertar, la cual tambi\u00e9n ser\u00e1 financiada tras la\u00a0 aprobaci\u00f3n efectuada por el Pleno del Consejo Regional, presidido por la Gobernadora Regional, y que considera un presupuesto de casi $6.000 millones, con el objetivo de que las y los estudiantes, sus familias y sus profesores, tengan un mejor espacio, c\u00f3modo y que permita que la educaci\u00f3n especial sea efectiva.<\/p>\n<p dir=\"ltr\" style=\"text-align: justify;\">\u00abFelicitamos a todos los estudiantes que hoy parten, a quienes quedan, y en definitiva a toda la comunidad educativa de la Escuela Despertar. La verdad, es que nosotros hemos tenido un trabajo bastante fuerte con ellos, para poder avanzar en lo que ser\u00e1 el nuevo colegio Despertar. Esto est\u00e1 aprobado por el Consejo Regional y esperamos poder avanzar prontamente en la ejecuci\u00f3n\u00bb, declar\u00f3 el Consejero Regional de la Provincia de Ays\u00e9n y presidente de la Comisi\u00f3n de Desarrollo Social, Cultural y Deportivo, Sergio Gonz\u00e1lez.<\/p>\n<p dir=\"ltr\" style=\"text-align: justify;\">En este contexto, tanto la Gobernadora Regional, Andrea Mac\u00edas Palma, como los Consejeros Regionales presentes en la ceremonia \u2014Sergio Gonz\u00e1lez, Marco Gillibrand y Mar\u00eda Loreta Villegas\u2014\u00a0 esperan que se apruebe el financiamiento del bus dentro de los pr\u00f3ximos meses, para que el moderno veh\u00edculo pueda estar en manos de la escuela, para ser utilizado por todas las familias, durante el segundo semestre de 2023.<\/p>\n<p dir=\"ltr\" style=\"text-align: justify;\">\u00abLa aprobaci\u00f3n de la reposici\u00f3n de la escuela fue un hito muy importante este a\u00f1o, y hoy la informaci\u00f3n que nos dio la Gobernadora de un bus que podr\u00eda llegar en julio, lo vamos a tener s\u00faper presente porque siento que es una necesidad primordial hoy en d\u00eda. As\u00ed como vamos, estamos creciendo mucho en matr\u00edculas, entonces eso tambi\u00e9n optimizar\u00eda nuestros tiempos y la estad\u00eda de los estudiantes en sus horarios de clases. Estamos muy contentos, esta es la mejor forma de cerrar este a\u00f1o escolar 2022\u00bb, concluy\u00f3 emocionada la directora del establecimiento, Claudia Retamal.<\/p>\n<\/div><\/section><\/div><div  style='height:50px' class='hr hr-invisible   avia-builder-el-6  el_after_av_one_full  el_before_av_social_share '><span class='hr-inner ' ><span class='hr-inner-style'><\/span><\/span><\/div><\/p>\n<div  class='av-social-sharing-box  avia-builder-el-7  el_after_av_hr  el_before_av_hr  '><div class='av-share-box'><h5 class='av-share-link-description av-no-toc '>Compartir esta noticia<\/h5><ul class='av-share-box-list noLightbox'><li class='av-share-link av-social-link-facebook' ><a target=\"_blank\" aria-label=\"Compartir en Facebook\" href='https:\/\/www.facebook.com\/sharer.php?u=https:\/\/radiorevelacionfm.cl\/?p=25149&#038;t=Anuncian%20nuevo%20bus%20para%20la%20Escuela%20Diferencial%20Despertar%20de%20Puerto%20Ays%C3%A9n' aria-hidden='false' data-av_icon='\ue8f3' data-av_iconfont='entypo-fontello' title='' data-avia-related-tooltip='Compartir en Facebook' rel=\"noopener\"><span class='avia_hidden_link_text'>Compartir en Facebook<\/span><\/a><\/li><li class='av-share-link av-social-link-twitter' ><a target=\"_blank\" aria-label=\"Compartir en Twitter\" href='https:\/\/twitter.com\/share?text=Anuncian%20nuevo%20bus%20para%20la%20Escuela%20Diferencial%20Despertar%20de%20Puerto%20Ays%C3%A9n&#038;url=https:\/\/radiorevelacionfm.cl\/?p=25149' aria-hidden='false' data-av_icon='\ue8f1' data-av_iconfont='entypo-fontello' title='' data-avia-related-tooltip='Compartir en Twitter' rel=\"noopener\"><span class='avia_hidden_link_text'>Compartir en Twitter<\/span><\/a><\/li><li class='av-share-link av-social-link-whatsapp' ><a target=\"_blank\" aria-label=\"Compartir en Whatsapp\" href='https:\/\/api.whatsapp.com\/send?text=https:\/\/radiorevelacionfm.cl\/?p=25149' aria-hidden='false' data-av_icon='\uf232' data-av_iconfont='entypo-fontello' title='' data-avia-related-tooltip='Compartir en Whatsapp' rel=\"noopener\"><span class='avia_hidden_link_text'>Compartir en Whatsapp<\/span><\/a><\/li><li class='av-share-link av-social-link-linkedin' ><a target=\"_blank\" aria-label=\"Compartir en LinkedIn\" href='https:\/\/linkedin.com\/shareArticle?mini=true&#038;title=Anuncian%20nuevo%20bus%20para%20la%20Escuela%20Diferencial%20Despertar%20de%20Puerto%20Ays%C3%A9n&#038;url=https:\/\/radiorevelacionfm.cl\/?p=25149' aria-hidden='false' data-av_icon='\ue8fc' data-av_iconfont='entypo-fontello' title='' data-avia-related-tooltip='Compartir en LinkedIn' rel=\"noopener\"><span class='avia_hidden_link_text'>Compartir en LinkedIn<\/span><\/a><\/li><li class='av-share-link av-social-link-mail' ><a  aria-label=\"Compartir por correo\" href='mailto:?subject=Anuncian%20nuevo%20bus%20para%20la%20Escuela%20Diferencial%20Despertar%20de%20Puerto%20Ays%C3%A9n&#038;body=https:\/\/radiorevelacionfm.cl\/?p=25149' aria-hidden='false' data-av_icon='\ue805' data-av_iconfont='entypo-fontello' title='' data-avia-related-tooltip='Compartir por correo'><span class='avia_hidden_link_text'>Compartir por correo<\/span><\/a><\/li><\/ul><\/div><\/div>\n<div  style='height:50px' class='hr hr-invisible   avia-builder-el-8  el_after_av_social_share  el_before_av_comments_list '><span class='hr-inner ' ><span class='hr-inner-style'><\/span><\/span><\/div>\n<div  class='av-buildercomment  av-blog-meta-html-info-disabled av-blog-meta-tag-disabled  '><\/div>\n","protected":false},"excerpt":{"rendered":"","protected":false},"author":1,"featured_media":25150,"comment_status":"open","ping_status":"open","sticky":false,"template":"","format":"standard","meta":{"footnotes":""},"categories":[38],"tags":[],"class_list":["post-25149","post","type-post","status-publish","format-standard","has-post-thumbnail","hentry","category-regional"],"jetpack_featured_media_url":"https:\/\/radiorevelacionfm.cl\/wp-content\/uploads\/2022\/12\/WhatsApp-Image-2022-12-07-at-22.20.15-1-1.jpeg","_links":{"self":[{"href":"https:\/\/radiorevelacionfm.cl\/index.php?rest_route=\/wp\/v2\/posts\/25149","targetHints":{"allow":["GET"]}}],"collection":[{"href":"https:\/\/radiorevelacionfm.cl\/index.php?rest_route=\/wp\/v2\/posts"}],"about":[{"href":"https:\/\/radiorevelacionfm.cl\/index.php?rest_route=\/wp\/v2\/types\/post"}],"author":[{"embeddable":true,"href":"https:\/\/radiorevelacionfm.cl\/index.php?rest_route=\/wp\/v2\/users\/1"}],"replies":[{"embeddable":true,"href":"https:\/\/radiorevelacionfm.cl\/index.php?rest_route=%2Fwp%2Fv2%2Fcomments&post=25149"}],"version-history":[{"count":2,"href":"https:\/\/radiorevelacionfm.cl\/index.php?rest_route=\/wp\/v2\/posts\/25149\/revisions"}],"predecessor-version":[{"id":25181,"href":"https:\/\/radiorevelacionfm.cl\/index.php?rest_route=\/wp\/v2\/posts\/25149\/revisions\/25181"}],"wp:featuredmedia":[{"embeddable":true,"href":"https:\/\/radiorevelacionfm.cl\/index.php?rest_route=\/wp\/v2\/media\/25150"}],"wp:attachment":[{"href":"https:\/\/radiorevelacionfm.cl\/index.php?rest_route=%2Fwp%2Fv2%2Fmedia&parent=25149"}],"wp:term":[{"taxonomy":"category","embeddable":true,"href":"https:\/\/radiorevelacionfm.cl\/index.php?rest_route=%2Fwp%2Fv2%2Fcategories&post=25149"},{"taxonomy":"post_tag","embeddable":true,"href":"https:\/\/radiorevelacionfm.cl\/index.php?rest_route=%2Fwp%2Fv2%2Ftags&post=25149"}],"curies":[{"name":"wp","href":"https:\/\/api.w.org\/{rel}","templated":true}]}}