{"id":25146,"date":"2022-12-11T15:04:22","date_gmt":"2022-12-11T18:04:22","guid":{"rendered":"https:\/\/radiorevelacionfm.cl\/?p=25146"},"modified":"2022-12-11T15:04:22","modified_gmt":"2022-12-11T18:04:22","slug":"lanzan-curso-de-construccion-carpintero-de-terminaciones-parte-del-programa-maestros-as-para-la-construccion-de-viviendas-de-calidad","status":"publish","type":"post","link":"https:\/\/radiorevelacionfm.cl\/?p=25146","title":{"rendered":"Lanzan Curso de construcci\u00f3n Carpintero de Terminaciones, parte del programa Maestros\/as para la construcci\u00f3n de viviendas de calidad"},"content":{"rendered":"<div class=\"flex_column av_one_full  flex_column_div av-zero-column-padding first  avia-builder-el-0  el_before_av_one_full  avia-builder-el-first  \" style='border-radius:0px; '><div  class='avia-image-container  av-styling-    avia-builder-el-1  avia-builder-el-no-sibling  avia-align-center '  itemprop=\"image\" itemscope=\"itemscope\" itemtype=\"https:\/\/schema.org\/ImageObject\"  ><div class='avia-image-container-inner'><div class='avia-image-overlay-wrap'><img decoding=\"async\" class='wp-image-25147 avia-img-lazy-loading-not-25147 avia_image' src=\"https:\/\/radiorevelacionfm.cl\/wp-content\/uploads\/2022\/12\/MaestrosConstructores_Coyhaique_3-1.jpg\" alt='' title='MaestrosConstructores_Coyhaique_3 (1)' height=\"609\" width=\"1069\"  itemprop=\"thumbnailUrl\" srcset=\"https:\/\/radiorevelacionfm.cl\/wp-content\/uploads\/2022\/12\/MaestrosConstructores_Coyhaique_3-1.jpg 1069w, https:\/\/radiorevelacionfm.cl\/wp-content\/uploads\/2022\/12\/MaestrosConstructores_Coyhaique_3-1-300x171.jpg 300w, https:\/\/radiorevelacionfm.cl\/wp-content\/uploads\/2022\/12\/MaestrosConstructores_Coyhaique_3-1-1030x587.jpg 1030w, https:\/\/radiorevelacionfm.cl\/wp-content\/uploads\/2022\/12\/MaestrosConstructores_Coyhaique_3-1-768x438.jpg 768w, https:\/\/radiorevelacionfm.cl\/wp-content\/uploads\/2022\/12\/MaestrosConstructores_Coyhaique_3-1-705x402.jpg 705w, https:\/\/radiorevelacionfm.cl\/wp-content\/uploads\/2022\/12\/MaestrosConstructores_Coyhaique_3-1-600x342.jpg 600w\" sizes=\"(max-width: 1069px) 100vw, 1069px\" \/><\/div><\/div><\/div><\/div><div class=\"flex_column av_one_full  flex_column_div av-zero-column-padding first  avia-builder-el-2  el_after_av_one_full  el_before_av_one_full  column-top-margin\" style='border-radius:0px; '><section class=\"av_textblock_section \"  itemscope=\"itemscope\" itemtype=\"https:\/\/schema.org\/BlogPosting\" itemprop=\"blogPost\" ><div class='avia_textblock  '   itemprop=\"text\" ><p style=\"text-align: center;\"><strong><span style=\"font-size: 18pt;\">Lanzan Curso de construcci\u00f3n Carpintero de Terminaciones, parte del programa Maestros\/as para la construcci\u00f3n de viviendas de calidad<\/span><\/strong><\/p>\n<div id=\"gtx-trans\" style=\"position: absolute; left: -50px; top: 4.31534px;\">\n<div class=\"gtx-trans-icon\"><\/div>\n<\/div>\n<\/div><\/section><\/div><div class=\"flex_column av_one_full  flex_column_div av-zero-column-padding first  avia-builder-el-4  el_after_av_one_full  el_before_av_hr  column-top-margin\" style='border-radius:0px; '><section class=\"av_textblock_section \"  itemscope=\"itemscope\" itemtype=\"https:\/\/schema.org\/BlogPosting\" itemprop=\"blogPost\" ><div class='avia_textblock  '   itemprop=\"text\" ><p style=\"text-align: justify;\">Autoridades regional realizaron un llamado a postular a las capacitaciones lideradas por el Ministerio del Trabajo y Previsi\u00f3n Social, el Ministerio de Vivienda y Urbanismo, y la C\u00e1mara Chilena de la Construcci\u00f3n, realizaron las autoridades regionales, alianza p\u00fablico-privada que ser\u00e1 ejecutada por el Servicio Nacional de Capacitaci\u00f3n y Empleo, Sence, a trav\u00e9s de capacitaci\u00f3n en oficios del \u00e1rea de construcci\u00f3n, plan que ser\u00e1 desarrollado en dos etapas, con el prop\u00f3sito que mujeres y hombres de todo Chile puedan tener mayores oportunidades de capacitarse y as\u00ed mejorar las condiciones de empleabilidad.<\/p>\n<p style=\"text-align: justify;\">El Seremi Rodrigo D\u00edaz, valor\u00f3 la articulaci\u00f3n p\u00fablico-privada, \u201cEste programa de \u201cMaestros y maestras para viviendas de calidad\u201d es una vez m\u00e1s un esfuerzo colaborativo entre el sector p\u00fablico y privado, tema que nosotros como Ministerio del Trabajo y Previsi\u00f3n Social, queremos destacar y reforzar, porque creo que esto nos permite avanzar y dar soluciones. Hoy d\u00eda son buenas noticias, para todos y todas quienes se van a integrar a este nuevo curso, y por eso es fundamental la integraci\u00f3n p\u00fablico &#8211; privada\u201d, afirm\u00f3 la autoridad laboral.<\/p>\n<p style=\"text-align: justify;\">A su vez, la titular de Vivienda y Urbanismo, Paulina Ruz, destac\u00f3 el programa macro de esta iniciativa, \u201cEn el contexto del Plan de Emergencia Habitacional, impulsado por nuestro Presidente Gabriel Boric, uno de los objetivos fundamentales es capacitar a personas que sean id\u00f3neas para la construcci\u00f3n de viviendas. Nosotros tenemos una meta nacional de poder construir durante el periodo de Gobierno 260 mil nuevas viviendas y tambi\u00e9n tenemos una meta regional y una meta comunal, y para poder cumplirlas por supuesto que necesitamos a personas que puedan estar capacitadas para la construcci\u00f3n de viviendas, entendiendo que tambi\u00e9n este es un fuerte componente reactivador econ\u00f3mico y generador de empleo\u201d.<\/p>\n<p style=\"text-align: justify;\">En este mismo sentido, Alejandra Alert, presidenta de la C\u00e1mara Chilena de la Construcci\u00f3n Coyhaique, recalc\u00f3 la importancia de la capacitaci\u00f3n y el compromiso por parte del gremio de entregar trabajo de calidad, \u201cPara nosotros es vital contar con esta alianza p\u00fablico privada que nos permita tener hoy trabajadores capacitados que sean capaces de cumplir el est\u00e1ndar y las expectativas que nosotros como empresas tenemos. Hay un compromiso muy fuerte de nosotros como C\u00e1mara Chilena de la Construcci\u00f3n de poder apoyar tambi\u00e9n la generaci\u00f3n de empleos de calidad y que as\u00ed los trabajadores tengan la tranquilidad de que se desempe\u00f1an en empresas que tienen espalda y posibilidades de seguir avanzando en la reactivaci\u00f3n econ\u00f3mica. As\u00ed que agradecer el trabajo conjunto que estamos haciendo y la disposici\u00f3n hoy de las autoridades para poder ir mejorando tambi\u00e9n en estos aspectos\u201d.<\/p>\n<p style=\"text-align: justify;\">El curso de carpintero de terminaciones es completamente gratuito y sus postulaciones son en <a href=\"http:\/\/www.sence.cl\">www.sence.cl<\/a>, as\u00ed lo coment\u00f3 el Director regional(s) de Sence, Andro Valdenegro, \u201cPrimero hacer una invitaci\u00f3n a todos los hombres y mujeres, a los ciudadanos, a la gente de Coyhaique, Puerto Ays\u00e9n y el resto de las comunas de nuestra regi\u00f3n, a participar de este programa, a inscribirse a trav\u00e9s de nuestra p\u00e1gina web www.sence.cl, donde podr\u00e1n ver los requisitos que, entre otros aspectos, considera pertenecer al menos al 80% del Registro Social de Hogares. Adem\u00e1s, este programa de capacitaci\u00f3n cuenta con un subsidio de manutenci\u00f3n, de asistencia y de cuidado de ni\u00f1os menores de seis a\u00f1os, as\u00ed que est\u00e1n las condiciones tanto para hombres como para mujeres para que puedan participar de este programa con el enfoque que ya han se\u00f1alado nuestras autoridades, como son nuestra Seremi de Vivienda y nuestro Seremi del Trabajo\u201d, detall\u00f3.<\/p>\n<p style=\"text-align: justify;\">Con respecto a algunos beneficios que incluye el curso, tal como sostuvo Valdenegro, hay un subsidio de $4.000 por d\u00eda asistido, subsidio de cuidado infantil, fijado en $5.000 por d\u00eda asistido para aquellas personas con ni\u00f1os menores de 6 a\u00f1os bajo su cuidado y un seguro contra accidentes en la capacitaci\u00f3n.<\/p>\n<p style=\"text-align: justify;\">En la actividad tambi\u00e9n particip\u00f3 la coordinadora regional de ChileValora, Valeska Valenzuela, instituci\u00f3n que certifica competencias laborales y que desde hace unas semanas tiene presencia en nuestra Regi\u00f3n de Ays\u00e9n.<\/p>\n<\/div><\/section><\/div><div  style='height:50px' class='hr hr-invisible   avia-builder-el-6  el_after_av_one_full  el_before_av_social_share '><span class='hr-inner ' ><span class='hr-inner-style'><\/span><\/span><\/div><\/p>\n<div  class='av-social-sharing-box  avia-builder-el-7  el_after_av_hr  el_before_av_hr  '><div class='av-share-box'><h5 class='av-share-link-description av-no-toc '>Compartir esta noticia<\/h5><ul class='av-share-box-list noLightbox'><li class='av-share-link av-social-link-facebook' ><a target=\"_blank\" aria-label=\"Compartir en Facebook\" href='https:\/\/www.facebook.com\/sharer.php?u=https:\/\/radiorevelacionfm.cl\/?p=25146&#038;t=Lanzan%20Curso%20de%20construcci%C3%B3n%20Carpintero%20de%20Terminaciones%2C%20parte%20del%20programa%20Maestros%2Fas%20para%20la%20construcci%C3%B3n%20de%20viviendas%20de%20calidad' aria-hidden='false' data-av_icon='\ue8f3' data-av_iconfont='entypo-fontello' title='' data-avia-related-tooltip='Compartir en Facebook' rel=\"noopener\"><span class='avia_hidden_link_text'>Compartir en Facebook<\/span><\/a><\/li><li class='av-share-link av-social-link-twitter' ><a target=\"_blank\" aria-label=\"Compartir en Twitter\" href='https:\/\/twitter.com\/share?text=Lanzan%20Curso%20de%20construcci%C3%B3n%20Carpintero%20de%20Terminaciones%2C%20parte%20del%20programa%20Maestros%2Fas%20para%20la%20construcci%C3%B3n%20de%20viviendas%20de%20calidad&#038;url=https:\/\/radiorevelacionfm.cl\/?p=25146' aria-hidden='false' data-av_icon='\ue8f1' data-av_iconfont='entypo-fontello' title='' data-avia-related-tooltip='Compartir en Twitter' rel=\"noopener\"><span class='avia_hidden_link_text'>Compartir en Twitter<\/span><\/a><\/li><li class='av-share-link av-social-link-whatsapp' ><a target=\"_blank\" aria-label=\"Compartir en Whatsapp\" href='https:\/\/api.whatsapp.com\/send?text=https:\/\/radiorevelacionfm.cl\/?p=25146' aria-hidden='false' data-av_icon='\uf232' data-av_iconfont='entypo-fontello' title='' data-avia-related-tooltip='Compartir en Whatsapp' rel=\"noopener\"><span class='avia_hidden_link_text'>Compartir en Whatsapp<\/span><\/a><\/li><li class='av-share-link av-social-link-linkedin' ><a target=\"_blank\" aria-label=\"Compartir en LinkedIn\" href='https:\/\/linkedin.com\/shareArticle?mini=true&#038;title=Lanzan%20Curso%20de%20construcci%C3%B3n%20Carpintero%20de%20Terminaciones%2C%20parte%20del%20programa%20Maestros%2Fas%20para%20la%20construcci%C3%B3n%20de%20viviendas%20de%20calidad&#038;url=https:\/\/radiorevelacionfm.cl\/?p=25146' aria-hidden='false' data-av_icon='\ue8fc' data-av_iconfont='entypo-fontello' title='' data-avia-related-tooltip='Compartir en LinkedIn' rel=\"noopener\"><span class='avia_hidden_link_text'>Compartir en LinkedIn<\/span><\/a><\/li><li class='av-share-link av-social-link-mail' ><a  aria-label=\"Compartir por correo\" href='mailto:?subject=Lanzan%20Curso%20de%20construcci%C3%B3n%20Carpintero%20de%20Terminaciones%2C%20parte%20del%20programa%20Maestros%2Fas%20para%20la%20construcci%C3%B3n%20de%20viviendas%20de%20calidad&#038;body=https:\/\/radiorevelacionfm.cl\/?p=25146' aria-hidden='false' data-av_icon='\ue805' data-av_iconfont='entypo-fontello' title='' data-avia-related-tooltip='Compartir por correo'><span class='avia_hidden_link_text'>Compartir por correo<\/span><\/a><\/li><\/ul><\/div><\/div>\n<div  style='height:50px' class='hr hr-invisible   avia-builder-el-8  el_after_av_social_share  el_before_av_comments_list '><span class='hr-inner ' ><span class='hr-inner-style'><\/span><\/span><\/div>\n<div  class='av-buildercomment  av-blog-meta-html-info-disabled av-blog-meta-tag-disabled  '><\/div>\n","protected":false},"excerpt":{"rendered":"","protected":false},"author":1,"featured_media":25147,"comment_status":"open","ping_status":"open","sticky":false,"template":"","format":"standard","meta":{"footnotes":""},"categories":[56],"tags":[],"class_list":["post-25146","post","type-post","status-publish","format-standard","has-post-thumbnail","hentry","category-trabajo"],"jetpack_featured_media_url":"https:\/\/radiorevelacionfm.cl\/wp-content\/uploads\/2022\/12\/MaestrosConstructores_Coyhaique_3-1.jpg","_links":{"self":[{"href":"https:\/\/radiorevelacionfm.cl\/index.php?rest_route=\/wp\/v2\/posts\/25146","targetHints":{"allow":["GET"]}}],"collection":[{"href":"https:\/\/radiorevelacionfm.cl\/index.php?rest_route=\/wp\/v2\/posts"}],"about":[{"href":"https:\/\/radiorevelacionfm.cl\/index.php?rest_route=\/wp\/v2\/types\/post"}],"author":[{"embeddable":true,"href":"https:\/\/radiorevelacionfm.cl\/index.php?rest_route=\/wp\/v2\/users\/1"}],"replies":[{"embeddable":true,"href":"https:\/\/radiorevelacionfm.cl\/index.php?rest_route=%2Fwp%2Fv2%2Fcomments&post=25146"}],"version-history":[{"count":2,"href":"https:\/\/radiorevelacionfm.cl\/index.php?rest_route=\/wp\/v2\/posts\/25146\/revisions"}],"predecessor-version":[{"id":25202,"href":"https:\/\/radiorevelacionfm.cl\/index.php?rest_route=\/wp\/v2\/posts\/25146\/revisions\/25202"}],"wp:featuredmedia":[{"embeddable":true,"href":"https:\/\/radiorevelacionfm.cl\/index.php?rest_route=\/wp\/v2\/media\/25147"}],"wp:attachment":[{"href":"https:\/\/radiorevelacionfm.cl\/index.php?rest_route=%2Fwp%2Fv2%2Fmedia&parent=25146"}],"wp:term":[{"taxonomy":"category","embeddable":true,"href":"https:\/\/radiorevelacionfm.cl\/index.php?rest_route=%2Fwp%2Fv2%2Fcategories&post=25146"},{"taxonomy":"post_tag","embeddable":true,"href":"https:\/\/radiorevelacionfm.cl\/index.php?rest_route=%2Fwp%2Fv2%2Ftags&post=25146"}],"curies":[{"name":"wp","href":"https:\/\/api.w.org\/{rel}","templated":true}]}}