{"id":25143,"date":"2022-12-10T20:56:46","date_gmt":"2022-12-10T23:56:46","guid":{"rendered":"https:\/\/radiorevelacionfm.cl\/?p=25143"},"modified":"2022-12-10T20:56:46","modified_gmt":"2022-12-10T23:56:46","slug":"se-realizo-ultima-plaza-de-justicia-y-derechos-humanos-del-ano-2022-en-coyhaique","status":"publish","type":"post","link":"https:\/\/radiorevelacionfm.cl\/?p=25143","title":{"rendered":"Se realiz\u00f3 \u00faltima Plaza de Justicia y Derechos Humanos del a\u00f1o 2022 en Coyhaique"},"content":{"rendered":"<div class=\"flex_column av_one_full  flex_column_div av-zero-column-padding first  avia-builder-el-0  el_before_av_one_full  avia-builder-el-first  \" style='border-radius:0px; '><div  class='avia-image-container  av-styling-    avia-builder-el-1  avia-builder-el-no-sibling  avia-align-center '  itemprop=\"image\" itemscope=\"itemscope\" itemtype=\"https:\/\/schema.org\/ImageObject\"  ><div class='avia-image-container-inner'><div class='avia-image-overlay-wrap'><img decoding=\"async\" class='wp-image-25144 avia-img-lazy-loading-not-25144 avia_image' src=\"https:\/\/radiorevelacionfm.cl\/wp-content\/uploads\/2022\/12\/plaza-4-2-1_optimized.jpg\" alt='' title='plaza-4-(2)-(1)_optimized' height=\"600\" width=\"834\"  itemprop=\"thumbnailUrl\" srcset=\"https:\/\/radiorevelacionfm.cl\/wp-content\/uploads\/2022\/12\/plaza-4-2-1_optimized.jpg 834w, https:\/\/radiorevelacionfm.cl\/wp-content\/uploads\/2022\/12\/plaza-4-2-1_optimized-300x216.jpg 300w, https:\/\/radiorevelacionfm.cl\/wp-content\/uploads\/2022\/12\/plaza-4-2-1_optimized-768x553.jpg 768w, https:\/\/radiorevelacionfm.cl\/wp-content\/uploads\/2022\/12\/plaza-4-2-1_optimized-705x507.jpg 705w, https:\/\/radiorevelacionfm.cl\/wp-content\/uploads\/2022\/12\/plaza-4-2-1_optimized-600x432.jpg 600w\" sizes=\"(max-width: 834px) 100vw, 834px\" \/><\/div><\/div><\/div><\/div><div class=\"flex_column av_one_full  flex_column_div av-zero-column-padding first  avia-builder-el-2  el_after_av_one_full  el_before_av_one_full  column-top-margin\" style='border-radius:0px; '><section class=\"av_textblock_section \"  itemscope=\"itemscope\" itemtype=\"https:\/\/schema.org\/BlogPosting\" itemprop=\"blogPost\" ><div class='avia_textblock  '   itemprop=\"text\" ><p style=\"text-align: center;\"><strong><span style=\"font-size: 18pt;\">Se realiz\u00f3 \u00faltima Plaza de Justicia y Derechos Humanos del a\u00f1o 2022 en Coyhaique<\/span><\/strong><\/p>\n<div id=\"gtx-trans\" style=\"position: absolute; left: -50px; top: 4.31534px;\">\n<div class=\"gtx-trans-icon\"><\/div>\n<\/div>\n<\/div><\/section><\/div><div class=\"flex_column av_one_full  flex_column_div av-zero-column-padding first  avia-builder-el-4  el_after_av_one_full  el_before_av_hr  column-top-margin\" style='border-radius:0px; '><section class=\"av_textblock_section \"  itemscope=\"itemscope\" itemtype=\"https:\/\/schema.org\/BlogPosting\" itemprop=\"blogPost\" ><div class='avia_textblock  '   itemprop=\"text\" ><p style=\"text-align: justify;\">Con la presencia de todos los servicios del sector Justicia se llev\u00f3 a cabo el pasado martes en inmediaciones de la Plaza de Armas de Coyhaique, la \u00faltima Plaza de Justicia y Derechos Humanos correspondiente al a\u00f1o 2022, actividad que tiene como objetivo poder ofrecer una instancia de atenci\u00f3n de los servicios p\u00fablicos a la comunidad, ya sea en distintos sectores y localidades, acerc\u00e1ndolos de esta forma a todos y todas.<\/p>\n<p style=\"text-align: justify;\">En esta ocasi\u00f3n, y como ha sido la t\u00f3nica de esta iniciativa, participan siempre el Registro Civil e Identificaci\u00f3n, la Corporaci\u00f3n de Asistencia Judicial, la Defensor\u00eda Penal P\u00fablica, Gendarmer\u00eda de Chile, Servicio M\u00e9dico Legal y el Servicio Nacional de Menores, a los que se sumaron el Servicio Nacional de Adulto Mayor, Senadis y el Servicio Nacional del Patrimonio Cultural o m\u00e1s conocido como el Bibliobus.<\/p>\n<p style=\"text-align: justify;\">El Seremi de Justicia y Derechos Humanos, Samuel Navarro Castro hizo un balance de estas actividades desarrolladas durante el presente a\u00f1o indicando que \u201cefectivamente este mes hemos concluido con nuestra \u00faltima Plaza de Justicia y Derechos Humanos planificada para el a\u00f1o 2022, y el balance ha sido positivo por la cantidad de personas que se han podido atender en distintos lugares, \u00e9sta vez la realizamos en la plaza de Coyhaique, estuvimos con distintos servicios del sector Justicia, adem\u00e1s del bibliob\u00fas, la Corporaci\u00f3n de Asistencia Judicial con el convenio Senadis y el Servicio Nacional del Adulto Mayor, estamos muy contentos que la ciudadan\u00eda pueda acercarse a estos servicios que entregan las distintas reparticiones pues nos hace estar en terreno, estar con la gente, acercar estos servicios, difundir acciones y actividades que se est\u00e1n haciendo y eso nos conecta permanentemente con la comunidad\u201d.<\/p>\n<p style=\"text-align: justify;\">Finalmente y respecto a la planificaci\u00f3n para el pr\u00f3ximo a\u00f1o respecto a esta actividad, Samuel Navarro se\u00f1al\u00f3 que \u201cseguimos en la l\u00ednea que nos ha planteado nuestro Presidente Gabriel Boric de estar en terreno, con la comunidad, con los vecinos y vecinas, escuchar sus requerimientos, sus solicitudes y atender sus demandas y necesidades, por lo que haremos el balance interno y la planificaci\u00f3n para el a\u00f1o 2023, con al menos la disposici\u00f3n de estar en las 10 comunas de la regi\u00f3n\u00a0 y haciendo este esfuerzo que no solo es econ\u00f3mico sino que tambi\u00e9n de los profesionales de los distintos servicios, pero con un objetivo y un bien superior que es estar al servicio de la gente\u201d.<\/p>\n<\/div><\/section><\/div><div  style='height:50px' class='hr hr-invisible   avia-builder-el-6  el_after_av_one_full  el_before_av_social_share '><span class='hr-inner ' ><span class='hr-inner-style'><\/span><\/span><\/div><\/p>\n<div  class='av-social-sharing-box  avia-builder-el-7  el_after_av_hr  el_before_av_hr  '><div class='av-share-box'><h5 class='av-share-link-description av-no-toc '>Compartir esta noticia<\/h5><ul class='av-share-box-list noLightbox'><li class='av-share-link av-social-link-facebook' ><a target=\"_blank\" aria-label=\"Compartir en Facebook\" href='https:\/\/www.facebook.com\/sharer.php?u=https:\/\/radiorevelacionfm.cl\/?p=25143&#038;t=Se%20realiz%C3%B3%20%C3%BAltima%20Plaza%20de%20Justicia%20y%20Derechos%20Humanos%20del%20a%C3%B1o%202022%20en%20Coyhaique' aria-hidden='false' data-av_icon='\ue8f3' data-av_iconfont='entypo-fontello' title='' data-avia-related-tooltip='Compartir en Facebook' rel=\"noopener\"><span class='avia_hidden_link_text'>Compartir en Facebook<\/span><\/a><\/li><li class='av-share-link av-social-link-twitter' ><a target=\"_blank\" aria-label=\"Compartir en Twitter\" href='https:\/\/twitter.com\/share?text=Se%20realiz%C3%B3%20%C3%BAltima%20Plaza%20de%20Justicia%20y%20Derechos%20Humanos%20del%20a%C3%B1o%202022%20en%20Coyhaique&#038;url=https:\/\/radiorevelacionfm.cl\/?p=25143' aria-hidden='false' data-av_icon='\ue8f1' data-av_iconfont='entypo-fontello' title='' data-avia-related-tooltip='Compartir en Twitter' rel=\"noopener\"><span class='avia_hidden_link_text'>Compartir en Twitter<\/span><\/a><\/li><li class='av-share-link av-social-link-whatsapp' ><a target=\"_blank\" aria-label=\"Compartir en Whatsapp\" href='https:\/\/api.whatsapp.com\/send?text=https:\/\/radiorevelacionfm.cl\/?p=25143' aria-hidden='false' data-av_icon='\uf232' data-av_iconfont='entypo-fontello' title='' data-avia-related-tooltip='Compartir en Whatsapp' rel=\"noopener\"><span class='avia_hidden_link_text'>Compartir en Whatsapp<\/span><\/a><\/li><li class='av-share-link av-social-link-linkedin' ><a target=\"_blank\" aria-label=\"Compartir en LinkedIn\" href='https:\/\/linkedin.com\/shareArticle?mini=true&#038;title=Se%20realiz%C3%B3%20%C3%BAltima%20Plaza%20de%20Justicia%20y%20Derechos%20Humanos%20del%20a%C3%B1o%202022%20en%20Coyhaique&#038;url=https:\/\/radiorevelacionfm.cl\/?p=25143' aria-hidden='false' data-av_icon='\ue8fc' data-av_iconfont='entypo-fontello' title='' data-avia-related-tooltip='Compartir en LinkedIn' rel=\"noopener\"><span class='avia_hidden_link_text'>Compartir en LinkedIn<\/span><\/a><\/li><li class='av-share-link av-social-link-mail' ><a  aria-label=\"Compartir por correo\" href='mailto:?subject=Se%20realiz%C3%B3%20%C3%BAltima%20Plaza%20de%20Justicia%20y%20Derechos%20Humanos%20del%20a%C3%B1o%202022%20en%20Coyhaique&#038;body=https:\/\/radiorevelacionfm.cl\/?p=25143' aria-hidden='false' data-av_icon='\ue805' data-av_iconfont='entypo-fontello' title='' data-avia-related-tooltip='Compartir por correo'><span class='avia_hidden_link_text'>Compartir por correo<\/span><\/a><\/li><\/ul><\/div><\/div>\n<div  style='height:50px' class='hr hr-invisible   avia-builder-el-8  el_after_av_social_share  el_before_av_comments_list '><span class='hr-inner ' ><span class='hr-inner-style'><\/span><\/span><\/div>\n<div  class='av-buildercomment  av-blog-meta-html-info-disabled av-blog-meta-tag-disabled  '><\/div>\n","protected":false},"excerpt":{"rendered":"","protected":false},"author":1,"featured_media":25144,"comment_status":"open","ping_status":"open","sticky":false,"template":"","format":"standard","meta":{"footnotes":""},"categories":[55],"tags":[],"class_list":["post-25143","post","type-post","status-publish","format-standard","has-post-thumbnail","hentry","category-justicia"],"jetpack_featured_media_url":"https:\/\/radiorevelacionfm.cl\/wp-content\/uploads\/2022\/12\/plaza-4-2-1_optimized.jpg","_links":{"self":[{"href":"https:\/\/radiorevelacionfm.cl\/index.php?rest_route=\/wp\/v2\/posts\/25143","targetHints":{"allow":["GET"]}}],"collection":[{"href":"https:\/\/radiorevelacionfm.cl\/index.php?rest_route=\/wp\/v2\/posts"}],"about":[{"href":"https:\/\/radiorevelacionfm.cl\/index.php?rest_route=\/wp\/v2\/types\/post"}],"author":[{"embeddable":true,"href":"https:\/\/radiorevelacionfm.cl\/index.php?rest_route=\/wp\/v2\/users\/1"}],"replies":[{"embeddable":true,"href":"https:\/\/radiorevelacionfm.cl\/index.php?rest_route=%2Fwp%2Fv2%2Fcomments&post=25143"}],"version-history":[{"count":2,"href":"https:\/\/radiorevelacionfm.cl\/index.php?rest_route=\/wp\/v2\/posts\/25143\/revisions"}],"predecessor-version":[{"id":25184,"href":"https:\/\/radiorevelacionfm.cl\/index.php?rest_route=\/wp\/v2\/posts\/25143\/revisions\/25184"}],"wp:featuredmedia":[{"embeddable":true,"href":"https:\/\/radiorevelacionfm.cl\/index.php?rest_route=\/wp\/v2\/media\/25144"}],"wp:attachment":[{"href":"https:\/\/radiorevelacionfm.cl\/index.php?rest_route=%2Fwp%2Fv2%2Fmedia&parent=25143"}],"wp:term":[{"taxonomy":"category","embeddable":true,"href":"https:\/\/radiorevelacionfm.cl\/index.php?rest_route=%2Fwp%2Fv2%2Fcategories&post=25143"},{"taxonomy":"post_tag","embeddable":true,"href":"https:\/\/radiorevelacionfm.cl\/index.php?rest_route=%2Fwp%2Fv2%2Ftags&post=25143"}],"curies":[{"name":"wp","href":"https:\/\/api.w.org\/{rel}","templated":true}]}}