{"id":25130,"date":"2022-12-09T20:53:36","date_gmt":"2022-12-09T23:53:36","guid":{"rendered":"https:\/\/radiorevelacionfm.cl\/?p=25130"},"modified":"2022-12-09T20:53:36","modified_gmt":"2022-12-09T23:53:36","slug":"encuentro-lo-que-une-el-chelenko-dio-paso-a-la-creacion-y-democratizacion-de-las-artes-en-chile-chico","status":"publish","type":"post","link":"https:\/\/radiorevelacionfm.cl\/?p=25130","title":{"rendered":"Encuentro \u201cLo que une el Chelenko\u201d dio paso a la creaci\u00f3n y democratizaci\u00f3n de las artes en Chile Chico"},"content":{"rendered":"<div class=\"flex_column av_one_full  flex_column_div av-zero-column-padding first  avia-builder-el-0  el_before_av_one_full  avia-builder-el-first  \" style='border-radius:0px; '><div  class='avia-image-container  av-styling-    avia-builder-el-1  avia-builder-el-no-sibling  avia-align-center '  itemprop=\"image\" itemscope=\"itemscope\" itemtype=\"https:\/\/schema.org\/ImageObject\"  ><div class='avia-image-container-inner'><div class='avia-image-overlay-wrap'><img decoding=\"async\" class='wp-image-25131 avia-img-lazy-loading-not-25131 avia_image' src=\"https:\/\/radiorevelacionfm.cl\/wp-content\/uploads\/2022\/12\/lo-que-une-el-chelenko-artesanas-1-1_optimized.jpg\" alt='' title='lo-que-une-el-chelenko---artesanas-1-(1)_optimized' height=\"600\" width=\"899\"  itemprop=\"thumbnailUrl\" srcset=\"https:\/\/radiorevelacionfm.cl\/wp-content\/uploads\/2022\/12\/lo-que-une-el-chelenko-artesanas-1-1_optimized.jpg 899w, https:\/\/radiorevelacionfm.cl\/wp-content\/uploads\/2022\/12\/lo-que-une-el-chelenko-artesanas-1-1_optimized-300x200.jpg 300w, https:\/\/radiorevelacionfm.cl\/wp-content\/uploads\/2022\/12\/lo-que-une-el-chelenko-artesanas-1-1_optimized-768x513.jpg 768w, https:\/\/radiorevelacionfm.cl\/wp-content\/uploads\/2022\/12\/lo-que-une-el-chelenko-artesanas-1-1_optimized-705x471.jpg 705w, https:\/\/radiorevelacionfm.cl\/wp-content\/uploads\/2022\/12\/lo-que-une-el-chelenko-artesanas-1-1_optimized-600x400.jpg 600w\" sizes=\"(max-width: 899px) 100vw, 899px\" \/><\/div><\/div><\/div><\/div><div class=\"flex_column av_one_full  flex_column_div av-zero-column-padding first  avia-builder-el-2  el_after_av_one_full  el_before_av_one_full  column-top-margin\" style='border-radius:0px; '><section class=\"av_textblock_section \"  itemscope=\"itemscope\" itemtype=\"https:\/\/schema.org\/BlogPosting\" itemprop=\"blogPost\" ><div class='avia_textblock  '   itemprop=\"text\" ><p style=\"text-align: center;\"><span style=\"font-size: 18pt;\"><b>Encuentro \u201cLo que une el Chelenko\u201d dio paso a la creaci\u00f3n y democratizaci\u00f3n de las artes en Chile Chico<\/b><\/span><\/p>\n<div id=\"gtx-trans\" style=\"position: absolute; left: -50px; top: 4.31534px;\">\n<div class=\"gtx-trans-icon\"><\/div>\n<\/div>\n<\/div><\/section><\/div><div class=\"flex_column av_one_full  flex_column_div av-zero-column-padding first  avia-builder-el-4  el_after_av_one_full  el_before_av_hr  column-top-margin\" style='border-radius:0px; '><section class=\"av_textblock_section \"  itemscope=\"itemscope\" itemtype=\"https:\/\/schema.org\/BlogPosting\" itemprop=\"blogPost\" ><div class='avia_textblock  '   itemprop=\"text\" ><p style=\"text-align: justify;\">Luego de dos a\u00f1os de pandemia, familias de la comuna pudieron intercambiar experiencias en torno a las artes, la gastronom\u00eda y las tradiciones chilechiquenses en un espacio abierto a la ciudadan\u00eda.<\/p>\n<p style=\"text-align: justify;\">Exponentes vinculados a una amplia gama de lenguajes art\u00edsticos se dieron cita en el Gimnasio Municipal de Chile Chico para compartir en el encuentro \u201cLo que une el Chelenko\u201d. La intensa jornada cont\u00f3 con muestras de artesan\u00edas, fotograf\u00edas, gastronom\u00eda y m\u00fasica en vivo, bajo la premisa de descentralizaci\u00f3n a cargo de embajadores comunales.<\/p>\n<p style=\"text-align: justify;\">Con el financiamiento de la Seremi de Culturas Ays\u00e9n, a trav\u00e9s del Programa Fortalecimiento de la Identidad Cultural Regional (FICR), y el patrocinio de la Municipalidad de Chile Chico, colectivos art\u00edsticos alineados a la Agrupaci\u00f3n Los Caiquenes del Lago, reactivaron los espacios p\u00fablicos gracias a una completa parrilla program\u00e1tica marcada por la participaci\u00f3n de cultores y moradores.<\/p>\n<p style=\"text-align: justify;\">Al respecto, la autoridad de la cartera cultural en Ays\u00e9n, Felipe Quiroz, resumi\u00f3 la asociatividad que permite estas instancias: \u201c<b>&#8216;<\/b>Lo que une el Chelenko<b>&#8216;<\/b>\u00a0ejemplifica el inter\u00e9s y tambi\u00e9n el motivo que re\u00fane a las mesas de Organizaciones Culturales Comunitarias (OCC) para levantar un proyecto colectivo, en el cual puedan reunirse distintos creadores y agentes culturales del territorio. La asociatividad es clave para superar aquellas investiduras que dej\u00f3 la pandemia y nuestras energ\u00edas est\u00e1n orientadas a ello, a reactivar el sector a trav\u00e9s de este tipo de iniciativas\u201d.<\/p>\n<p style=\"text-align: justify;\">La presidenta de la Agrupaci\u00f3n Artesanas y Productores Chile Chico, Corina Ainol, apunt\u00f3 a las metas del proyecto. El objetivo era \u201chacer un encuentro consensuado entre todas las OCC que visibilizara a Chile Chico, esto por diversas razones, una es que en much\u00edsimas ocasiones en actos oficiales o presentaciones no se valora al artista local\u201d.<\/p>\n<p style=\"text-align: justify;\">En esa l\u00ednea, la actividad congreg\u00f3 a exponentes de distintos g\u00e9neros musicales, adem\u00e1s de agrupaciones vinculadas a la danza y artes esc\u00e9nicas, entre las que estaba el Colectivo de Teatro de Mujeres Ayekan Austral. \u201cSi bien trabajamos teatro, en esta oportunidad no quisimos presentar una obra como tal, sino que nos apegamos un poco m\u00e1s al formato performance, pues permite incorporar otros elementos\u201d, manifest\u00f3 Fernanda Alvarado, integrante del grupo, tras rescatar la importancia de una cultura viva.<\/p>\n<p style=\"text-align: justify;\">En tanto, quienes disfrutaron de los n\u00fameros art\u00edsticos destacaron el intercambio de saberes. \u201cEncuentro que estos espacios en un lugar tan aislado como es Chile Chico son superrelevantes porque por lo general a la comunidad la convoca el deporte, pero tambi\u00e9n las expresiones art\u00edsticas en su globalidad. Es algo que uno valora mucho, que la poblaci\u00f3n pueda participar en estas instancias, porque vamos haciendo comunidad dentro de lo que es el arte\u201d, sostuvo Nicol Parra.<\/p>\n<p style=\"text-align: justify;\">\u00c1lvaro Sanhueza particip\u00f3 como p\u00fablico y puso \u00e9nfasis en la apertura de espacios para el primer n\u00facleo social: \u201cMe parece una muy buena iniciativa que permite que las familias tengan un panorama cultural interesante con lo que se hace, los artistas de ac\u00e1 tienen la oportunidad de exponer sus obras, su trabajo, eso que los hace vibrar internamente\u201d.<\/p>\n<p style=\"text-align: justify;\">Cabe destacar que el encuentro fue posible gracias al trabajo asociativo de las agrupaciones culturales y sociales Los Cristalinos, Los Caiquenes del Lago, Artesanas Chile Chico, Arte Chelenko Puerto Guadal, Artesanas Mall\u00edn Grande, Artesanos y Artistas de Puerto Bertrand, Ceramistas de la Patagonia, Urdimbre Cultural, Artesanas y Productores Chile Chico, Escuela con la Naturaleza, Colectivo Fot\u00f3grafos Chile Chico y Asociaci\u00f3n Ind\u00edgena Antu \u00f1i Futum.<\/p>\n<p style=\"text-align: justify;\"><b>\u00a0<\/b><\/p>\n<\/div><\/section><\/div><div  style='height:50px' class='hr hr-invisible   avia-builder-el-6  el_after_av_one_full  el_before_av_social_share '><span class='hr-inner ' ><span class='hr-inner-style'><\/span><\/span><\/div><\/p>\n<div  class='av-social-sharing-box  avia-builder-el-7  el_after_av_hr  el_before_av_hr  '><div class='av-share-box'><h5 class='av-share-link-description av-no-toc '>Compartir esta noticia<\/h5><ul class='av-share-box-list noLightbox'><li class='av-share-link av-social-link-facebook' ><a target=\"_blank\" aria-label=\"Compartir en Facebook\" href='https:\/\/www.facebook.com\/sharer.php?u=https:\/\/radiorevelacionfm.cl\/?p=25130&#038;t=Encuentro%20%E2%80%9CLo%20que%20une%20el%20Chelenko%E2%80%9D%20dio%20paso%20a%20la%20creaci%C3%B3n%20y%20democratizaci%C3%B3n%20de%20las%20artes%20en%20Chile%20Chico' aria-hidden='false' data-av_icon='\ue8f3' data-av_iconfont='entypo-fontello' title='' data-avia-related-tooltip='Compartir en Facebook' rel=\"noopener\"><span class='avia_hidden_link_text'>Compartir en Facebook<\/span><\/a><\/li><li class='av-share-link av-social-link-twitter' ><a target=\"_blank\" aria-label=\"Compartir en Twitter\" href='https:\/\/twitter.com\/share?text=Encuentro%20%E2%80%9CLo%20que%20une%20el%20Chelenko%E2%80%9D%20dio%20paso%20a%20la%20creaci%C3%B3n%20y%20democratizaci%C3%B3n%20de%20las%20artes%20en%20Chile%20Chico&#038;url=https:\/\/radiorevelacionfm.cl\/?p=25130' aria-hidden='false' data-av_icon='\ue8f1' data-av_iconfont='entypo-fontello' title='' data-avia-related-tooltip='Compartir en Twitter' rel=\"noopener\"><span class='avia_hidden_link_text'>Compartir en Twitter<\/span><\/a><\/li><li class='av-share-link av-social-link-whatsapp' ><a target=\"_blank\" aria-label=\"Compartir en Whatsapp\" href='https:\/\/api.whatsapp.com\/send?text=https:\/\/radiorevelacionfm.cl\/?p=25130' aria-hidden='false' data-av_icon='\uf232' data-av_iconfont='entypo-fontello' title='' data-avia-related-tooltip='Compartir en Whatsapp' rel=\"noopener\"><span class='avia_hidden_link_text'>Compartir en Whatsapp<\/span><\/a><\/li><li class='av-share-link av-social-link-linkedin' ><a target=\"_blank\" aria-label=\"Compartir en LinkedIn\" href='https:\/\/linkedin.com\/shareArticle?mini=true&#038;title=Encuentro%20%E2%80%9CLo%20que%20une%20el%20Chelenko%E2%80%9D%20dio%20paso%20a%20la%20creaci%C3%B3n%20y%20democratizaci%C3%B3n%20de%20las%20artes%20en%20Chile%20Chico&#038;url=https:\/\/radiorevelacionfm.cl\/?p=25130' aria-hidden='false' data-av_icon='\ue8fc' data-av_iconfont='entypo-fontello' title='' data-avia-related-tooltip='Compartir en LinkedIn' rel=\"noopener\"><span class='avia_hidden_link_text'>Compartir en LinkedIn<\/span><\/a><\/li><li class='av-share-link av-social-link-mail' ><a  aria-label=\"Compartir por correo\" href='mailto:?subject=Encuentro%20%E2%80%9CLo%20que%20une%20el%20Chelenko%E2%80%9D%20dio%20paso%20a%20la%20creaci%C3%B3n%20y%20democratizaci%C3%B3n%20de%20las%20artes%20en%20Chile%20Chico&#038;body=https:\/\/radiorevelacionfm.cl\/?p=25130' aria-hidden='false' data-av_icon='\ue805' data-av_iconfont='entypo-fontello' title='' data-avia-related-tooltip='Compartir por correo'><span class='avia_hidden_link_text'>Compartir por correo<\/span><\/a><\/li><\/ul><\/div><\/div>\n<div  style='height:50px' class='hr hr-invisible   avia-builder-el-8  el_after_av_social_share  el_before_av_comments_list '><span class='hr-inner ' ><span class='hr-inner-style'><\/span><\/span><\/div>\n<div  class='av-buildercomment  av-blog-meta-html-info-disabled av-blog-meta-tag-disabled  '><\/div>\n","protected":false},"excerpt":{"rendered":"","protected":false},"author":1,"featured_media":25131,"comment_status":"open","ping_status":"open","sticky":false,"template":"","format":"standard","meta":{"footnotes":""},"categories":[52],"tags":[],"class_list":["post-25130","post","type-post","status-publish","format-standard","has-post-thumbnail","hentry","category-cultura"],"jetpack_featured_media_url":"https:\/\/radiorevelacionfm.cl\/wp-content\/uploads\/2022\/12\/lo-que-une-el-chelenko-artesanas-1-1_optimized.jpg","_links":{"self":[{"href":"https:\/\/radiorevelacionfm.cl\/index.php?rest_route=\/wp\/v2\/posts\/25130","targetHints":{"allow":["GET"]}}],"collection":[{"href":"https:\/\/radiorevelacionfm.cl\/index.php?rest_route=\/wp\/v2\/posts"}],"about":[{"href":"https:\/\/radiorevelacionfm.cl\/index.php?rest_route=\/wp\/v2\/types\/post"}],"author":[{"embeddable":true,"href":"https:\/\/radiorevelacionfm.cl\/index.php?rest_route=\/wp\/v2\/users\/1"}],"replies":[{"embeddable":true,"href":"https:\/\/radiorevelacionfm.cl\/index.php?rest_route=%2Fwp%2Fv2%2Fcomments&post=25130"}],"version-history":[{"count":2,"href":"https:\/\/radiorevelacionfm.cl\/index.php?rest_route=\/wp\/v2\/posts\/25130\/revisions"}],"predecessor-version":[{"id":25175,"href":"https:\/\/radiorevelacionfm.cl\/index.php?rest_route=\/wp\/v2\/posts\/25130\/revisions\/25175"}],"wp:featuredmedia":[{"embeddable":true,"href":"https:\/\/radiorevelacionfm.cl\/index.php?rest_route=\/wp\/v2\/media\/25131"}],"wp:attachment":[{"href":"https:\/\/radiorevelacionfm.cl\/index.php?rest_route=%2Fwp%2Fv2%2Fmedia&parent=25130"}],"wp:term":[{"taxonomy":"category","embeddable":true,"href":"https:\/\/radiorevelacionfm.cl\/index.php?rest_route=%2Fwp%2Fv2%2Fcategories&post=25130"},{"taxonomy":"post_tag","embeddable":true,"href":"https:\/\/radiorevelacionfm.cl\/index.php?rest_route=%2Fwp%2Fv2%2Ftags&post=25130"}],"curies":[{"name":"wp","href":"https:\/\/api.w.org\/{rel}","templated":true}]}}