{"id":25121,"date":"2022-12-09T17:24:02","date_gmt":"2022-12-09T20:24:02","guid":{"rendered":"https:\/\/radiorevelacionfm.cl\/?p=25121"},"modified":"2022-12-09T17:24:02","modified_gmt":"2022-12-09T20:24:02","slug":"todos-invitados-al-festival-deportivo-que-ind-realizara-este-sabado-en-coyhaique","status":"publish","type":"post","link":"https:\/\/radiorevelacionfm.cl\/?p=25121","title":{"rendered":"Todos invitados al Festival Deportivo que IND realizar\u00e1 este s\u00e1bado en Coyhaique"},"content":{"rendered":"<div class=\"flex_column av_one_full  flex_column_div av-zero-column-padding first  avia-builder-el-0  el_before_av_one_full  avia-builder-el-first  \" style='border-radius:0px; '><div  class='avia-image-container  av-styling-    avia-builder-el-1  avia-builder-el-no-sibling  avia-align-center '  itemprop=\"image\" itemscope=\"itemscope\" itemtype=\"https:\/\/schema.org\/ImageObject\"  ><div class='avia-image-container-inner'><div class='avia-image-overlay-wrap'><img decoding=\"async\" class='wp-image-25122 avia-img-lazy-loading-not-25122 avia_image' src=\"https:\/\/radiorevelacionfm.cl\/wp-content\/uploads\/2022\/12\/7-pio-1_optimized-1.jpg\" alt='' title='7-pio-(1)_optimized (1)' height=\"600\" width=\"900\"  itemprop=\"thumbnailUrl\" srcset=\"https:\/\/radiorevelacionfm.cl\/wp-content\/uploads\/2022\/12\/7-pio-1_optimized-1.jpg 900w, https:\/\/radiorevelacionfm.cl\/wp-content\/uploads\/2022\/12\/7-pio-1_optimized-1-300x200.jpg 300w, https:\/\/radiorevelacionfm.cl\/wp-content\/uploads\/2022\/12\/7-pio-1_optimized-1-768x512.jpg 768w, https:\/\/radiorevelacionfm.cl\/wp-content\/uploads\/2022\/12\/7-pio-1_optimized-1-705x470.jpg 705w, https:\/\/radiorevelacionfm.cl\/wp-content\/uploads\/2022\/12\/7-pio-1_optimized-1-600x400.jpg 600w\" sizes=\"(max-width: 900px) 100vw, 900px\" \/><\/div><\/div><\/div><\/div><div class=\"flex_column av_one_full  flex_column_div av-zero-column-padding first  avia-builder-el-2  el_after_av_one_full  el_before_av_one_full  column-top-margin\" style='border-radius:0px; '><section class=\"av_textblock_section \"  itemscope=\"itemscope\" itemtype=\"https:\/\/schema.org\/BlogPosting\" itemprop=\"blogPost\" ><div class='avia_textblock  '   itemprop=\"text\" ><p class=\"v1MsoNormal\" style=\"text-align: center;\"><strong><span style=\"font-size: 18pt;\">Todos invitados al Festival Deportivo que IND realizar\u00e1 este s\u00e1bado en Coyhaique<\/span><\/strong><\/p>\n<div id=\"gtx-trans\" style=\"position: absolute; left: -50px; top: 4.31534px;\">\n<div class=\"gtx-trans-icon\"><\/div>\n<\/div>\n<\/div><\/section><\/div><div class=\"flex_column av_one_full  flex_column_div av-zero-column-padding first  avia-builder-el-4  el_after_av_one_full  el_before_av_hr  column-top-margin\" style='border-radius:0px; '><section class=\"av_textblock_section \"  itemscope=\"itemscope\" itemtype=\"https:\/\/schema.org\/BlogPosting\" itemprop=\"blogPost\" ><div class='avia_textblock  '   itemprop=\"text\" ><p class=\"v1MsoNormal\" style=\"text-align: justify;\">La actividad gratuita que se desarrollar\u00e1 en la Plaza el Pionero de la capital regional es organizada a trav\u00e9s del programa \u00abDeporte de Participaci\u00f3n Social\u00bb.<\/p>\n<p style=\"text-align: justify;\">El evento recreativo familiar se efectuar\u00e1 este s\u00e1bado 10 de diciembre, desde las 9:30 horas en Plaza del Pionero Coyhaique y la jornada considera bloques de zumba, acondicionamiento f\u00edsico, corridas 2 k y 5 k, premios para todos los competidores, bici kids, show de magia y juegos inflables para las ni\u00f1as y ni\u00f1os que asistan junto a sus familias.<\/p>\n<p class=\"v1MsoNormal\" style=\"text-align: justify;\">La Seremi del Deporte, Mar\u00eda Eugenia Dur\u00e1n Jara, invit\u00f3 a la comunidad a ser parte de esta iniciativa organizada por el Instituto Nacional de Deportes, se\u00f1alando \u00abcomo Gobierno queremos que m\u00e1s personas puedan utilizar los espacios p\u00fablicos que existen en nuestra regi\u00f3n para la recreaci\u00f3n y el deporte de manera entretenida y con la participaci\u00f3n de toda la familia, es por esta raz\u00f3n que este s\u00e1bado est\u00e1n todas y todos invitados a participar en el Festival Deportivo que se desarrollar\u00e1 en la Plaza el Pionero de nuestra capital regional; este es un evento muy importante para nosotros ya que contaremos con m\u00faltiples instancias de participaci\u00f3n al aire libre para el beneficio de la comunidad regional que es el mandato del presidente Gabriel Boric y la Ministra Alexandra Benado\u00bb.<\/p>\n<p class=\"v1MsoNormal\" style=\"text-align: justify;\">ACTIVIDADES<\/p>\n<p class=\"v1MsoNormal\" style=\"text-align: justify;\">9:30 Inscripciones<\/p>\n<p class=\"v1MsoNormal\" style=\"text-align: justify;\">10:00 Calentamiento instructora zumba<\/p>\n<p class=\"v1MsoNormal\" style=\"text-align: justify;\">10:30 Largadas corrida 2K y 5K<\/p>\n<p class=\"v1MsoNormal\" style=\"text-align: justify;\">11:50 Largada categor\u00eda mini<\/p>\n<p class=\"v1MsoNormal\" style=\"text-align: justify;\">12:30 Show de magia<\/p>\n<p class=\"v1MsoNormal\" style=\"text-align: justify;\">13:00 Cicletada familiar<\/p>\n<\/div><\/section><\/div><div  style='height:50px' class='hr hr-invisible   avia-builder-el-6  el_after_av_one_full  el_before_av_social_share '><span class='hr-inner ' ><span class='hr-inner-style'><\/span><\/span><\/div><\/p>\n<div  class='av-social-sharing-box  avia-builder-el-7  el_after_av_hr  el_before_av_hr  '><div class='av-share-box'><h5 class='av-share-link-description av-no-toc '>Compartir esta noticia<\/h5><ul class='av-share-box-list noLightbox'><li class='av-share-link av-social-link-facebook' ><a target=\"_blank\" aria-label=\"Compartir en Facebook\" href='https:\/\/www.facebook.com\/sharer.php?u=https:\/\/radiorevelacionfm.cl\/?p=25121&#038;t=Todos%20invitados%20al%20Festival%20Deportivo%20que%20IND%20realizar%C3%A1%20este%20s%C3%A1bado%20en%20Coyhaique' aria-hidden='false' data-av_icon='\ue8f3' data-av_iconfont='entypo-fontello' title='' data-avia-related-tooltip='Compartir en Facebook' rel=\"noopener\"><span class='avia_hidden_link_text'>Compartir en Facebook<\/span><\/a><\/li><li class='av-share-link av-social-link-twitter' ><a target=\"_blank\" aria-label=\"Compartir en Twitter\" href='https:\/\/twitter.com\/share?text=Todos%20invitados%20al%20Festival%20Deportivo%20que%20IND%20realizar%C3%A1%20este%20s%C3%A1bado%20en%20Coyhaique&#038;url=https:\/\/radiorevelacionfm.cl\/?p=25121' aria-hidden='false' data-av_icon='\ue8f1' data-av_iconfont='entypo-fontello' title='' data-avia-related-tooltip='Compartir en Twitter' rel=\"noopener\"><span class='avia_hidden_link_text'>Compartir en Twitter<\/span><\/a><\/li><li class='av-share-link av-social-link-whatsapp' ><a target=\"_blank\" aria-label=\"Compartir en Whatsapp\" href='https:\/\/api.whatsapp.com\/send?text=https:\/\/radiorevelacionfm.cl\/?p=25121' aria-hidden='false' data-av_icon='\uf232' data-av_iconfont='entypo-fontello' title='' data-avia-related-tooltip='Compartir en Whatsapp' rel=\"noopener\"><span class='avia_hidden_link_text'>Compartir en Whatsapp<\/span><\/a><\/li><li class='av-share-link av-social-link-linkedin' ><a target=\"_blank\" aria-label=\"Compartir en LinkedIn\" href='https:\/\/linkedin.com\/shareArticle?mini=true&#038;title=Todos%20invitados%20al%20Festival%20Deportivo%20que%20IND%20realizar%C3%A1%20este%20s%C3%A1bado%20en%20Coyhaique&#038;url=https:\/\/radiorevelacionfm.cl\/?p=25121' aria-hidden='false' data-av_icon='\ue8fc' data-av_iconfont='entypo-fontello' title='' data-avia-related-tooltip='Compartir en LinkedIn' rel=\"noopener\"><span class='avia_hidden_link_text'>Compartir en LinkedIn<\/span><\/a><\/li><li class='av-share-link av-social-link-mail' ><a  aria-label=\"Compartir por correo\" href='mailto:?subject=Todos%20invitados%20al%20Festival%20Deportivo%20que%20IND%20realizar%C3%A1%20este%20s%C3%A1bado%20en%20Coyhaique&#038;body=https:\/\/radiorevelacionfm.cl\/?p=25121' aria-hidden='false' data-av_icon='\ue805' data-av_iconfont='entypo-fontello' title='' data-avia-related-tooltip='Compartir por correo'><span class='avia_hidden_link_text'>Compartir por correo<\/span><\/a><\/li><\/ul><\/div><\/div>\n<div  style='height:50px' class='hr hr-invisible   avia-builder-el-8  el_after_av_social_share  el_before_av_comments_list '><span class='hr-inner ' ><span class='hr-inner-style'><\/span><\/span><\/div>\n<div  class='av-buildercomment  av-blog-meta-html-info-disabled av-blog-meta-tag-disabled  '><\/div>\n","protected":false},"excerpt":{"rendered":"","protected":false},"author":1,"featured_media":25122,"comment_status":"open","ping_status":"open","sticky":false,"template":"","format":"standard","meta":{"footnotes":""},"categories":[40],"tags":[],"class_list":["post-25121","post","type-post","status-publish","format-standard","has-post-thumbnail","hentry","category-deportes"],"jetpack_featured_media_url":"https:\/\/radiorevelacionfm.cl\/wp-content\/uploads\/2022\/12\/7-pio-1_optimized-1.jpg","_links":{"self":[{"href":"https:\/\/radiorevelacionfm.cl\/index.php?rest_route=\/wp\/v2\/posts\/25121","targetHints":{"allow":["GET"]}}],"collection":[{"href":"https:\/\/radiorevelacionfm.cl\/index.php?rest_route=\/wp\/v2\/posts"}],"about":[{"href":"https:\/\/radiorevelacionfm.cl\/index.php?rest_route=\/wp\/v2\/types\/post"}],"author":[{"embeddable":true,"href":"https:\/\/radiorevelacionfm.cl\/index.php?rest_route=\/wp\/v2\/users\/1"}],"replies":[{"embeddable":true,"href":"https:\/\/radiorevelacionfm.cl\/index.php?rest_route=%2Fwp%2Fv2%2Fcomments&post=25121"}],"version-history":[{"count":2,"href":"https:\/\/radiorevelacionfm.cl\/index.php?rest_route=\/wp\/v2\/posts\/25121\/revisions"}],"predecessor-version":[{"id":25136,"href":"https:\/\/radiorevelacionfm.cl\/index.php?rest_route=\/wp\/v2\/posts\/25121\/revisions\/25136"}],"wp:featuredmedia":[{"embeddable":true,"href":"https:\/\/radiorevelacionfm.cl\/index.php?rest_route=\/wp\/v2\/media\/25122"}],"wp:attachment":[{"href":"https:\/\/radiorevelacionfm.cl\/index.php?rest_route=%2Fwp%2Fv2%2Fmedia&parent=25121"}],"wp:term":[{"taxonomy":"category","embeddable":true,"href":"https:\/\/radiorevelacionfm.cl\/index.php?rest_route=%2Fwp%2Fv2%2Fcategories&post=25121"},{"taxonomy":"post_tag","embeddable":true,"href":"https:\/\/radiorevelacionfm.cl\/index.php?rest_route=%2Fwp%2Fv2%2Ftags&post=25121"}],"curies":[{"name":"wp","href":"https:\/\/api.w.org\/{rel}","templated":true}]}}