{"id":2512,"date":"2021-02-10T15:07:22","date_gmt":"2021-02-10T18:07:22","guid":{"rendered":"https:\/\/radiorevelacionfm.cl\/?p=2512"},"modified":"2021-02-10T15:07:22","modified_gmt":"2021-02-10T18:07:22","slug":"instituto-de-salud-publica-confirma-presencia-de-rabia-en-murcielago-encontrado-en-puerto-aysen","status":"publish","type":"post","link":"https:\/\/radiorevelacionfm.cl\/?p=2512","title":{"rendered":"Instituto de Salud P\u00fablica confirma presencia de rabia en murci\u00e9lago encontrado en Puerto Ays\u00e9n"},"content":{"rendered":"<div class=\"flex_column av_one_full  flex_column_div av-zero-column-padding first  avia-builder-el-0  el_before_av_one_full  avia-builder-el-first  \" style='border-radius:0px; '><div  class='avia-image-container  av-styling-    avia-builder-el-1  avia-builder-el-no-sibling  avia-align-center '  itemprop=\"image\" itemscope=\"itemscope\" itemtype=\"https:\/\/schema.org\/ImageObject\"  ><div class='avia-image-container-inner'><div class='avia-image-overlay-wrap'><img decoding=\"async\" class='wp-image-0 avia-img-lazy-loading-not-0 avia_image' src=\"https:\/\/radiorevelacionfm.cl\/wp-content\/uploads\/2021\/02\/nota_aysen_optimized-1.png\" alt='' title=''   itemprop=\"thumbnailUrl\"  \/><\/div><\/div><\/div><\/div><div class=\"flex_column av_one_full  flex_column_div av-zero-column-padding first  avia-builder-el-2  el_after_av_one_full  el_before_av_one_full  column-top-margin\" style='border-radius:0px; '><section class=\"av_textblock_section \"  itemscope=\"itemscope\" itemtype=\"https:\/\/schema.org\/BlogPosting\" itemprop=\"blogPost\" ><div class='avia_textblock  '   itemprop=\"text\" ><p style=\"text-align: center;\"><span style=\"font-size: 18pt;\"><strong>Instituto de Salud P\u00fablica confirma presencia de rabia en murci\u00e9lago encontrado en Puerto Ays\u00e9n<\/strong><\/span><\/p>\n<div id=\"gtx-trans\" style=\"position: absolute; left: -50px; top: 4.31534px;\">\n<div class=\"gtx-trans-icon\"><\/div>\n<\/div>\n<\/div><\/section><\/div><div class=\"flex_column av_one_full  flex_column_div av-zero-column-padding first  avia-builder-el-4  el_after_av_one_full  el_before_av_hr  column-top-margin\" style='border-radius:0px; '><section class=\"av_textblock_section \"  itemscope=\"itemscope\" itemtype=\"https:\/\/schema.org\/BlogPosting\" itemprop=\"blogPost\" ><div class='avia_textblock  '   itemprop=\"text\" ><p style=\"text-align: justify;\">Desde el Instituto de Salud P\u00fablica se confirm\u00f3 que las muestras del murci\u00e9lago enviadas por el Servicio de Salud Ays\u00e9n, arrojaron positivo a rabia, enfermedad que se transmite de los animales a las personas a trav\u00e9s de mordeduras o ara\u00f1azos profundos de un animal infectado.<\/p>\n<p style=\"text-align: justify;\">Por ello es que profesionales de la Unidad de Zoonosis de la Seremi de Salud de Ays\u00e9n se trasladaron a la ciudad de Puerto Ays\u00e9n para realizar un operativo de vacunaci\u00f3n antirr\u00e1bica en perros y gatos del sector.<\/p>\n<div class=\"pub_txt\" style=\"text-align: justify;\">\n<div class=\"prop_t\">\u201cEn total fueron 62 casas en el sector de Aguas Muertas colindante al cementerio, incluido el condominio Los Palos, que se consideraron en los 200 mts. de radio alrededor del foco, como indica el manual de procedimiento Minsal. En el lugar, se realiz\u00f3\u00a0\u00a0la vacunaci\u00f3n antirr\u00e1bica de forma masiva a perros y gatos mayores de 2 meses. En total,\u00a0\u00a0se intervino un total de 44 animales\u201d, se\u00f1al\u00f3 Claudia \u00c1lvarez, encargada de la Unidad de Zoonosis de la Seremi de Salud Ays\u00e9n.<\/div>\n<\/div>\n<p style=\"text-align: justify;\">La profesional destac\u00f3 la buena predisposici\u00f3n de los vecinos del sector , se educ\u00f3 en materia sanitaria e inst\u00f3 a la tranquilidad ante este hecho que , desde el punto de vista sanitario, ya est\u00e1 controlado.<\/p>\n<p style=\"text-align: justify;\"><strong>La Rabia en Chile<\/strong>.<\/p>\n<p style=\"text-align: justify;\">Desde el a\u00f1o 2010, Chile fue declarado como pa\u00eds libre de rabia canina. Sin embargo, el virus de la rabia sigue presente en murci\u00e9lagos insect\u00edvoros, importancia reconocida desde 1985, cuando se detect\u00f3 el virus por primera vez en nuestro pa\u00eds en la especie\u00a0<em>Tadarida brasiliensis<\/em>.Lo anterior y asociado al caso de rabia humana de Quilpu\u00e9 del 2013 se confirma un riesgo de transmisi\u00f3n de la enfermedad desde murci\u00e9lago\/perro\/persona.\u00a0\u00a0Por ello,\u00a0es relevante incentivar a propietarios de animales de compa\u00f1\u00eda, la obligatoriedad de vacunar perros y gatos contra la rabia, seg\u00fan como dice en el art\u00edculo 4\u00ba del DS 1\/2014 de Reglamento de Prevenci\u00f3n y Control de la Rabia en el Hombre y en los Animales<\/p>\n<p style=\"text-align: justify;\">La vigilancia de rabia se realiza en forma rutinaria en la SEREMI de Salud Ays\u00e9n, ya que considera la normativa ambiental desde la observaci\u00f3n de perros mordedores y atenci\u00f3n de denuncias entre otras.<\/p>\n<p style=\"text-align: justify;\">En la\u00a0\u00a0regi\u00f3n de Ays\u00e9n\u00a0\u00a0nunca se ha encontrado un caso de rabia variedad canina y desde el a\u00f1o 2014, cuando se encuentra el primer murci\u00e9lago positivo a rabia aumentan considerablemente las denuncias que seg\u00fan normativa se pueden investigar. Esta Instituci\u00f3n es quien vela por realizar la vigilancia de rabia en forma rutinaria, ya que se considera la normativa ambiental desde la observaci\u00f3n de perros y gatos mordedores y atenci\u00f3n de denuncias,\u00a0\u00a0entre otras.<\/p>\n<p style=\"text-align: justify;\">El 15 de Enero del presente a\u00f1o se recibi\u00f3 desde el ISP un resultado positivo a rabia en un murci\u00e9lago de la especie\u00a0<em>Tadarida brasiliensis,\u00a0<\/em>encontrado en la ciudad de Puerto Ays\u00e9n. Los d\u00edas 21, 22 de enero y 6 de febrero el equipo de la unidad de zoonosis de la SEREMI de Salud Ays\u00e9n, intervino 62 casas en el sector aguas muertas colindante al cementerio, incluido el condomino Los Palos, que se consideraron en los 200mts de radio alrededor del foco, como indica el manual de procedimiento MINSAL. Se realiz\u00f3 la vacunaci\u00f3n antirr\u00e1bica de forma masiva a perros y gatos mayores de 2 meses en la zona definida. Se intervino un total de 44 animales (26 perros y 18 gatos) y de \u00e9stos, se identificaron con microchip a 23 mascotas.<\/p>\n<p style=\"text-align: justify;\"><strong>Medidas de prevenci\u00f3n<\/strong><\/p>\n<p style=\"text-align: justify;\">Para las personas, es esencial que toda mordedura se considere un accidente grave que requiere de atenci\u00f3n m\u00e9dica. Los tratamientos indicados en caso de mordeduras son obligatorios y no deben ser abandonados por ning\u00fan motivo.<\/p>\n<p style=\"text-align: justify;\">La presencia de animales sospechosos de rabia debe ser denunciada al establecimiento de salud m\u00e1s cercano o directamente a la SEREMI de Salud Ays\u00e9n.<\/p>\n<p style=\"text-align: justify;\">Se debe evitar todo contacto innecesario con murci\u00e9lagos y animales silvestres susceptibles a rabia.<\/p>\n<p style=\"text-align: justify;\">La manipulaci\u00f3n de murci\u00e9lagos sospechosos, en caso de ser necesario, se debe realizar con las medidas de seguridad que permitan prevenir mordeduras o contactos directos con ellos o sus secreciones\/excreciones.<\/p>\n<p style=\"text-align: justify;\">Como SEREMI de Salud, destac\u00f3 la profesional,\u00a0\u00a0\u201crecordamos a los propietarios de mascotas que deben\u00a0\u00a0mantener los perros y gatos vacunados contra la rabia seg\u00fan lo establece el D.S n\u00b01\/2014\u201d.<\/p>\n<\/div><\/section><\/div><div  style='height:50px' class='hr hr-invisible   avia-builder-el-6  el_after_av_one_full  el_before_av_social_share '><span class='hr-inner ' ><span class='hr-inner-style'><\/span><\/span><\/div><\/p>\n<div  class='av-social-sharing-box  avia-builder-el-7  el_after_av_hr  el_before_av_hr  '><div class='av-share-box'><h5 class='av-share-link-description av-no-toc '>Compartir esta noticia<\/h5><ul class='av-share-box-list noLightbox'><li class='av-share-link av-social-link-facebook' ><a target=\"_blank\" aria-label=\"Compartir en Facebook\" href='https:\/\/www.facebook.com\/sharer.php?u=https:\/\/radiorevelacionfm.cl\/?p=2512&#038;t=Instituto%20de%20Salud%20P%C3%BAblica%20confirma%20presencia%20de%20rabia%20en%20murci%C3%A9lago%20encontrado%20en%20Puerto%20Ays%C3%A9n' aria-hidden='false' data-av_icon='\ue8f3' data-av_iconfont='entypo-fontello' title='' data-avia-related-tooltip='Compartir en Facebook' rel=\"noopener\"><span class='avia_hidden_link_text'>Compartir en Facebook<\/span><\/a><\/li><li class='av-share-link av-social-link-twitter' ><a target=\"_blank\" aria-label=\"Compartir en Twitter\" href='https:\/\/twitter.com\/share?text=Instituto%20de%20Salud%20P%C3%BAblica%20confirma%20presencia%20de%20rabia%20en%20murci%C3%A9lago%20encontrado%20en%20Puerto%20Ays%C3%A9n&#038;url=https:\/\/radiorevelacionfm.cl\/?p=2512' aria-hidden='false' data-av_icon='\ue8f1' data-av_iconfont='entypo-fontello' title='' data-avia-related-tooltip='Compartir en Twitter' rel=\"noopener\"><span class='avia_hidden_link_text'>Compartir en Twitter<\/span><\/a><\/li><li class='av-share-link av-social-link-whatsapp' ><a target=\"_blank\" aria-label=\"Compartir en Whatsapp\" href='https:\/\/api.whatsapp.com\/send?text=https:\/\/radiorevelacionfm.cl\/?p=2512' aria-hidden='false' data-av_icon='\uf232' data-av_iconfont='entypo-fontello' title='' data-avia-related-tooltip='Compartir en Whatsapp' rel=\"noopener\"><span class='avia_hidden_link_text'>Compartir en Whatsapp<\/span><\/a><\/li><li class='av-share-link av-social-link-linkedin' ><a target=\"_blank\" aria-label=\"Compartir en LinkedIn\" href='https:\/\/linkedin.com\/shareArticle?mini=true&#038;title=Instituto%20de%20Salud%20P%C3%BAblica%20confirma%20presencia%20de%20rabia%20en%20murci%C3%A9lago%20encontrado%20en%20Puerto%20Ays%C3%A9n&#038;url=https:\/\/radiorevelacionfm.cl\/?p=2512' aria-hidden='false' data-av_icon='\ue8fc' data-av_iconfont='entypo-fontello' title='' data-avia-related-tooltip='Compartir en LinkedIn' rel=\"noopener\"><span class='avia_hidden_link_text'>Compartir en LinkedIn<\/span><\/a><\/li><li class='av-share-link av-social-link-mail' ><a  aria-label=\"Compartir por correo\" href='mailto:?subject=Instituto%20de%20Salud%20P%C3%BAblica%20confirma%20presencia%20de%20rabia%20en%20murci%C3%A9lago%20encontrado%20en%20Puerto%20Ays%C3%A9n&#038;body=https:\/\/radiorevelacionfm.cl\/?p=2512' aria-hidden='false' data-av_icon='\ue805' data-av_iconfont='entypo-fontello' title='' data-avia-related-tooltip='Compartir por correo'><span class='avia_hidden_link_text'>Compartir por correo<\/span><\/a><\/li><\/ul><\/div><\/div>\n<div  style='height:50px' class='hr hr-invisible   avia-builder-el-8  el_after_av_social_share  el_before_av_comments_list '><span class='hr-inner ' ><span class='hr-inner-style'><\/span><\/span><\/div>\n<div  class='av-buildercomment  av-blog-meta-html-info-disabled av-blog-meta-tag-disabled  '><\/div>\n","protected":false},"excerpt":{"rendered":"","protected":false},"author":1,"featured_media":0,"comment_status":"open","ping_status":"open","sticky":false,"template":"","format":"standard","meta":{"footnotes":""},"categories":[46],"tags":[],"class_list":["post-2512","post","type-post","status-publish","format-standard","hentry","category-salud"],"jetpack_featured_media_url":"","_links":{"self":[{"href":"https:\/\/radiorevelacionfm.cl\/index.php?rest_route=\/wp\/v2\/posts\/2512","targetHints":{"allow":["GET"]}}],"collection":[{"href":"https:\/\/radiorevelacionfm.cl\/index.php?rest_route=\/wp\/v2\/posts"}],"about":[{"href":"https:\/\/radiorevelacionfm.cl\/index.php?rest_route=\/wp\/v2\/types\/post"}],"author":[{"embeddable":true,"href":"https:\/\/radiorevelacionfm.cl\/index.php?rest_route=\/wp\/v2\/users\/1"}],"replies":[{"embeddable":true,"href":"https:\/\/radiorevelacionfm.cl\/index.php?rest_route=%2Fwp%2Fv2%2Fcomments&post=2512"}],"version-history":[{"count":1,"href":"https:\/\/radiorevelacionfm.cl\/index.php?rest_route=\/wp\/v2\/posts\/2512\/revisions"}],"predecessor-version":[{"id":2514,"href":"https:\/\/radiorevelacionfm.cl\/index.php?rest_route=\/wp\/v2\/posts\/2512\/revisions\/2514"}],"wp:attachment":[{"href":"https:\/\/radiorevelacionfm.cl\/index.php?rest_route=%2Fwp%2Fv2%2Fmedia&parent=2512"}],"wp:term":[{"taxonomy":"category","embeddable":true,"href":"https:\/\/radiorevelacionfm.cl\/index.php?rest_route=%2Fwp%2Fv2%2Fcategories&post=2512"},{"taxonomy":"post_tag","embeddable":true,"href":"https:\/\/radiorevelacionfm.cl\/index.php?rest_route=%2Fwp%2Fv2%2Ftags&post=2512"}],"curies":[{"name":"wp","href":"https:\/\/api.w.org\/{rel}","templated":true}]}}