{"id":25117,"date":"2022-12-10T19:01:57","date_gmt":"2022-12-10T22:01:57","guid":{"rendered":"https:\/\/radiorevelacionfm.cl\/?p=25117"},"modified":"2022-12-10T19:01:57","modified_gmt":"2022-12-10T22:01:57","slug":"exposicion-artistica-resume-el-impacto-del-programa-acciona-en-establecimientos-educacionales-de-la-region-de-aysen","status":"publish","type":"post","link":"https:\/\/radiorevelacionfm.cl\/?p=25117","title":{"rendered":"Exposici\u00f3n art\u00edstica resume el impacto del Programa Acciona en establecimientos educacionales de la Regi\u00f3n de Ays\u00e9n"},"content":{"rendered":"<div class=\"flex_column av_one_full  flex_column_div av-zero-column-padding first  avia-builder-el-0  el_before_av_one_full  avia-builder-el-first  \" style='border-radius:0px; '><div  class='avia-image-container  av-styling-    avia-builder-el-1  avia-builder-el-no-sibling  avia-align-center '  itemprop=\"image\" itemscope=\"itemscope\" itemtype=\"https:\/\/schema.org\/ImageObject\"  ><div class='avia-image-container-inner'><div class='avia-image-overlay-wrap'><img decoding=\"async\" class='wp-image-25118 avia-img-lazy-loading-not-25118 avia_image' src=\"https:\/\/radiorevelacionfm.cl\/wp-content\/uploads\/2022\/12\/acciona-2-1_optimized.jpg\" alt='' title='acciona-2-(1)_optimized' height=\"600\" width=\"899\"  itemprop=\"thumbnailUrl\" srcset=\"https:\/\/radiorevelacionfm.cl\/wp-content\/uploads\/2022\/12\/acciona-2-1_optimized.jpg 899w, https:\/\/radiorevelacionfm.cl\/wp-content\/uploads\/2022\/12\/acciona-2-1_optimized-300x200.jpg 300w, https:\/\/radiorevelacionfm.cl\/wp-content\/uploads\/2022\/12\/acciona-2-1_optimized-768x513.jpg 768w, https:\/\/radiorevelacionfm.cl\/wp-content\/uploads\/2022\/12\/acciona-2-1_optimized-705x471.jpg 705w, https:\/\/radiorevelacionfm.cl\/wp-content\/uploads\/2022\/12\/acciona-2-1_optimized-600x400.jpg 600w\" sizes=\"(max-width: 899px) 100vw, 899px\" \/><\/div><\/div><\/div><\/div><div class=\"flex_column av_one_full  flex_column_div av-zero-column-padding first  avia-builder-el-2  el_after_av_one_full  el_before_av_one_full  column-top-margin\" style='border-radius:0px; '><section class=\"av_textblock_section \"  itemscope=\"itemscope\" itemtype=\"https:\/\/schema.org\/BlogPosting\" itemprop=\"blogPost\" ><div class='avia_textblock  '   itemprop=\"text\" ><p style=\"text-align: center;\"><span style=\"font-size: 18pt;\"><b>Exposici\u00f3n art\u00edstica resume el impacto del Programa Acciona en establecimientos educacionales de la Regi\u00f3n de Ays\u00e9n<\/b><\/span><\/p>\n<div id=\"gtx-trans\" style=\"position: absolute; left: -50px; top: 4.31534px;\">\n<div class=\"gtx-trans-icon\"><\/div>\n<\/div>\n<\/div><\/section><\/div><div class=\"flex_column av_one_full  flex_column_div av-zero-column-padding first  avia-builder-el-4  el_after_av_one_full  el_before_av_hr  column-top-margin\" style='border-radius:0px; '><section class=\"av_textblock_section \"  itemscope=\"itemscope\" itemtype=\"https:\/\/schema.org\/BlogPosting\" itemprop=\"blogPost\" ><div class='avia_textblock  '   itemprop=\"text\" ><p style=\"text-align: justify;\">\u201c20 miradas que son el reflejo de un territorio\u201d se llama la muestra de cierre del Programa Acciona del Ministerio de las Culturas, las Artes y el Patrimonio en la Regi\u00f3n de Ays\u00e9n. La exposici\u00f3n recoge el trabajo desarrollado por el Departamento de Educaci\u00f3n Art\u00edstica de la Seremi de Culturas Ays\u00e9n en 10 jardines infantiles, escuelas y liceos de Coyhaique, Puerto Ays\u00e9n y Villa Ma\u00f1ihuales, y puedes verla hasta el 17 de diciembre en el Museo Regional de Ays\u00e9n.<\/p>\n<p style=\"text-align: justify;\">El Programa Acciona desarroll\u00f3 sus proyectos art\u00edstico-culturales en diversos puntos del territorio, a cargo de artistas educadores que llevaron propuestas de reflexi\u00f3n, di\u00e1logo, con una permanente invitaci\u00f3n a explorar y crear con distintos lenguajes. De este modo, artistas, docentes y estudiantes han abordado la educaci\u00f3n art\u00edstica de un modo integral.<\/p>\n<p style=\"text-align: justify;\">As\u00ed lo explica David Quinteros, encargado del Programa Acciona en la Regi\u00f3n de Ays\u00e9n: \u201cCada escuela lleva una cantidad de tiempo diferente con los proyectos, hay algunas que llevan cuatro a\u00f1os y otras que llevan dos. Pienso que cada resultado de cada proceso responde a la particularidad de cada escuela. Lo que nos interesa es que sean proyectos que se levantan desde las necesidades, inquietudes e intereses de los ni\u00f1os y ni\u00f1as. No es impuesto por los artistas ni por los educadores, ni por los profes. En ese sentido, pensamos que el resultado que salga de ah\u00ed, mientras sea producto de los intereses y la participaci\u00f3n de los ni\u00f1os y las ni\u00f1as, nosotros estamos felices. Porque es un espacio de libertad que se conquista gracias a este Programa Acciona. No queremos que sean obras bellas, sino procesos creativos. Si eso es arte est\u00e1 bien; y si no es arte, tambi\u00e9n est\u00e1 bien porque pasan cosas que de otro modo no ocurrir\u00edan\u201d.<\/p>\n<p style=\"text-align: justify;\">Evelyn Rossel conoci\u00f3 Acciona el 2009 cuando se llamaba Okupa y hoy est\u00e1 a cargo de su implementaci\u00f3n en el territorio: \u201cTuve la experiencia de ser artista educadora. Era la metodolog\u00eda taller y fue muy lindo poder ingresar a una escuela, era un liceo en Quilpu\u00e9. Hoy en d\u00eda el Programa Acciona ac\u00e1 en la Regi\u00f3n de Ays\u00e9n est\u00e1 funcionando desde el 2016. Yo ingres\u00e9 como artista educadora ese a\u00f1o. Hoy trabajo con distintos artistas de Ays\u00e9n y con seis establecimientos, de los cuales casi la gran mayor\u00eda est\u00e1n desde el 2018 en la ejecuci\u00f3n de Acciona. Los artistas llegan a la asignatura, se diagnostica y se vinculan los contenidos de la asignatura que corresponde. En el caso de artes visuales, por ejemplo, se est\u00e1 trabajando con ciencias este a\u00f1o, y ha sido superpositivo en la Escuela Rural Valle Simpson. Se est\u00e1 apostando a asignaturas que tienen m\u00e1s horas y que sean m\u00e1s relevantes para el curr\u00edculum. Lo mejor para los estudiantes es que ellos son felices aprendiendo trav\u00e9s del arte\u201d.<\/p>\n<p style=\"text-align: justify;\">Este 2022 el Programa Acciona inici\u00f3 un trabajo interdisciplinario con jardines infantiles, cuyo eje ha sido partir de la necesidad de la estimulaci\u00f3n creativa y la experimentaci\u00f3n temprana para que ni\u00f1os y ni\u00f1as, creativos y curiosos, desplieguen sus talentos e imaginaci\u00f3n.<\/p>\n<p style=\"text-align: justify;\">Karina Ch\u00e1vez, directora del jard\u00edn infantil Bambin Ges\u00fa de Puerto Ays\u00e9n, se mostr\u00f3 muy satisfecha con la incorporaci\u00f3n de su establecimiento a Acciona: \u201cSiento que el trabajo que se ha hecho ha sido bastante f\u00e1cil, en el sentido de que los artistas se han ambientado muy bien al trabajo que se hace internamente. Los ni\u00f1os y las ni\u00f1as yo siento que lo han disfrutado mucho. Han sabido tener una relaci\u00f3n muy cercana como son los ni\u00f1os y aparte a habido todo este trabajo de arte que yo creo que en la primera infancia es fundamental. En todo aspecto, en lo visual, en lo musical, en lo corporal. El ni\u00f1o es un artista, entonces el hecho de tener facilitadores yo creo que es un tremendo aporte. Es algo muy natural para el ni\u00f1o, hay mucha familiaridad para el ni\u00f1o con el arte, es una vivencia muy cercana, es algo natural. Lo disfrutan much\u00edsimo, estamos muy contentos\u201d.<\/p>\n<p style=\"text-align: justify;\">El Programa Acciona del Departamento de Educaci\u00f3n Art\u00edstica de la Seremi de Culturas Ays\u00e9n trabaj\u00f3 este a\u00f1o con las comunidades escolares de el Liceo Ma\u00f1ihuales de Villa Ma\u00f1ihuales; la Escuela Litoral Austral y el Jard\u00edn Infantil Bamb\u00edn Ges\u00fa de Puerto Ays\u00e9n; las escuelas Baquedano, V\u00edctor Domingo Silva y Valle Simpson, el Liceo Ricardo Navarrete, y los jardines infantiles Las Araucarias, Nueva Esperanza y Kaukalem de Coyhaique.<\/p>\n<\/div><\/section><\/div><div  style='height:50px' class='hr hr-invisible   avia-builder-el-6  el_after_av_one_full  el_before_av_social_share '><span class='hr-inner ' ><span class='hr-inner-style'><\/span><\/span><\/div><\/p>\n<div  class='av-social-sharing-box  avia-builder-el-7  el_after_av_hr  el_before_av_hr  '><div class='av-share-box'><h5 class='av-share-link-description av-no-toc '>Compartir esta noticia<\/h5><ul class='av-share-box-list noLightbox'><li class='av-share-link av-social-link-facebook' ><a target=\"_blank\" aria-label=\"Compartir en Facebook\" href='https:\/\/www.facebook.com\/sharer.php?u=https:\/\/radiorevelacionfm.cl\/?p=25117&#038;t=Exposici%C3%B3n%20art%C3%ADstica%20resume%20el%20impacto%20del%20Programa%20Acciona%20en%20establecimientos%20educacionales%20de%20la%20Regi%C3%B3n%20de%20Ays%C3%A9n' aria-hidden='false' data-av_icon='\ue8f3' data-av_iconfont='entypo-fontello' title='' data-avia-related-tooltip='Compartir en Facebook' rel=\"noopener\"><span class='avia_hidden_link_text'>Compartir en Facebook<\/span><\/a><\/li><li class='av-share-link av-social-link-twitter' ><a target=\"_blank\" aria-label=\"Compartir en Twitter\" href='https:\/\/twitter.com\/share?text=Exposici%C3%B3n%20art%C3%ADstica%20resume%20el%20impacto%20del%20Programa%20Acciona%20en%20establecimientos%20educacionales%20de%20la%20Regi%C3%B3n%20de%20Ays%C3%A9n&#038;url=https:\/\/radiorevelacionfm.cl\/?p=25117' aria-hidden='false' data-av_icon='\ue8f1' data-av_iconfont='entypo-fontello' title='' data-avia-related-tooltip='Compartir en Twitter' rel=\"noopener\"><span class='avia_hidden_link_text'>Compartir en Twitter<\/span><\/a><\/li><li class='av-share-link av-social-link-whatsapp' ><a target=\"_blank\" aria-label=\"Compartir en Whatsapp\" href='https:\/\/api.whatsapp.com\/send?text=https:\/\/radiorevelacionfm.cl\/?p=25117' aria-hidden='false' data-av_icon='\uf232' data-av_iconfont='entypo-fontello' title='' data-avia-related-tooltip='Compartir en Whatsapp' rel=\"noopener\"><span class='avia_hidden_link_text'>Compartir en Whatsapp<\/span><\/a><\/li><li class='av-share-link av-social-link-linkedin' ><a target=\"_blank\" aria-label=\"Compartir en LinkedIn\" href='https:\/\/linkedin.com\/shareArticle?mini=true&#038;title=Exposici%C3%B3n%20art%C3%ADstica%20resume%20el%20impacto%20del%20Programa%20Acciona%20en%20establecimientos%20educacionales%20de%20la%20Regi%C3%B3n%20de%20Ays%C3%A9n&#038;url=https:\/\/radiorevelacionfm.cl\/?p=25117' aria-hidden='false' data-av_icon='\ue8fc' data-av_iconfont='entypo-fontello' title='' data-avia-related-tooltip='Compartir en LinkedIn' rel=\"noopener\"><span class='avia_hidden_link_text'>Compartir en LinkedIn<\/span><\/a><\/li><li class='av-share-link av-social-link-mail' ><a  aria-label=\"Compartir por correo\" href='mailto:?subject=Exposici%C3%B3n%20art%C3%ADstica%20resume%20el%20impacto%20del%20Programa%20Acciona%20en%20establecimientos%20educacionales%20de%20la%20Regi%C3%B3n%20de%20Ays%C3%A9n&#038;body=https:\/\/radiorevelacionfm.cl\/?p=25117' aria-hidden='false' data-av_icon='\ue805' data-av_iconfont='entypo-fontello' title='' data-avia-related-tooltip='Compartir por correo'><span class='avia_hidden_link_text'>Compartir por correo<\/span><\/a><\/li><\/ul><\/div><\/div>\n<div  style='height:50px' class='hr hr-invisible   avia-builder-el-8  el_after_av_social_share  el_before_av_comments_list '><span class='hr-inner ' ><span class='hr-inner-style'><\/span><\/span><\/div>\n<div  class='av-buildercomment  av-blog-meta-html-info-disabled av-blog-meta-tag-disabled  '><\/div>\n","protected":false},"excerpt":{"rendered":"","protected":false},"author":1,"featured_media":25118,"comment_status":"open","ping_status":"open","sticky":false,"template":"","format":"standard","meta":{"footnotes":""},"categories":[52],"tags":[],"class_list":["post-25117","post","type-post","status-publish","format-standard","has-post-thumbnail","hentry","category-cultura"],"jetpack_featured_media_url":"https:\/\/radiorevelacionfm.cl\/wp-content\/uploads\/2022\/12\/acciona-2-1_optimized.jpg","_links":{"self":[{"href":"https:\/\/radiorevelacionfm.cl\/index.php?rest_route=\/wp\/v2\/posts\/25117","targetHints":{"allow":["GET"]}}],"collection":[{"href":"https:\/\/radiorevelacionfm.cl\/index.php?rest_route=\/wp\/v2\/posts"}],"about":[{"href":"https:\/\/radiorevelacionfm.cl\/index.php?rest_route=\/wp\/v2\/types\/post"}],"author":[{"embeddable":true,"href":"https:\/\/radiorevelacionfm.cl\/index.php?rest_route=\/wp\/v2\/users\/1"}],"replies":[{"embeddable":true,"href":"https:\/\/radiorevelacionfm.cl\/index.php?rest_route=%2Fwp%2Fv2%2Fcomments&post=25117"}],"version-history":[{"count":2,"href":"https:\/\/radiorevelacionfm.cl\/index.php?rest_route=\/wp\/v2\/posts\/25117\/revisions"}],"predecessor-version":[{"id":25182,"href":"https:\/\/radiorevelacionfm.cl\/index.php?rest_route=\/wp\/v2\/posts\/25117\/revisions\/25182"}],"wp:featuredmedia":[{"embeddable":true,"href":"https:\/\/radiorevelacionfm.cl\/index.php?rest_route=\/wp\/v2\/media\/25118"}],"wp:attachment":[{"href":"https:\/\/radiorevelacionfm.cl\/index.php?rest_route=%2Fwp%2Fv2%2Fmedia&parent=25117"}],"wp:term":[{"taxonomy":"category","embeddable":true,"href":"https:\/\/radiorevelacionfm.cl\/index.php?rest_route=%2Fwp%2Fv2%2Fcategories&post=25117"},{"taxonomy":"post_tag","embeddable":true,"href":"https:\/\/radiorevelacionfm.cl\/index.php?rest_route=%2Fwp%2Fv2%2Ftags&post=25117"}],"curies":[{"name":"wp","href":"https:\/\/api.w.org\/{rel}","templated":true}]}}