{"id":25114,"date":"2022-12-09T14:55:36","date_gmt":"2022-12-09T17:55:36","guid":{"rendered":"https:\/\/radiorevelacionfm.cl\/?p=25114"},"modified":"2022-12-09T14:55:36","modified_gmt":"2022-12-09T17:55:36","slug":"pdi-detiene-a-dos-imputados-y-aclara-robos-ocurridos-en-el-centro-de-coyhaique","status":"publish","type":"post","link":"https:\/\/radiorevelacionfm.cl\/?p=25114","title":{"rendered":"PDI detiene a dos imputados y aclara robos ocurridos en el centro de Coyhaique"},"content":{"rendered":"<div class=\"flex_column av_one_full  flex_column_div av-zero-column-padding first  avia-builder-el-0  el_before_av_one_full  avia-builder-el-first  \" style='border-radius:0px; '><div  class='avia-image-container  av-styling-    avia-builder-el-1  avia-builder-el-no-sibling  avia-align-center '  itemprop=\"image\" itemscope=\"itemscope\" itemtype=\"https:\/\/schema.org\/ImageObject\"  ><div class='avia-image-container-inner'><div class='avia-image-overlay-wrap'><img decoding=\"async\" class='wp-image-18858 avia-img-lazy-loading-not-18858 avia_image' src=\"https:\/\/radiorevelacionfm.cl\/wp-content\/uploads\/2022\/07\/Referencial-detenido-PDI-004-1-1-1.jpg\" alt='' title='Referencial detenido PDI 004 (1) (1) (1)' height=\"600\" width=\"900\"  itemprop=\"thumbnailUrl\" srcset=\"https:\/\/radiorevelacionfm.cl\/wp-content\/uploads\/2022\/07\/Referencial-detenido-PDI-004-1-1-1.jpg 900w, https:\/\/radiorevelacionfm.cl\/wp-content\/uploads\/2022\/07\/Referencial-detenido-PDI-004-1-1-1-300x200.jpg 300w, https:\/\/radiorevelacionfm.cl\/wp-content\/uploads\/2022\/07\/Referencial-detenido-PDI-004-1-1-1-768x512.jpg 768w, https:\/\/radiorevelacionfm.cl\/wp-content\/uploads\/2022\/07\/Referencial-detenido-PDI-004-1-1-1-705x470.jpg 705w, https:\/\/radiorevelacionfm.cl\/wp-content\/uploads\/2022\/07\/Referencial-detenido-PDI-004-1-1-1-600x400.jpg 600w\" sizes=\"(max-width: 900px) 100vw, 900px\" \/><\/div><\/div><\/div><\/div><div class=\"flex_column av_one_full  flex_column_div av-zero-column-padding first  avia-builder-el-2  el_after_av_one_full  el_before_av_one_full  column-top-margin\" style='border-radius:0px; '><section class=\"av_textblock_section \"  itemscope=\"itemscope\" itemtype=\"https:\/\/schema.org\/BlogPosting\" itemprop=\"blogPost\" ><div class='avia_textblock  '   itemprop=\"text\" ><p style=\"text-align: center;\"><span style=\"font-size: 18pt;\"><strong>PDI detiene a dos imputados y aclara robos ocurridos en el centro de Coyhaique<\/strong><\/span><\/p>\n<div id=\"gtx-trans\" style=\"position: absolute; left: -50px; top: 4.31534px;\">\n<div class=\"gtx-trans-icon\"><\/div>\n<\/div>\n<\/div><\/section><\/div><div class=\"flex_column av_one_full  flex_column_div av-zero-column-padding first  avia-builder-el-4  el_after_av_one_full  el_before_av_hr  column-top-margin\" style='border-radius:0px; '><section class=\"av_textblock_section \"  itemscope=\"itemscope\" itemtype=\"https:\/\/schema.org\/BlogPosting\" itemprop=\"blogPost\" ><div class='avia_textblock  '   itemprop=\"text\" ><p style=\"text-align: justify;\">Uno de los imputados realiz\u00f3 un tour delictual por Coyhaique y Puerto Ays\u00e9n entre los d\u00edas 21 de noviembre y 5 de diciembre.<\/p>\n<p style=\"text-align: justify;\">A ra\u00edz de una investigaci\u00f3n por distintos delitos de robo ocurridos durante el \u00faltimo tiempo en Coyhaique y Puerto Ays\u00e9n, durante la tarde del lunes, detectives de la Brigada Investigadora de Robos (BIRO) Coyhaique de la Polic\u00eda de Investigaciones de Chile, en un trabajo coordinado con la Fiscal\u00eda, detuvieron a dos hombres, por el delito de robo y hurto simple, \u00e9ste \u00faltimo en situaci\u00f3n de flagrancia. Ambos detenidos son mayores de edad y poseen un amplio prontuario policial.<\/p>\n<p style=\"text-align: justify;\">En base a los an\u00e1lisis desarrollados por la PDI, los detectives detectaron que se estaban produciendo una serie de delitos contra la propiedad que afectaron a distintos locales comerciales de la capital regional y la ciudad puerto.<\/p>\n<p style=\"text-align: justify;\">Al respecto, el subcomisario Francisco Elizondo de la BIRO Coyhaique puntualiz\u00f3 que \u201cse dispuso un servicio estrat\u00e9gico a fin de detectar la presencia de sujetos que pudiesen estar cometiendo delitos de robo y hurto. Fue as\u00ed que el d\u00eda lunes, en horas de la tarde, funcionarios policiales detectaron la presencia de dos sujetos en el centro, quienes habr\u00edan cometido el delito de hurto al interior de una farmacia\u201d.<\/p>\n<p style=\"text-align: justify;\">En base al trabajo de la BIRO Coyhaique, la PDI logr\u00f3 recuperar mercanc\u00edas sustra\u00eddas desde una farmacia y prendas de vestir desde una tienda de retail, avaluadas en 250 mil pesos.<\/p>\n<p style=\"text-align: justify;\">Pero eso no es todo, uno de los detenidos era blanco investigativo de la brigada especializada, por tanto, el trabajo de an\u00e1lisis criminal desarrollado por los detectives permiti\u00f3 aclarar algunos de los \u00faltimos hechos que afectaron a los locatarios del sector del centro de la capital regional.<\/p>\n<p style=\"text-align: justify;\">As\u00ed, de acuerdo a lo informado por el detective, la PDI logr\u00f3 esclarecer otros delitos de robo, \u201cuno de los hechos ocurri\u00f3 el d\u00eda 23 de noviembre al interior de las bodegas de una tienda comercial, ubicada en calle Arturo Prat, donde este sujeto, utilizando un chuzo, forz\u00f3 la puerta principal, desde donde sustrajo distintas maletas, avaluadas aproximadamente en un mill\u00f3n de pesos\u201d.<\/p>\n<p style=\"text-align: justify;\">Adem\u00e1s, \u201cse logr\u00f3 tomar conocimiento de otro hecho que afect\u00f3 a una tienda comercial el d\u00eda 21 de noviembre, donde este sujeto, utilizando un modus operandi similar, forz\u00f3 la puerta de entrada de la tienda, ingresando y sustrayendo aproximadamente 55 mil pesos de dinero en efectivo, huyendo en direcci\u00f3n desconocida\u201d, a\u00f1adi\u00f3 el subcomisario Francisco Elizondo.<\/p>\n<p style=\"text-align: justify;\">Por otro lado, \u201cel d\u00eda 29 de noviembre del a\u00f1o en curso, este sujeto habr\u00eda participado en la sustracci\u00f3n de dinero desde un local comercial de la comuna de Puerto Ays\u00e9n, desde el lugar esta persona habr\u00eda sustra\u00eddo un tarro con aportes voluntarios que estaba recibiendo dicho local\u201d, subray\u00f3 el oficial de la BIRO Coyhaique.<\/p>\n<p style=\"text-align: justify;\">Su posicionamiento en estos hechos se logr\u00f3 a trav\u00e9s del an\u00e1lisis de las c\u00e1maras de vigilancia, obtenidas de los locales comerciales ubicados en las cercan\u00edas del lugar.<\/p>\n<p style=\"text-align: justify;\"><strong>Modo de operar<\/strong><\/p>\n<p style=\"text-align: justify;\">De acuerdo a lo informado por el subcomisario Elizondo, a ra\u00edz del trabajo investigativo desarrollado durante las \u00faltimas semanas, \u201cse logr\u00f3 determinar que uno de los sujetos operaba en horario de colaci\u00f3n, cuando los locatarios estaban fuera de las dependencias y los locales comerciales sin sus trabajadores. Esto ocurr\u00eda, normalmente, los d\u00edas de semana entre las 13 y 15 horas aproximadamente\u201d.<\/p>\n<p style=\"text-align: justify;\">Para ello, \u201cesta persona forzaba los accesos de los locales, haciendo ingreso para sustraer distintas especies, tanto en Coyhaique como en Puerto Ays\u00e9n\u201d, finaliz\u00f3 el detective de la Brigada Investigadora de Robos Coyhaique.<\/p>\n<p style=\"text-align: justify;\">Todos estos antecedentes fueron puestos en conocimiento del Ministerio P\u00fablico, quien dispuso que ambas personas fueran puestas a disposici\u00f3n del Juzgado de Garant\u00eda de Coyhaique para su control de detenci\u00f3n y posterior formalizaci\u00f3n.<\/p>\n<p style=\"text-align: justify;\"><strong>Imputados<\/strong><\/p>\n<p style=\"text-align: justify;\">Sobre los implicados en estos il\u00edcitos, el subcomisario Francisco Elizondo detall\u00f3 que \u201cambos sujetos contaban con antecedentes policiales por delitos de hurto, receptaci\u00f3n y robo, uno de ellos manten\u00eda una orden de detenci\u00f3n vigente por el delito de robo en bienes nacionales y homicidio, ambas causas del Tribunal de Coquimbo, quien al momento de efectuar el control policial suplant\u00f3 su identidad, utilizando la individualizaci\u00f3n de una tercera persona\u201d.<\/p>\n<p style=\"text-align: justify;\">En cuanto al segundo involucrado, \u201cdesde hace un tiempo a la fecha era materia de investigaci\u00f3n por parte de esta brigada especializada, siendo vinculado a diversos hechos acontecidos a finales del mes de noviembre en distintos locales comerciales del centro de Coyhaique y Puerto Ays\u00e9n\u201d, se\u00f1al\u00f3 el oficial de la BIRO Coyhaique.<\/p>\n<p style=\"text-align: justify;\"><strong>Formalizaci\u00f3n<\/strong><\/p>\n<p style=\"text-align: justify;\">Sobre la audiencia y los hechos formalizados por el Ministerio P\u00fablico, el Fiscal Jefe de Coyhaique, Jos\u00e9 Moris, indic\u00f3 que \u201cproducto de diligencias que realizaba la Brigada Investigadora de Robos de la PDI relativas a distintos robos cometidos en el centro de Coyhaique, se logr\u00f3 la detenci\u00f3n de dos imputados por un delito de hurto que afect\u00f3 a una farmacia del centro de la ciudad\u201d.<\/p>\n<p style=\"text-align: justify;\">El fiscal Jos\u00e9 Moris agreg\u00f3 que \u201cuno de los imputados tiene participaci\u00f3n en dos robos, previamente cometidos la semana del 21 de noviembre, siendo identificado gracias a las diligencias efectuadas por la misma brigada especializada, raz\u00f3n por la cual, este mi\u00e9rcoles 7 de diciembre fueron formalizados\u201d, puntualizando que \u201caquel que particip\u00f3 en los robos qued\u00f3 sometido a prisi\u00f3n preventiva, la cual fue solicitada por la Fiscal\u00eda y acogida por el Juzgado de Garant\u00eda de Coyhaique, fijando un plazo de investigaci\u00f3n de 60 d\u00edas\u201d.<\/p>\n<\/div><\/section><\/div><div  style='height:50px' class='hr hr-invisible   avia-builder-el-6  el_after_av_one_full  el_before_av_social_share '><span class='hr-inner ' ><span class='hr-inner-style'><\/span><\/span><\/div><\/p>\n<div  class='av-social-sharing-box  avia-builder-el-7  el_after_av_hr  el_before_av_hr  '><div class='av-share-box'><h5 class='av-share-link-description av-no-toc '>Compartir esta noticia<\/h5><ul class='av-share-box-list noLightbox'><li class='av-share-link av-social-link-facebook' ><a target=\"_blank\" aria-label=\"Compartir en Facebook\" href='https:\/\/www.facebook.com\/sharer.php?u=https:\/\/radiorevelacionfm.cl\/?p=25114&#038;t=PDI%20detiene%20a%20dos%20imputados%20y%20aclara%20robos%20ocurridos%20en%20el%20centro%20de%20Coyhaique' aria-hidden='false' data-av_icon='\ue8f3' data-av_iconfont='entypo-fontello' title='' data-avia-related-tooltip='Compartir en Facebook' rel=\"noopener\"><span class='avia_hidden_link_text'>Compartir en Facebook<\/span><\/a><\/li><li class='av-share-link av-social-link-twitter' ><a target=\"_blank\" aria-label=\"Compartir en Twitter\" href='https:\/\/twitter.com\/share?text=PDI%20detiene%20a%20dos%20imputados%20y%20aclara%20robos%20ocurridos%20en%20el%20centro%20de%20Coyhaique&#038;url=https:\/\/radiorevelacionfm.cl\/?p=25114' aria-hidden='false' data-av_icon='\ue8f1' data-av_iconfont='entypo-fontello' title='' data-avia-related-tooltip='Compartir en Twitter' rel=\"noopener\"><span class='avia_hidden_link_text'>Compartir en Twitter<\/span><\/a><\/li><li class='av-share-link av-social-link-whatsapp' ><a target=\"_blank\" aria-label=\"Compartir en Whatsapp\" href='https:\/\/api.whatsapp.com\/send?text=https:\/\/radiorevelacionfm.cl\/?p=25114' aria-hidden='false' data-av_icon='\uf232' data-av_iconfont='entypo-fontello' title='' data-avia-related-tooltip='Compartir en Whatsapp' rel=\"noopener\"><span class='avia_hidden_link_text'>Compartir en Whatsapp<\/span><\/a><\/li><li class='av-share-link av-social-link-linkedin' ><a target=\"_blank\" aria-label=\"Compartir en LinkedIn\" href='https:\/\/linkedin.com\/shareArticle?mini=true&#038;title=PDI%20detiene%20a%20dos%20imputados%20y%20aclara%20robos%20ocurridos%20en%20el%20centro%20de%20Coyhaique&#038;url=https:\/\/radiorevelacionfm.cl\/?p=25114' aria-hidden='false' data-av_icon='\ue8fc' data-av_iconfont='entypo-fontello' title='' data-avia-related-tooltip='Compartir en LinkedIn' rel=\"noopener\"><span class='avia_hidden_link_text'>Compartir en LinkedIn<\/span><\/a><\/li><li class='av-share-link av-social-link-mail' ><a  aria-label=\"Compartir por correo\" href='mailto:?subject=PDI%20detiene%20a%20dos%20imputados%20y%20aclara%20robos%20ocurridos%20en%20el%20centro%20de%20Coyhaique&#038;body=https:\/\/radiorevelacionfm.cl\/?p=25114' aria-hidden='false' data-av_icon='\ue805' data-av_iconfont='entypo-fontello' title='' data-avia-related-tooltip='Compartir por correo'><span class='avia_hidden_link_text'>Compartir por correo<\/span><\/a><\/li><\/ul><\/div><\/div>\n<div  style='height:50px' class='hr hr-invisible   avia-builder-el-8  el_after_av_social_share  el_before_av_comments_list '><span class='hr-inner ' ><span class='hr-inner-style'><\/span><\/span><\/div>\n<div  class='av-buildercomment  av-blog-meta-html-info-disabled av-blog-meta-tag-disabled  '><\/div>\n","protected":false},"excerpt":{"rendered":"","protected":false},"author":1,"featured_media":18858,"comment_status":"open","ping_status":"open","sticky":false,"template":"","format":"standard","meta":{"footnotes":""},"categories":[36],"tags":[],"class_list":["post-25114","post","type-post","status-publish","format-standard","has-post-thumbnail","hentry","category-policial"],"jetpack_featured_media_url":"https:\/\/radiorevelacionfm.cl\/wp-content\/uploads\/2022\/07\/Referencial-detenido-PDI-004-1-1-1.jpg","_links":{"self":[{"href":"https:\/\/radiorevelacionfm.cl\/index.php?rest_route=\/wp\/v2\/posts\/25114","targetHints":{"allow":["GET"]}}],"collection":[{"href":"https:\/\/radiorevelacionfm.cl\/index.php?rest_route=\/wp\/v2\/posts"}],"about":[{"href":"https:\/\/radiorevelacionfm.cl\/index.php?rest_route=\/wp\/v2\/types\/post"}],"author":[{"embeddable":true,"href":"https:\/\/radiorevelacionfm.cl\/index.php?rest_route=\/wp\/v2\/users\/1"}],"replies":[{"embeddable":true,"href":"https:\/\/radiorevelacionfm.cl\/index.php?rest_route=%2Fwp%2Fv2%2Fcomments&post=25114"}],"version-history":[{"count":2,"href":"https:\/\/radiorevelacionfm.cl\/index.php?rest_route=\/wp\/v2\/posts\/25114\/revisions"}],"predecessor-version":[{"id":25116,"href":"https:\/\/radiorevelacionfm.cl\/index.php?rest_route=\/wp\/v2\/posts\/25114\/revisions\/25116"}],"wp:featuredmedia":[{"embeddable":true,"href":"https:\/\/radiorevelacionfm.cl\/index.php?rest_route=\/wp\/v2\/media\/18858"}],"wp:attachment":[{"href":"https:\/\/radiorevelacionfm.cl\/index.php?rest_route=%2Fwp%2Fv2%2Fmedia&parent=25114"}],"wp:term":[{"taxonomy":"category","embeddable":true,"href":"https:\/\/radiorevelacionfm.cl\/index.php?rest_route=%2Fwp%2Fv2%2Fcategories&post=25114"},{"taxonomy":"post_tag","embeddable":true,"href":"https:\/\/radiorevelacionfm.cl\/index.php?rest_route=%2Fwp%2Fv2%2Ftags&post=25114"}],"curies":[{"name":"wp","href":"https:\/\/api.w.org\/{rel}","templated":true}]}}