{"id":25106,"date":"2022-12-09T12:52:18","date_gmt":"2022-12-09T15:52:18","guid":{"rendered":"https:\/\/radiorevelacionfm.cl\/?p=25106"},"modified":"2022-12-09T12:52:18","modified_gmt":"2022-12-09T15:52:18","slug":"jovenes-entregan-a-autoridades-regionales-informe-final-del-diagnostico-ser-joven-en-coyhaique","status":"publish","type":"post","link":"https:\/\/radiorevelacionfm.cl\/?p=25106","title":{"rendered":"J\u00f3venes entregan a autoridades regionales informe final del Diagn\u00f3stico \u201cSer Joven en Coyhaique\u201d"},"content":{"rendered":"<div class=\"flex_column av_one_full  flex_column_div av-zero-column-padding first  avia-builder-el-0  el_before_av_one_full  avia-builder-el-first  \" style='border-radius:0px; '><div  class='avia-image-container  av-styling-    avia-builder-el-1  avia-builder-el-no-sibling  avia-align-center '  itemprop=\"image\" itemscope=\"itemscope\" itemtype=\"https:\/\/schema.org\/ImageObject\"  ><div class='avia-image-container-inner'><div class='avia-image-overlay-wrap'><img decoding=\"async\" class='wp-image-25108 avia-img-lazy-loading-not-25108 avia_image' src=\"https:\/\/radiorevelacionfm.cl\/wp-content\/uploads\/2022\/12\/img_0724-1_optimized.jpg\" alt='' title='img_0724-(1)_optimized' height=\"600\" width=\"883\"  itemprop=\"thumbnailUrl\" srcset=\"https:\/\/radiorevelacionfm.cl\/wp-content\/uploads\/2022\/12\/img_0724-1_optimized.jpg 883w, https:\/\/radiorevelacionfm.cl\/wp-content\/uploads\/2022\/12\/img_0724-1_optimized-300x204.jpg 300w, https:\/\/radiorevelacionfm.cl\/wp-content\/uploads\/2022\/12\/img_0724-1_optimized-768x522.jpg 768w, https:\/\/radiorevelacionfm.cl\/wp-content\/uploads\/2022\/12\/img_0724-1_optimized-705x479.jpg 705w, https:\/\/radiorevelacionfm.cl\/wp-content\/uploads\/2022\/12\/img_0724-1_optimized-600x408.jpg 600w\" sizes=\"(max-width: 883px) 100vw, 883px\" \/><\/div><\/div><\/div><\/div><div class=\"flex_column av_one_full  flex_column_div av-zero-column-padding first  avia-builder-el-2  el_after_av_one_full  el_before_av_one_full  column-top-margin\" style='border-radius:0px; '><section class=\"av_textblock_section \"  itemscope=\"itemscope\" itemtype=\"https:\/\/schema.org\/BlogPosting\" itemprop=\"blogPost\" ><div class='avia_textblock  '   itemprop=\"text\" ><p style=\"text-align: center;\"><strong><span style=\"font-size: 18pt;\">J\u00f3venes entregan a autoridades regionales informe final del Diagn\u00f3stico \u201cSer Joven en Coyhaique\u201d<\/span><\/strong><\/p>\n<div id=\"gtx-trans\" style=\"position: absolute; left: -50px; top: 4.31534px;\">\n<div class=\"gtx-trans-icon\"><\/div>\n<\/div>\n<\/div><\/section><\/div><div class=\"flex_column av_one_full  flex_column_div av-zero-column-padding first  avia-builder-el-4  el_after_av_one_full  el_before_av_hr  column-top-margin\" style='border-radius:0px; '><section class=\"av_textblock_section \"  itemscope=\"itemscope\" itemtype=\"https:\/\/schema.org\/BlogPosting\" itemprop=\"blogPost\" ><div class='avia_textblock  '   itemprop=\"text\" ><p style=\"text-align: justify;\">En el \u00a0Instituto Nacional de la Juventud de la regi\u00f3n de Ays\u00e9n, j\u00f3venes se dieron cita para entregar a las autoridades regionales el resultado del Diagn\u00f3stico \u201cSer Joven en Coyhaique\u201d, trabajo realizado durante el mes de octubre del presente a\u00f1o y que tuvo por objetivo identificar las tem\u00e1ticas prioritarias y caracterizar a la poblaci\u00f3n juvenil de la comuna.<\/p>\n<p style=\"text-align: justify;\">En el desarrollo del diagn\u00f3stico las y los j\u00f3venes participantes apoyaron en la creaci\u00f3n de un an\u00e1lisis FODA, seg\u00fan las tem\u00e1ticas seleccionadas a partir de los encuentros, instancia que ser\u00e1 de ayuda \u00a0como insumo en la construcci\u00f3n de la pol\u00edtica p\u00fablica local para la juventud.<\/p>\n<p style=\"text-align: justify;\">Para la Directora Regional (s) G\u00e9nesis Arias Fuentes \u201ces importante motivar a las juventudes de nuestra regi\u00f3n, acompa\u00f1arlas y trabajar en conjunto.\u00a0Fortalecer las capacidades y herramientas a nivel local, por medio de los municipios, para desarrollar acciones y estrategias que mejoren la vinculaci\u00f3n de\u00a0las y los\u00a0 j\u00f3venes con el desarrollo comunitario\u201d.<\/p>\n<p style=\"text-align: justify;\">En tanto la Seremi de Desarrollo Social y Familia, Karina Acevedo Auad, \u00a0sostuvo que \u201cfue un grato encuentro entre diferentes j\u00f3venes que participaron en esta evaluaci\u00f3n \u201cSer Joven en Coyhaique\u201d, donde dan cuenta de una serie de carencias, del impedimento que tienen para poder desarrollar un buen deporte, una buena atenci\u00f3n de salud por ejemplo, recreaci\u00f3n, espacio de esparcimiento, cultura, pero tambi\u00e9n la disposici\u00f3n para poder formar y co-crear\u00a0 una nueva pol\u00edtica p\u00fablica para Coyhaique y porque no\u00a0 para replicarla para la regi\u00f3n de Ays\u00e9n. Hoy es \u00a0momento de conocer el diagn\u00f3stico por\u00a0 parte de los j\u00f3venes, de lo que esperan que suceda en Ays\u00e9n y como tambi\u00e9n a partir de eso romper los esquemas que tenemos en Coyhaique hoy d\u00eda y en la regi\u00f3n\u201d.<\/p>\n<p style=\"text-align: justify;\">El Presidente del Centro General de Alumnos del Liceo Josefina Aguirre Montenegro, Eduardo Morales,\u00a0 se\u00f1al\u00f3 que \u201cme pareci\u00f3 una experiencia muy buena, la verdad es que me encant\u00f3 participar de esta actividad ya que trabajamos bastante, me pareci\u00f3 excelente poder haber entregado el informe a las autoridades. Le doy las gracias a todos los que participaron, a los coordinadores de INJUV que nos ayudaron\u201d.<\/p>\n<p style=\"text-align: justify;\"><strong>\u00bfQu\u00e9 motivo la creaci\u00f3n del proyecto?<\/strong><\/p>\n<p style=\"text-align: justify;\">El limitado nivel de participaci\u00f3n de j\u00f3venes entre 15 y 29 a\u00f1os en acciones de desarrollo comunitario. Lo anterior se expresa en que: &#8211; Solo el 14,4% de j\u00f3venes declara participar en organizaciones de desarrollo comunitario (16,8% en adultos) seg\u00fan INJUV, 2018. En 2015, esta cifra era de 12,9% en j\u00f3venes y 17,4%en adultos (INJUV, 2015). &#8211; El 46% participa en organizaciones sociales. (INJUV, 2018). La participaci\u00f3n en organizaciones\u00a0 sociales baj\u00f3 respecto a 2015 (50% en 2015 y 46% en 2018) seg\u00fan INJUV 2018. &#8211; Desde 2012 ha venido disminuyendo sostenidamente el porcentaje de j\u00f3venes que ha participado en al menos una actividad de ayuda en la comunidad o trabajo voluntario en el \u00faltimo a\u00f1o.<\/p>\n<p style=\"text-align: justify;\">Si en 2012 era 34,8%, en 2015 era 28,3%, para 2018 era s\u00f3lo el 27,8%, seg\u00fan ENJ 2012, 2015 y 2018. Se espera trabajar en un programa de 1 a\u00f1o 9 meses de duraci\u00f3n para vincular a j\u00f3venes con el desarrollo comunitario de su comuna a trav\u00e9s de un trabajo en conjunto de INJUV, Municipio, organizaciones comunitarias y j\u00f3venes.<\/p>\n<p style=\"text-align: justify;\"><strong>\u00a0<\/strong><\/p>\n<\/div><\/section><\/div><div  style='height:50px' class='hr hr-invisible   avia-builder-el-6  el_after_av_one_full  el_before_av_social_share '><span class='hr-inner ' ><span class='hr-inner-style'><\/span><\/span><\/div><\/p>\n<div  class='av-social-sharing-box  avia-builder-el-7  el_after_av_hr  el_before_av_hr  '><div class='av-share-box'><h5 class='av-share-link-description av-no-toc '>Compartir esta noticia<\/h5><ul class='av-share-box-list noLightbox'><li class='av-share-link av-social-link-facebook' ><a target=\"_blank\" aria-label=\"Compartir en Facebook\" href='https:\/\/www.facebook.com\/sharer.php?u=https:\/\/radiorevelacionfm.cl\/?p=25106&#038;t=J%C3%B3venes%20entregan%20a%20autoridades%20regionales%20informe%20final%20del%20Diagn%C3%B3stico%20%E2%80%9CSer%20Joven%20en%20Coyhaique%E2%80%9D' aria-hidden='false' data-av_icon='\ue8f3' data-av_iconfont='entypo-fontello' title='' data-avia-related-tooltip='Compartir en Facebook' rel=\"noopener\"><span class='avia_hidden_link_text'>Compartir en Facebook<\/span><\/a><\/li><li class='av-share-link av-social-link-twitter' ><a target=\"_blank\" aria-label=\"Compartir en Twitter\" href='https:\/\/twitter.com\/share?text=J%C3%B3venes%20entregan%20a%20autoridades%20regionales%20informe%20final%20del%20Diagn%C3%B3stico%20%E2%80%9CSer%20Joven%20en%20Coyhaique%E2%80%9D&#038;url=https:\/\/radiorevelacionfm.cl\/?p=25106' aria-hidden='false' data-av_icon='\ue8f1' data-av_iconfont='entypo-fontello' title='' data-avia-related-tooltip='Compartir en Twitter' rel=\"noopener\"><span class='avia_hidden_link_text'>Compartir en Twitter<\/span><\/a><\/li><li class='av-share-link av-social-link-whatsapp' ><a target=\"_blank\" aria-label=\"Compartir en Whatsapp\" href='https:\/\/api.whatsapp.com\/send?text=https:\/\/radiorevelacionfm.cl\/?p=25106' aria-hidden='false' data-av_icon='\uf232' data-av_iconfont='entypo-fontello' title='' data-avia-related-tooltip='Compartir en Whatsapp' rel=\"noopener\"><span class='avia_hidden_link_text'>Compartir en Whatsapp<\/span><\/a><\/li><li class='av-share-link av-social-link-linkedin' ><a target=\"_blank\" aria-label=\"Compartir en LinkedIn\" href='https:\/\/linkedin.com\/shareArticle?mini=true&#038;title=J%C3%B3venes%20entregan%20a%20autoridades%20regionales%20informe%20final%20del%20Diagn%C3%B3stico%20%E2%80%9CSer%20Joven%20en%20Coyhaique%E2%80%9D&#038;url=https:\/\/radiorevelacionfm.cl\/?p=25106' aria-hidden='false' data-av_icon='\ue8fc' data-av_iconfont='entypo-fontello' title='' data-avia-related-tooltip='Compartir en LinkedIn' rel=\"noopener\"><span class='avia_hidden_link_text'>Compartir en LinkedIn<\/span><\/a><\/li><li class='av-share-link av-social-link-mail' ><a  aria-label=\"Compartir por correo\" href='mailto:?subject=J%C3%B3venes%20entregan%20a%20autoridades%20regionales%20informe%20final%20del%20Diagn%C3%B3stico%20%E2%80%9CSer%20Joven%20en%20Coyhaique%E2%80%9D&#038;body=https:\/\/radiorevelacionfm.cl\/?p=25106' aria-hidden='false' data-av_icon='\ue805' data-av_iconfont='entypo-fontello' title='' data-avia-related-tooltip='Compartir por correo'><span class='avia_hidden_link_text'>Compartir por correo<\/span><\/a><\/li><\/ul><\/div><\/div>\n<div  style='height:50px' class='hr hr-invisible   avia-builder-el-8  el_after_av_social_share  el_before_av_comments_list '><span class='hr-inner ' ><span class='hr-inner-style'><\/span><\/span><\/div>\n<div  class='av-buildercomment  av-blog-meta-html-info-disabled av-blog-meta-tag-disabled  '><\/div>\n","protected":false},"excerpt":{"rendered":"","protected":false},"author":1,"featured_media":25108,"comment_status":"open","ping_status":"open","sticky":false,"template":"","format":"standard","meta":{"footnotes":""},"categories":[38],"tags":[],"class_list":["post-25106","post","type-post","status-publish","format-standard","has-post-thumbnail","hentry","category-regional"],"jetpack_featured_media_url":"https:\/\/radiorevelacionfm.cl\/wp-content\/uploads\/2022\/12\/img_0724-1_optimized.jpg","_links":{"self":[{"href":"https:\/\/radiorevelacionfm.cl\/index.php?rest_route=\/wp\/v2\/posts\/25106","targetHints":{"allow":["GET"]}}],"collection":[{"href":"https:\/\/radiorevelacionfm.cl\/index.php?rest_route=\/wp\/v2\/posts"}],"about":[{"href":"https:\/\/radiorevelacionfm.cl\/index.php?rest_route=\/wp\/v2\/types\/post"}],"author":[{"embeddable":true,"href":"https:\/\/radiorevelacionfm.cl\/index.php?rest_route=\/wp\/v2\/users\/1"}],"replies":[{"embeddable":true,"href":"https:\/\/radiorevelacionfm.cl\/index.php?rest_route=%2Fwp%2Fv2%2Fcomments&post=25106"}],"version-history":[{"count":2,"href":"https:\/\/radiorevelacionfm.cl\/index.php?rest_route=\/wp\/v2\/posts\/25106\/revisions"}],"predecessor-version":[{"id":25113,"href":"https:\/\/radiorevelacionfm.cl\/index.php?rest_route=\/wp\/v2\/posts\/25106\/revisions\/25113"}],"wp:featuredmedia":[{"embeddable":true,"href":"https:\/\/radiorevelacionfm.cl\/index.php?rest_route=\/wp\/v2\/media\/25108"}],"wp:attachment":[{"href":"https:\/\/radiorevelacionfm.cl\/index.php?rest_route=%2Fwp%2Fv2%2Fmedia&parent=25106"}],"wp:term":[{"taxonomy":"category","embeddable":true,"href":"https:\/\/radiorevelacionfm.cl\/index.php?rest_route=%2Fwp%2Fv2%2Fcategories&post=25106"},{"taxonomy":"post_tag","embeddable":true,"href":"https:\/\/radiorevelacionfm.cl\/index.php?rest_route=%2Fwp%2Fv2%2Ftags&post=25106"}],"curies":[{"name":"wp","href":"https:\/\/api.w.org\/{rel}","templated":true}]}}