{"id":25098,"date":"2022-12-10T16:18:24","date_gmt":"2022-12-10T19:18:24","guid":{"rendered":"https:\/\/radiorevelacionfm.cl\/?p=25098"},"modified":"2022-12-10T16:18:24","modified_gmt":"2022-12-10T19:18:24","slug":"jardin-sobre-ruedas-realiza-septimo-encuentro-con-familias","status":"publish","type":"post","link":"https:\/\/radiorevelacionfm.cl\/?p=25098","title":{"rendered":"Jard\u00edn Sobre Ruedas realiza s\u00e9ptimo encuentro con familias"},"content":{"rendered":"<div class=\"flex_column av_one_full  flex_column_div av-zero-column-padding first  avia-builder-el-0  el_before_av_one_full  avia-builder-el-first  \" style='border-radius:0px; '><div  class='avia-image-container  av-styling-    avia-builder-el-1  avia-builder-el-no-sibling  avia-align-center '  itemprop=\"image\" itemscope=\"itemscope\" itemtype=\"https:\/\/schema.org\/ImageObject\"  ><div class='avia-image-container-inner'><div class='avia-image-overlay-wrap'><img decoding=\"async\" class='wp-image-25099 avia-img-lazy-loading-not-25099 avia_image' src=\"https:\/\/radiorevelacionfm.cl\/wp-content\/uploads\/2022\/12\/1-53-1_optimized.jpeg\" alt='' title='1-(53)-(1)_optimized' height=\"600\" width=\"902\"  itemprop=\"thumbnailUrl\" srcset=\"https:\/\/radiorevelacionfm.cl\/wp-content\/uploads\/2022\/12\/1-53-1_optimized.jpeg 902w, https:\/\/radiorevelacionfm.cl\/wp-content\/uploads\/2022\/12\/1-53-1_optimized-300x200.jpeg 300w, https:\/\/radiorevelacionfm.cl\/wp-content\/uploads\/2022\/12\/1-53-1_optimized-768x511.jpeg 768w, https:\/\/radiorevelacionfm.cl\/wp-content\/uploads\/2022\/12\/1-53-1_optimized-705x469.jpeg 705w, https:\/\/radiorevelacionfm.cl\/wp-content\/uploads\/2022\/12\/1-53-1_optimized-600x399.jpeg 600w\" sizes=\"(max-width: 902px) 100vw, 902px\" \/><\/div><\/div><\/div><\/div><div class=\"flex_column av_one_full  flex_column_div av-zero-column-padding first  avia-builder-el-2  el_after_av_one_full  el_before_av_one_full  column-top-margin\" style='border-radius:0px; '><section class=\"av_textblock_section \"  itemscope=\"itemscope\" itemtype=\"https:\/\/schema.org\/BlogPosting\" itemprop=\"blogPost\" ><div class='avia_textblock  '   itemprop=\"text\" ><p style=\"text-align: center;\"><strong><span style=\"font-size: 18pt;\">Jard\u00edn Sobre Ruedas realiza s\u00e9ptimo encuentro con familias<\/span><\/strong><\/p>\n<div id=\"gtx-trans\" style=\"position: absolute; left: -50px; top: 4.31534px;\">\n<div class=\"gtx-trans-icon\"><\/div>\n<\/div>\n<\/div><\/section><\/div><div class=\"flex_column av_one_full  flex_column_div av-zero-column-padding first  avia-builder-el-4  el_after_av_one_full  el_before_av_hr  column-top-margin\" style='border-radius:0px; '><section class=\"av_textblock_section \"  itemscope=\"itemscope\" itemtype=\"https:\/\/schema.org\/BlogPosting\" itemprop=\"blogPost\" ><div class='avia_textblock  '   itemprop=\"text\" ><p style=\"font-weight: 400; text-align: justify;\">Por s\u00e9ptimo a\u00f1o consecutivo Fundaci\u00f3n Integra de la regi\u00f3n de Ays\u00e9n llev\u00f3 a cabo el encuentro regional del Jard\u00edn Sobre Ruedas (JSR). Dicha actividad reuni\u00f3 a familias y ni\u00f1os de Ma\u00f1ihuales, \u00d1irehuao y Coyhaique -que forman parte de esta Modalidad No Convencional- en la que se desarrollaron diversas actividades y reflexiones respeto de la importancia de la educaci\u00f3n inicial, el rol de las familias en el desarrollo integral de sus hijos e hijas, entre otros.<\/p>\n<p style=\"font-weight: 400; text-align: justify;\">Leticia Araya Norambuena, directora regional de Fundaci\u00f3n Integra destac\u00f3 la importancia de estos espacios de encuentro y que defini\u00f3 como \u201cmuy significativos para quienes forman parte de la instituci\u00f3n tanto para conversar y reflexionar respecto de las cosas que nos pasan con nuestros hijos e hijas\u201d. A la vez recalc\u00f3 que \u201cestar en estos espacios tambi\u00e9n nos revitaliza porque ac\u00e1 est\u00e1 la esencia de lo que es la educaci\u00f3n parvularia\u201d.<\/p>\n<p style=\"font-weight: 400; text-align: justify;\">La actividad se desarroll\u00f3 en la sede vecinal \u201cLas Chacras\u201d de la localidad de Ma\u00f1ihuales donde funciona semanalmente esta modalidad y que cont\u00f3 con la participaci\u00f3n de m\u00e1s de una decena de familias de tres localidades en el JSR presta este servicio, acompa\u00f1ados de funcionarios de Oficina Regional quienes pudieron disfrutar de una jornada de juegos y actividades l\u00fadicas en donde los ni\u00f1os y ni\u00f1as fueron los protagonistas.<\/p>\n<p style=\"font-weight: 400; text-align: justify;\">Joselyn Orellana, directora y educadora del Jard\u00edn Sobre Ruedas destaca que \u201cestos encuentros han sido posibles gracias a la f\u00e9rrea alianza con las familias, y que es parte de nuestro sello educativo como modalidad, por lo que valoramos enormemente el trabajo que cada una de ellas desarrollan para que esto fuera posible\u201d. Al mismo tiempo recalca que \u201chay un trabajo importante de las familias y de compromiso en la que la base es el bienestar de todos quienes participan de estas acciones\u201d.<\/p>\n<p style=\"font-weight: 400; text-align: justify;\">Desde Fundaci\u00f3n Integra recalcan este encuentro del Jard\u00edn Sobre Ruedas est\u00e1 hecho para que las familias de las distintas localidades se re\u00fanan, se \u00a0conozcan y que los ni\u00f1os y ni\u00f1as puedan compartir durante una jornada en la que se les ofrecen diversas actividades y talleres que tienen como prop\u00f3sito ense\u00f1ar nuevas estrategias y favorezcan los aprendizajes y pr\u00e1cticas de crianzas.<\/p>\n<p style=\"font-weight: 400; text-align: justify;\">Paulina Catal\u00e1n, una de las apoderadas que particip\u00f3 de este encuentro destac\u00f3 lo importante que ha sido el Jard\u00edn Sobre Ruedas en la vida de su hijo la que defini\u00f3 como \u201cuna buena alternativa, ya que podemos ver el avance de nuestros hijos, adem\u00e1s de saber del porqu\u00e9 de sus acciones, aprender de autocuidado. Adem\u00e1s podemos apoyar a nuestros hijos en los procesos educativos para sus respectivas edades\u201d,<\/p>\n<p style=\"font-weight: 400; text-align: justify;\">\u201cTodo lo que se hace en esta modalidad es con la activa participaci\u00f3n de las familias, ya que el jard\u00edn va una vez a la semana a cada localidad, por lo tanto todo lo que ocurre en la semana con respecto a los aprendizajes de los ni\u00f1os y ni\u00f1as se desarrolla de la mano con las familias. Ellas cumplen un rol de participar, acompa\u00f1ar y ser actores claves para el desarrollo de sus hijos e hijas\u201d enfatiz\u00f3 Leticia Araya Norambuena.<\/p>\n<p style=\"font-weight: 400; text-align: justify;\">Finalmente, cabe destacar que el Jard\u00edn Sobre Ruedas, trabaja en 4 localidades de la regi\u00f3n como lo son \u00d1irehuao, Arroyo El Gato, Ma\u00f1ihuales y Coyhaique y cuyo prop\u00f3sito es ofrecer a ni\u00f1os y ni\u00f1as de educaci\u00f3n inicial de calidad, pertinente a sus necesidades e intereses y caracter\u00edsticas de aprendizaje, a trav\u00e9s de un trabajo en conjunto con las familias y la comunidad local en que se emplaza.<\/p>\n<\/div><\/section><\/div><div  style='height:50px' class='hr hr-invisible   avia-builder-el-6  el_after_av_one_full  el_before_av_social_share '><span class='hr-inner ' ><span class='hr-inner-style'><\/span><\/span><\/div><\/p>\n<div  class='av-social-sharing-box  avia-builder-el-7  el_after_av_hr  el_before_av_hr  '><div class='av-share-box'><h5 class='av-share-link-description av-no-toc '>Compartir esta noticia<\/h5><ul class='av-share-box-list noLightbox'><li class='av-share-link av-social-link-facebook' ><a target=\"_blank\" aria-label=\"Compartir en Facebook\" href='https:\/\/www.facebook.com\/sharer.php?u=https:\/\/radiorevelacionfm.cl\/?p=25098&#038;t=Jard%C3%ADn%20Sobre%20Ruedas%20realiza%20s%C3%A9ptimo%20encuentro%20con%20familias' aria-hidden='false' data-av_icon='\ue8f3' data-av_iconfont='entypo-fontello' title='' data-avia-related-tooltip='Compartir en Facebook' rel=\"noopener\"><span class='avia_hidden_link_text'>Compartir en Facebook<\/span><\/a><\/li><li class='av-share-link av-social-link-twitter' ><a target=\"_blank\" aria-label=\"Compartir en Twitter\" href='https:\/\/twitter.com\/share?text=Jard%C3%ADn%20Sobre%20Ruedas%20realiza%20s%C3%A9ptimo%20encuentro%20con%20familias&#038;url=https:\/\/radiorevelacionfm.cl\/?p=25098' aria-hidden='false' data-av_icon='\ue8f1' data-av_iconfont='entypo-fontello' title='' data-avia-related-tooltip='Compartir en Twitter' rel=\"noopener\"><span class='avia_hidden_link_text'>Compartir en Twitter<\/span><\/a><\/li><li class='av-share-link av-social-link-whatsapp' ><a target=\"_blank\" aria-label=\"Compartir en Whatsapp\" href='https:\/\/api.whatsapp.com\/send?text=https:\/\/radiorevelacionfm.cl\/?p=25098' aria-hidden='false' data-av_icon='\uf232' data-av_iconfont='entypo-fontello' title='' data-avia-related-tooltip='Compartir en Whatsapp' rel=\"noopener\"><span class='avia_hidden_link_text'>Compartir en Whatsapp<\/span><\/a><\/li><li class='av-share-link av-social-link-linkedin' ><a target=\"_blank\" aria-label=\"Compartir en LinkedIn\" href='https:\/\/linkedin.com\/shareArticle?mini=true&#038;title=Jard%C3%ADn%20Sobre%20Ruedas%20realiza%20s%C3%A9ptimo%20encuentro%20con%20familias&#038;url=https:\/\/radiorevelacionfm.cl\/?p=25098' aria-hidden='false' data-av_icon='\ue8fc' data-av_iconfont='entypo-fontello' title='' data-avia-related-tooltip='Compartir en LinkedIn' rel=\"noopener\"><span class='avia_hidden_link_text'>Compartir en LinkedIn<\/span><\/a><\/li><li class='av-share-link av-social-link-mail' ><a  aria-label=\"Compartir por correo\" href='mailto:?subject=Jard%C3%ADn%20Sobre%20Ruedas%20realiza%20s%C3%A9ptimo%20encuentro%20con%20familias&#038;body=https:\/\/radiorevelacionfm.cl\/?p=25098' aria-hidden='false' data-av_icon='\ue805' data-av_iconfont='entypo-fontello' title='' data-avia-related-tooltip='Compartir por correo'><span class='avia_hidden_link_text'>Compartir por correo<\/span><\/a><\/li><\/ul><\/div><\/div>\n<div  style='height:50px' class='hr hr-invisible   avia-builder-el-8  el_after_av_social_share  el_before_av_comments_list '><span class='hr-inner ' ><span class='hr-inner-style'><\/span><\/span><\/div>\n<div  class='av-buildercomment  av-blog-meta-html-info-disabled av-blog-meta-tag-disabled  '><\/div>\n","protected":false},"excerpt":{"rendered":"","protected":false},"author":1,"featured_media":25099,"comment_status":"open","ping_status":"open","sticky":false,"template":"","format":"standard","meta":{"footnotes":""},"categories":[49],"tags":[],"class_list":["post-25098","post","type-post","status-publish","format-standard","has-post-thumbnail","hentry","category-educacion"],"jetpack_featured_media_url":"https:\/\/radiorevelacionfm.cl\/wp-content\/uploads\/2022\/12\/1-53-1_optimized.jpeg","_links":{"self":[{"href":"https:\/\/radiorevelacionfm.cl\/index.php?rest_route=\/wp\/v2\/posts\/25098","targetHints":{"allow":["GET"]}}],"collection":[{"href":"https:\/\/radiorevelacionfm.cl\/index.php?rest_route=\/wp\/v2\/posts"}],"about":[{"href":"https:\/\/radiorevelacionfm.cl\/index.php?rest_route=\/wp\/v2\/types\/post"}],"author":[{"embeddable":true,"href":"https:\/\/radiorevelacionfm.cl\/index.php?rest_route=\/wp\/v2\/users\/1"}],"replies":[{"embeddable":true,"href":"https:\/\/radiorevelacionfm.cl\/index.php?rest_route=%2Fwp%2Fv2%2Fcomments&post=25098"}],"version-history":[{"count":2,"href":"https:\/\/radiorevelacionfm.cl\/index.php?rest_route=\/wp\/v2\/posts\/25098\/revisions"}],"predecessor-version":[{"id":25179,"href":"https:\/\/radiorevelacionfm.cl\/index.php?rest_route=\/wp\/v2\/posts\/25098\/revisions\/25179"}],"wp:featuredmedia":[{"embeddable":true,"href":"https:\/\/radiorevelacionfm.cl\/index.php?rest_route=\/wp\/v2\/media\/25099"}],"wp:attachment":[{"href":"https:\/\/radiorevelacionfm.cl\/index.php?rest_route=%2Fwp%2Fv2%2Fmedia&parent=25098"}],"wp:term":[{"taxonomy":"category","embeddable":true,"href":"https:\/\/radiorevelacionfm.cl\/index.php?rest_route=%2Fwp%2Fv2%2Fcategories&post=25098"},{"taxonomy":"post_tag","embeddable":true,"href":"https:\/\/radiorevelacionfm.cl\/index.php?rest_route=%2Fwp%2Fv2%2Ftags&post=25098"}],"curies":[{"name":"wp","href":"https:\/\/api.w.org\/{rel}","templated":true}]}}