{"id":2509,"date":"2021-02-10T12:25:44","date_gmt":"2021-02-10T15:25:44","guid":{"rendered":"https:\/\/radiorevelacionfm.cl\/?p=2509"},"modified":"2021-02-10T12:25:44","modified_gmt":"2021-02-10T15:25:44","slug":"trabajo-asociativo-permite-desarrollar-proyecto-sustentable-y-con-identidad-regional","status":"publish","type":"post","link":"https:\/\/radiorevelacionfm.cl\/?p=2509","title":{"rendered":"Trabajo asociativo permite desarrollar proyecto sustentable y con identidad regional"},"content":{"rendered":"<div class=\"flex_column av_one_full  flex_column_div av-zero-column-padding first  avia-builder-el-0  el_before_av_one_full  avia-builder-el-first  \" style='border-radius:0px; '><div  class='avia-image-container  av-styling-    avia-builder-el-1  avia-builder-el-no-sibling  avia-align-center '  itemprop=\"image\" itemscope=\"itemscope\" itemtype=\"https:\/\/schema.org\/ImageObject\"  ><div class='avia-image-container-inner'><div class='avia-image-overlay-wrap'><img decoding=\"async\" class='wp-image-0 avia-img-lazy-loading-not-0 avia_image' src=\"https:\/\/radiorevelacionfm.cl\/wp-content\/uploads\/2021\/02\/ag-baker_optimized.jpg\" alt='' title=''   itemprop=\"thumbnailUrl\"  \/><\/div><\/div><\/div><\/div><div class=\"flex_column av_one_full  flex_column_div av-zero-column-padding first  avia-builder-el-2  el_after_av_one_full  el_before_av_one_full  column-top-margin\" style='border-radius:0px; '><section class=\"av_textblock_section \"  itemscope=\"itemscope\" itemtype=\"https:\/\/schema.org\/BlogPosting\" itemprop=\"blogPost\" ><div class='avia_textblock  '   itemprop=\"text\" ><p style=\"text-align: center;\"><span style=\"font-size: 18pt;\"><strong>Trabajo asociativo permite desarrollar proyecto sustentable y con identidad regional<\/strong><\/span><\/p>\n<div id=\"gtx-trans\" style=\"position: absolute; left: -50px; top: 4.31534px;\">\n<div class=\"gtx-trans-icon\"><\/div>\n<\/div>\n<\/div><\/section><\/div><div class=\"flex_column av_one_full  flex_column_div av-zero-column-padding first  avia-builder-el-4  el_after_av_one_full  el_before_av_hr  column-top-margin\" style='border-radius:0px; '><section class=\"av_textblock_section \"  itemscope=\"itemscope\" itemtype=\"https:\/\/schema.org\/BlogPosting\" itemprop=\"blogPost\" ><div class='avia_textblock  '   itemprop=\"text\" ><p style=\"text-align: justify;\">Un sistema constructivo con clara identidad local, sustentable, sostenible e innovador ha nacido del trabajo conjunto de la Asociaci\u00f3n Gremial (A.G.) de Peque\u00f1os Agricultores y Ganaderos de R\u00edo Baker y LANARQ Arquitectura, en la Regi\u00f3n de Ays\u00e9n.<\/p>\n<p style=\"text-align: justify;\">El sistema implica tabiquer\u00eda elaborada con madera nativa, procedente de bosques trabajados con planes de manejo forestal, a la que se incorpora lana de oveja, de baja calidad para la industria textil pero con alta capacidad de aislaci\u00f3n t\u00e9rmica para los fr\u00edos inviernos del sur.<\/p>\n<p style=\"text-align: justify;\">Ambos insumos son aportados por esta Asociaci\u00f3n Gremial de la comuna de Cochrane, formada por cerca de 70 hombres y mujeres de la agricultura campesina, que trabajan desde 1986 en procesos de comercializaci\u00f3n asociativa, como una forma de preservar sus tradiciones y mejorar su calidad de vida.<\/p>\n<p style=\"text-align: justify;\">El presidente de la organizaci\u00f3n, Atilio Pizarro, indic\u00f3 que de este modo se incorpora una alternativa atractiva para un tipo de lana que tiene menor valor en el mercado internacional.<\/p>\n<p style=\"text-align: justify;\">\u201cNosotros siempre hemos vendido lana sucia, acondicionada y certificada, al mercado internacional, pero hoy d\u00eda estamos viendo otra forma, que es colocar nuestra lana como aislante en casas, en caba\u00f1as, en construcciones. Para eso hemos firmado un convenio con Lanarq y esperamos que esto sea un nuevo camino. A la lana que es de menor categor\u00eda, hay que hacerle, por supuesto, un lavado y un acondicionamiento, para que podamos sacarle un valor agregado\u201d, destac\u00f3.<\/p>\n<p style=\"text-align: justify;\">Para la arquitecta Mar\u00eda de los \u00c1ngeles Lobos, representante de Lanarq, esta iniciativa es un paso natural en la b\u00fasqueda de soluciones locales sostenibles para las necesidades de la poblaci\u00f3n.<\/p>\n<p style=\"text-align: justify;\">\u201cUtilizando la lana como material aislante, generar e impulsar un modelo de negocios que es construir en conjunto el sistema constructivo Lanarq. Tenemos los ensayos, las acreditaciones t\u00e9cnicas que lo avalan y, de esa forma, trabajar la madera, para la construcci\u00f3n de tabiques con madera local, incorporarle el aislante, de manera de comercializar un sistema constructivo y, por qu\u00e9 no, viviendas prefabricadas con este sistema\u201d, subray\u00f3.<\/p>\n<p style=\"text-align: justify;\">Esta l\u00ednea de trabajo es tambi\u00e9n una iniciativa de gran importancia para la Cooperativa Campesina Agr\u00edcola y Ganadera Multiactiva y Rural Productores del Baker, que naci\u00f3 al alero de la A.G en el a\u00f1o 2010 y que hoy re\u00fane a m\u00e1s de 40 asociados, como expres\u00f3 su presidente, Luis Parada.<\/p>\n<p style=\"text-align: justify;\">\u201cNosotros tenemos que buscar negocios, donde los socios tengan un retorno, que el valor agregado que se saca a cada producto, retorne al bolsillo del productor. Si eso retorna, vamos a estar contribuyendo a un verdadero desarrollo local. Eso queremos hacer hoy con la lana. Si nosotros logramos a la lana de baja calidad, que en el mercado tiene muy bajo precio, incorporarla al \u00e1rea de la construcci\u00f3n, vamos a sacarle un valor agregado que va a volver al bolsillo del productor\u201d, puntualiz\u00f3.<\/p>\n<p style=\"text-align: justify;\">Para lograr que el insumo re\u00fana las caracter\u00edsticas deseadas, los socios de la A.G. y de la Cooperativa R\u00edo Baker fueron capacitados en el tipo de acondicionamiento y lavado de lana requerido, contando para ello con apoyo de Corfo a trav\u00e9s del programa PAR Impulsa y del Nodo de Exportaci\u00f3n de Lanas de Ays\u00e9n, que re\u00fane a diversas organizaciones campesinas, y que estuvo a cargo de las actividades de capacitaci\u00f3n.<\/p>\n<\/div><\/section><\/div><div  style='height:50px' class='hr hr-invisible   avia-builder-el-6  el_after_av_one_full  el_before_av_social_share '><span class='hr-inner ' ><span class='hr-inner-style'><\/span><\/span><\/div><\/p>\n<div  class='av-social-sharing-box  avia-builder-el-7  el_after_av_hr  el_before_av_hr  '><div class='av-share-box'><h5 class='av-share-link-description av-no-toc '>Compartir esta noticia<\/h5><ul class='av-share-box-list noLightbox'><li class='av-share-link av-social-link-facebook' ><a target=\"_blank\" aria-label=\"Compartir en Facebook\" href='https:\/\/www.facebook.com\/sharer.php?u=https:\/\/radiorevelacionfm.cl\/?p=2509&#038;t=Trabajo%20asociativo%20permite%20desarrollar%20proyecto%20sustentable%20y%20con%20identidad%20regional' aria-hidden='false' data-av_icon='\ue8f3' data-av_iconfont='entypo-fontello' title='' data-avia-related-tooltip='Compartir en Facebook' rel=\"noopener\"><span class='avia_hidden_link_text'>Compartir en Facebook<\/span><\/a><\/li><li class='av-share-link av-social-link-twitter' ><a target=\"_blank\" aria-label=\"Compartir en Twitter\" href='https:\/\/twitter.com\/share?text=Trabajo%20asociativo%20permite%20desarrollar%20proyecto%20sustentable%20y%20con%20identidad%20regional&#038;url=https:\/\/radiorevelacionfm.cl\/?p=2509' aria-hidden='false' data-av_icon='\ue8f1' data-av_iconfont='entypo-fontello' title='' data-avia-related-tooltip='Compartir en Twitter' rel=\"noopener\"><span class='avia_hidden_link_text'>Compartir en Twitter<\/span><\/a><\/li><li class='av-share-link av-social-link-whatsapp' ><a target=\"_blank\" aria-label=\"Compartir en Whatsapp\" href='https:\/\/api.whatsapp.com\/send?text=https:\/\/radiorevelacionfm.cl\/?p=2509' aria-hidden='false' data-av_icon='\uf232' data-av_iconfont='entypo-fontello' title='' data-avia-related-tooltip='Compartir en Whatsapp' rel=\"noopener\"><span class='avia_hidden_link_text'>Compartir en Whatsapp<\/span><\/a><\/li><li class='av-share-link av-social-link-linkedin' ><a target=\"_blank\" aria-label=\"Compartir en LinkedIn\" href='https:\/\/linkedin.com\/shareArticle?mini=true&#038;title=Trabajo%20asociativo%20permite%20desarrollar%20proyecto%20sustentable%20y%20con%20identidad%20regional&#038;url=https:\/\/radiorevelacionfm.cl\/?p=2509' aria-hidden='false' data-av_icon='\ue8fc' data-av_iconfont='entypo-fontello' title='' data-avia-related-tooltip='Compartir en LinkedIn' rel=\"noopener\"><span class='avia_hidden_link_text'>Compartir en LinkedIn<\/span><\/a><\/li><li class='av-share-link av-social-link-mail' ><a  aria-label=\"Compartir por correo\" href='mailto:?subject=Trabajo%20asociativo%20permite%20desarrollar%20proyecto%20sustentable%20y%20con%20identidad%20regional&#038;body=https:\/\/radiorevelacionfm.cl\/?p=2509' aria-hidden='false' data-av_icon='\ue805' data-av_iconfont='entypo-fontello' title='' data-avia-related-tooltip='Compartir por correo'><span class='avia_hidden_link_text'>Compartir por correo<\/span><\/a><\/li><\/ul><\/div><\/div>\n<div  style='height:50px' class='hr hr-invisible   avia-builder-el-8  el_after_av_social_share  el_before_av_comments_list '><span class='hr-inner ' ><span class='hr-inner-style'><\/span><\/span><\/div>\n<div  class='av-buildercomment  av-blog-meta-html-info-disabled av-blog-meta-tag-disabled  '><\/div>\n","protected":false},"excerpt":{"rendered":"","protected":false},"author":1,"featured_media":0,"comment_status":"open","ping_status":"open","sticky":false,"template":"","format":"standard","meta":{"footnotes":""},"categories":[38],"tags":[],"class_list":["post-2509","post","type-post","status-publish","format-standard","hentry","category-regional"],"jetpack_featured_media_url":"","_links":{"self":[{"href":"https:\/\/radiorevelacionfm.cl\/index.php?rest_route=\/wp\/v2\/posts\/2509","targetHints":{"allow":["GET"]}}],"collection":[{"href":"https:\/\/radiorevelacionfm.cl\/index.php?rest_route=\/wp\/v2\/posts"}],"about":[{"href":"https:\/\/radiorevelacionfm.cl\/index.php?rest_route=\/wp\/v2\/types\/post"}],"author":[{"embeddable":true,"href":"https:\/\/radiorevelacionfm.cl\/index.php?rest_route=\/wp\/v2\/users\/1"}],"replies":[{"embeddable":true,"href":"https:\/\/radiorevelacionfm.cl\/index.php?rest_route=%2Fwp%2Fv2%2Fcomments&post=2509"}],"version-history":[{"count":1,"href":"https:\/\/radiorevelacionfm.cl\/index.php?rest_route=\/wp\/v2\/posts\/2509\/revisions"}],"predecessor-version":[{"id":2511,"href":"https:\/\/radiorevelacionfm.cl\/index.php?rest_route=\/wp\/v2\/posts\/2509\/revisions\/2511"}],"wp:attachment":[{"href":"https:\/\/radiorevelacionfm.cl\/index.php?rest_route=%2Fwp%2Fv2%2Fmedia&parent=2509"}],"wp:term":[{"taxonomy":"category","embeddable":true,"href":"https:\/\/radiorevelacionfm.cl\/index.php?rest_route=%2Fwp%2Fv2%2Fcategories&post=2509"},{"taxonomy":"post_tag","embeddable":true,"href":"https:\/\/radiorevelacionfm.cl\/index.php?rest_route=%2Fwp%2Fv2%2Ftags&post=2509"}],"curies":[{"name":"wp","href":"https:\/\/api.w.org\/{rel}","templated":true}]}}