{"id":25085,"date":"2022-12-09T11:35:40","date_gmt":"2022-12-09T14:35:40","guid":{"rendered":"https:\/\/radiorevelacionfm.cl\/?p=25085"},"modified":"2022-12-18T20:10:54","modified_gmt":"2022-12-18T23:10:54","slug":"artistas-creadores-y-comunicadores-de-ocho-comunas-inician-capacitacion-en-gestion-cultural","status":"publish","type":"post","link":"https:\/\/radiorevelacionfm.cl\/?p=25085","title":{"rendered":"Artistas, creadores y comunicadores de ocho comunas inician capacitaci\u00f3n en gesti\u00f3n cultural"},"content":{"rendered":"<div class=\"flex_column av_one_full  flex_column_div av-zero-column-padding first  avia-builder-el-0  el_before_av_one_full  avia-builder-el-first  \" style='border-radius:0px; '><div  class='avia-image-container  av-styling-    avia-builder-el-1  avia-builder-el-no-sibling  avia-align-center '  itemprop=\"image\" itemscope=\"itemscope\" itemtype=\"https:\/\/schema.org\/ImageObject\"  ><div class='avia-image-container-inner'><div class='avia-image-overlay-wrap'><img decoding=\"async\" class='wp-image-25086 avia-img-lazy-loading-not-25086 avia_image' src=\"https:\/\/radiorevelacionfm.cl\/wp-content\/uploads\/2022\/12\/Inicio-Diploma-en-Comunicacion-Territorio-y-Gestion-Cultural-Seremi-Felipe-Quiroz-1.jpg\" alt='' title='Inicio Diploma en Comunicaci\u00f3n, Territorio y Gesti\u00f3n Cultural - Seremi Felipe Quiroz (1)' height=\"600\" width=\"984\"  itemprop=\"thumbnailUrl\" srcset=\"https:\/\/radiorevelacionfm.cl\/wp-content\/uploads\/2022\/12\/Inicio-Diploma-en-Comunicacion-Territorio-y-Gestion-Cultural-Seremi-Felipe-Quiroz-1.jpg 984w, https:\/\/radiorevelacionfm.cl\/wp-content\/uploads\/2022\/12\/Inicio-Diploma-en-Comunicacion-Territorio-y-Gestion-Cultural-Seremi-Felipe-Quiroz-1-300x183.jpg 300w, https:\/\/radiorevelacionfm.cl\/wp-content\/uploads\/2022\/12\/Inicio-Diploma-en-Comunicacion-Territorio-y-Gestion-Cultural-Seremi-Felipe-Quiroz-1-768x468.jpg 768w, https:\/\/radiorevelacionfm.cl\/wp-content\/uploads\/2022\/12\/Inicio-Diploma-en-Comunicacion-Territorio-y-Gestion-Cultural-Seremi-Felipe-Quiroz-1-705x430.jpg 705w, https:\/\/radiorevelacionfm.cl\/wp-content\/uploads\/2022\/12\/Inicio-Diploma-en-Comunicacion-Territorio-y-Gestion-Cultural-Seremi-Felipe-Quiroz-1-600x366.jpg 600w\" sizes=\"(max-width: 984px) 100vw, 984px\" \/><\/div><\/div><\/div><\/div><div class=\"flex_column av_one_full  flex_column_div av-zero-column-padding first  avia-builder-el-2  el_after_av_one_full  el_before_av_one_full  column-top-margin\" style='border-radius:0px; '><section class=\"av_textblock_section \"  itemscope=\"itemscope\" itemtype=\"https:\/\/schema.org\/BlogPosting\" itemprop=\"blogPost\" ><div class='avia_textblock  '   itemprop=\"text\" ><p style=\"text-align: center;\"><span style=\"font-size: 18pt;\"><b>Artistas, creadores y comunicadores de ocho comunas inician capacitaci\u00f3n en gesti\u00f3n cultural<\/b><\/span><\/p>\n<div id=\"gtx-trans\" style=\"position: absolute; left: -50px; top: 4.31534px;\">\n<div class=\"gtx-trans-icon\"><\/div>\n<\/div>\n<\/div><\/section><\/div><div class=\"flex_column av_one_full  flex_column_div av-zero-column-padding first  avia-builder-el-4  el_after_av_one_full  el_before_av_hr  column-top-margin\" style='border-radius:0px; '><section class=\"av_textblock_section \"  itemscope=\"itemscope\" itemtype=\"https:\/\/schema.org\/BlogPosting\" itemprop=\"blogPost\" ><div class='avia_textblock  '   itemprop=\"text\" ><p style=\"text-align: justify;\">Con cupos completos se dio luz verde al Diploma en Comunicaci\u00f3n, Territorio y Gesti\u00f3n Cultural que congrega a agentes locales de Lago Verde, O&#8217;Higgins, Ays\u00e9n, Cochrane, Chile Chico, Coyhaique, Cisnes y R\u00edo Ib\u00e1\u00f1ez, en una capacitaci\u00f3n de dos meses.<\/p>\n<p style=\"text-align: justify;\">Al alero de la Seremi de las Culturas Ays\u00e9n, la Universidad de Los Lagos, en colaboraci\u00f3n con la Red Patagonia Cultural, el lunes 5 de diciembre despunt\u00f3 el Diploma en Comunicaci\u00f3n, Territorio y Gesti\u00f3n Cultural para trabajadores del \u00e1rea que residan en las regiones de Los Lagos y Ays\u00e9n, alianza formativa que busca la adquisici\u00f3n de nociones te\u00f3ricas, as\u00ed como de mecanismos de intervenci\u00f3n territorial.<\/p>\n<p style=\"text-align: justify;\">Bajo modalidad e-learning con clases sincronizadas cada jueves y s\u00e1bado, el curso contempla un total de 72 horas para la certificaci\u00f3n, y se da la opci\u00f3n a quienes deseen continuar el proceso a la diplomatura tras completar 106 horas. Se trata de un modelo cuyas bases encuentran sustento en el trabajo mancomunado de instituciones p\u00fablicas de alto impacto en la Pol\u00edtica Nacional de Cultura, lo que llev\u00f3 a incluir en la oferta curricular el enfoque local como antecedente de las transformaciones sociales de Chile.<\/p>\n<p style=\"text-align: justify;\">\u201cTuvimos la oportunidad de conversar con agentes culturales de todo el territorio, ellos nos se\u00f1alaron lo importante de buscar una alternativa que pudiera darles la salida a instancias de formaci\u00f3n en t\u00e9rminos formales, a trav\u00e9s de alguna universidad, en gesti\u00f3n cultural\u201d, sostuvo el seremi de Culturas Ays\u00e9n, Felipe Quiroz, al recalcar la importancia de la iniciativa para la articulaci\u00f3n de las Organizaciones Culturales Comunitarias (OCC) que vienen reforzando con el programa Red Cultura.<\/p>\n<p style=\"text-align: justify;\">A grandes rasgos, el curso permitir\u00e1 entregar conocimientos actualizados de manera gratuita, gracias a una beca completa a treinta representantes locales mediante la configuraci\u00f3n de m\u00f3dulos abocados a la conceptualizaci\u00f3n, la comunicaci\u00f3n, redes territoriales, diversidades y el dise\u00f1o de proyectos culturales con enfoque de g\u00e9nero, nociones fundamentales para el ejercicio pr\u00e1ctico de la descentralizaci\u00f3n al momento de fortalecer el tejido social.<\/p>\n<p style=\"text-align: justify;\">Respecto a la puesta en marcha y los beneficios que traer\u00e1 el Diploma en Comunicaci\u00f3n, Territorio y Gesti\u00f3n Cultural a las comunidades emplazadas en el sur austral, el coordinador general del programa, Sergio Trabucco, explic\u00f3 que se trata de una capacitaci\u00f3n destinada a certificar saberes y haceres, raz\u00f3n por la cual \u201cla\u00a0convocatoria a docentes fue con una mirada estrat\u00e9gica, donde quienes impartir\u00e1n clases juegan un rol fundamental en el desarrollo cultural regional\u201d.<\/p>\n<p style=\"text-align: justify;\">Algo que Carolina Pinochet, directora ejecutiva del Centro Cultural de Coyhaique, reafirm\u00f3 al explicar sus principales motivaciones al optar por una alternativa acad\u00e9mica con profesores de universidades estatales y de vasta trayectoria: \u201cEn nuestra regi\u00f3n no tenemos espacios formales de formaci\u00f3n cultural y\/o art\u00edstica, por tanto, este es un paso para proyectar desde diversos niveles la academia art\u00edstica\u201d.<\/p>\n<p style=\"text-align: justify;\">En una l\u00ednea similar, Cynthia Bulher, integrante de la Agrupaci\u00f3n Entre R\u00edos y Monta\u00f1as, de Lago Verde, sostuvo que \u201cpersonalmente me motiva participar en este curso por que brinda la posibilidad de mejorar competencias para relacionarnos con las comunidades, obtener mejores resultados en el trabajo colaborativo con nuestra gente y, a su vez, herramientas para enfrentarnos a la elaboraci\u00f3n de proyectos\u201d.<\/p>\n<p style=\"text-align: justify;\">El cantautor y payador de R\u00edo Ib\u00e1\u00f1ez, Jorge Contreras, explic\u00f3 al igual que sus coet\u00e1neas, que decidi\u00f3 inscribirse para ampliar sus nociones, en especial porque su labor tiene directa relaci\u00f3n con el rescate de la historia: \u201cConsidero que son importantes estas herramientas, sobre todo para quienes nos hemos formado de manera autodidacta. Abre el conocimiento a la gesti\u00f3n cultural y sobre todo a las comunicaciones\u201d.<\/p>\n<p style=\"text-align: justify;\">Por ello, desde la Seremi de Culturas Ays\u00e9n, la presente capacitaci\u00f3n resulta una antesala a proyecciones mayores. \u201cEsperemos que esta primera instancia tenga una buena acogida para ser una pol\u00edtica constante, que nazca al alero del programa Red Cultura, porque entendemos que no solo deben entregarse las posibilidades de financiamiento, sino tambi\u00e9n las herramientas para que los agentes culturales puedan desarrollar programas, entender el ecosistema y ahondar en temas comunicacionales con respecto a los proyectos que est\u00e9n desarrollando\u201d, finaliz\u00f3 el seremi Felipe Quiroz.<\/p>\n<\/div><\/section><\/div><div  style='height:50px' class='hr hr-invisible   avia-builder-el-6  el_after_av_one_full  el_before_av_social_share '><span class='hr-inner ' ><span class='hr-inner-style'><\/span><\/span><\/div><\/p>\n<div  class='av-social-sharing-box  avia-builder-el-7  el_after_av_hr  el_before_av_hr  '><div class='av-share-box'><h5 class='av-share-link-description av-no-toc '>Compartir esta noticia<\/h5><ul class='av-share-box-list noLightbox'><li class='av-share-link av-social-link-facebook' ><a target=\"_blank\" aria-label=\"Compartir en Facebook\" href='https:\/\/www.facebook.com\/sharer.php?u=https:\/\/radiorevelacionfm.cl\/?p=25085&#038;t=Artistas%2C%20creadores%20y%20comunicadores%20de%20ocho%20comunas%20inician%20capacitaci%C3%B3n%20en%20gesti%C3%B3n%20cultural' aria-hidden='false' data-av_icon='\ue8f3' data-av_iconfont='entypo-fontello' title='' data-avia-related-tooltip='Compartir en Facebook' rel=\"noopener\"><span class='avia_hidden_link_text'>Compartir en Facebook<\/span><\/a><\/li><li class='av-share-link av-social-link-twitter' ><a target=\"_blank\" aria-label=\"Compartir en Twitter\" href='https:\/\/twitter.com\/share?text=Artistas%2C%20creadores%20y%20comunicadores%20de%20ocho%20comunas%20inician%20capacitaci%C3%B3n%20en%20gesti%C3%B3n%20cultural&#038;url=https:\/\/radiorevelacionfm.cl\/?p=25085' aria-hidden='false' data-av_icon='\ue8f1' data-av_iconfont='entypo-fontello' title='' data-avia-related-tooltip='Compartir en Twitter' rel=\"noopener\"><span class='avia_hidden_link_text'>Compartir en Twitter<\/span><\/a><\/li><li class='av-share-link av-social-link-whatsapp' ><a target=\"_blank\" aria-label=\"Compartir en Whatsapp\" href='https:\/\/api.whatsapp.com\/send?text=https:\/\/radiorevelacionfm.cl\/?p=25085' aria-hidden='false' data-av_icon='\uf232' data-av_iconfont='entypo-fontello' title='' data-avia-related-tooltip='Compartir en Whatsapp' rel=\"noopener\"><span class='avia_hidden_link_text'>Compartir en Whatsapp<\/span><\/a><\/li><li class='av-share-link av-social-link-linkedin' ><a target=\"_blank\" aria-label=\"Compartir en LinkedIn\" href='https:\/\/linkedin.com\/shareArticle?mini=true&#038;title=Artistas%2C%20creadores%20y%20comunicadores%20de%20ocho%20comunas%20inician%20capacitaci%C3%B3n%20en%20gesti%C3%B3n%20cultural&#038;url=https:\/\/radiorevelacionfm.cl\/?p=25085' aria-hidden='false' data-av_icon='\ue8fc' data-av_iconfont='entypo-fontello' title='' data-avia-related-tooltip='Compartir en LinkedIn' rel=\"noopener\"><span class='avia_hidden_link_text'>Compartir en LinkedIn<\/span><\/a><\/li><li class='av-share-link av-social-link-mail' ><a  aria-label=\"Compartir por correo\" href='mailto:?subject=Artistas%2C%20creadores%20y%20comunicadores%20de%20ocho%20comunas%20inician%20capacitaci%C3%B3n%20en%20gesti%C3%B3n%20cultural&#038;body=https:\/\/radiorevelacionfm.cl\/?p=25085' aria-hidden='false' data-av_icon='\ue805' data-av_iconfont='entypo-fontello' title='' data-avia-related-tooltip='Compartir por correo'><span class='avia_hidden_link_text'>Compartir por correo<\/span><\/a><\/li><\/ul><\/div><\/div>\n<div  style='height:50px' class='hr hr-invisible   avia-builder-el-8  el_after_av_social_share  el_before_av_comments_list '><span class='hr-inner ' ><span class='hr-inner-style'><\/span><\/span><\/div>\n<div  class='av-buildercomment  av-blog-meta-html-info-disabled av-blog-meta-tag-disabled  '><\/div>\n","protected":false},"excerpt":{"rendered":"","protected":false},"author":1,"featured_media":25086,"comment_status":"open","ping_status":"open","sticky":false,"template":"","format":"standard","meta":{"footnotes":""},"categories":[52],"tags":[],"class_list":["post-25085","post","type-post","status-publish","format-standard","has-post-thumbnail","hentry","category-cultura"],"jetpack_featured_media_url":"https:\/\/radiorevelacionfm.cl\/wp-content\/uploads\/2022\/12\/Inicio-Diploma-en-Comunicacion-Territorio-y-Gestion-Cultural-Seremi-Felipe-Quiroz-1.jpg","_links":{"self":[{"href":"https:\/\/radiorevelacionfm.cl\/index.php?rest_route=\/wp\/v2\/posts\/25085","targetHints":{"allow":["GET"]}}],"collection":[{"href":"https:\/\/radiorevelacionfm.cl\/index.php?rest_route=\/wp\/v2\/posts"}],"about":[{"href":"https:\/\/radiorevelacionfm.cl\/index.php?rest_route=\/wp\/v2\/types\/post"}],"author":[{"embeddable":true,"href":"https:\/\/radiorevelacionfm.cl\/index.php?rest_route=\/wp\/v2\/users\/1"}],"replies":[{"embeddable":true,"href":"https:\/\/radiorevelacionfm.cl\/index.php?rest_route=%2Fwp%2Fv2%2Fcomments&post=25085"}],"version-history":[{"count":2,"href":"https:\/\/radiorevelacionfm.cl\/index.php?rest_route=\/wp\/v2\/posts\/25085\/revisions"}],"predecessor-version":[{"id":25567,"href":"https:\/\/radiorevelacionfm.cl\/index.php?rest_route=\/wp\/v2\/posts\/25085\/revisions\/25567"}],"wp:featuredmedia":[{"embeddable":true,"href":"https:\/\/radiorevelacionfm.cl\/index.php?rest_route=\/wp\/v2\/media\/25086"}],"wp:attachment":[{"href":"https:\/\/radiorevelacionfm.cl\/index.php?rest_route=%2Fwp%2Fv2%2Fmedia&parent=25085"}],"wp:term":[{"taxonomy":"category","embeddable":true,"href":"https:\/\/radiorevelacionfm.cl\/index.php?rest_route=%2Fwp%2Fv2%2Fcategories&post=25085"},{"taxonomy":"post_tag","embeddable":true,"href":"https:\/\/radiorevelacionfm.cl\/index.php?rest_route=%2Fwp%2Fv2%2Ftags&post=25085"}],"curies":[{"name":"wp","href":"https:\/\/api.w.org\/{rel}","templated":true}]}}