{"id":25073,"date":"2022-12-09T11:09:55","date_gmt":"2022-12-09T14:09:55","guid":{"rendered":"https:\/\/radiorevelacionfm.cl\/?p=25073"},"modified":"2022-12-09T11:12:07","modified_gmt":"2022-12-09T14:12:07","slug":"soldados-conscriptos-del-destacamento-motorizado-n14-aysen-se-licenciaron-de-ensenanza-media","status":"publish","type":"post","link":"https:\/\/radiorevelacionfm.cl\/?p=25073","title":{"rendered":"Soldados Conscriptos del Destacamento Motorizado N\u00b014 \u201cAys\u00e9n\u201d se licenciaron de ense\u00f1anza media"},"content":{"rendered":"<div class=\"flex_column av_one_full  flex_column_div av-zero-column-padding first  avia-builder-el-0  el_before_av_one_full  avia-builder-el-first  \" style='border-radius:0px; '><div  class='avia-image-container  av-styling-    avia-builder-el-1  avia-builder-el-no-sibling  avia-align-center '  itemprop=\"image\" itemscope=\"itemscope\" itemtype=\"https:\/\/schema.org\/ImageObject\"  ><div class='avia-image-container-inner'><div class='avia-image-overlay-wrap'><img decoding=\"async\" class='wp-image-25077 avia-img-lazy-loading-not-25077 avia_image' src=\"https:\/\/radiorevelacionfm.cl\/wp-content\/uploads\/2022\/12\/WhatsApp-Image-2022-12-08-at-10.27.13-4-2-1.jpeg\" alt='' title='WhatsApp Image 2022-12-08 at 10.27.13 (4) (2) (1)' height=\"600\" width=\"960\"  itemprop=\"thumbnailUrl\" srcset=\"https:\/\/radiorevelacionfm.cl\/wp-content\/uploads\/2022\/12\/WhatsApp-Image-2022-12-08-at-10.27.13-4-2-1.jpeg 960w, https:\/\/radiorevelacionfm.cl\/wp-content\/uploads\/2022\/12\/WhatsApp-Image-2022-12-08-at-10.27.13-4-2-1-300x188.jpeg 300w, https:\/\/radiorevelacionfm.cl\/wp-content\/uploads\/2022\/12\/WhatsApp-Image-2022-12-08-at-10.27.13-4-2-1-768x480.jpeg 768w, https:\/\/radiorevelacionfm.cl\/wp-content\/uploads\/2022\/12\/WhatsApp-Image-2022-12-08-at-10.27.13-4-2-1-705x441.jpeg 705w, https:\/\/radiorevelacionfm.cl\/wp-content\/uploads\/2022\/12\/WhatsApp-Image-2022-12-08-at-10.27.13-4-2-1-600x375.jpeg 600w\" sizes=\"(max-width: 960px) 100vw, 960px\" \/><\/div><\/div><\/div><\/div><div class=\"flex_column av_one_full  flex_column_div av-zero-column-padding first  avia-builder-el-2  el_after_av_one_full  el_before_av_one_full  column-top-margin\" style='border-radius:0px; '><section class=\"av_textblock_section \"  itemscope=\"itemscope\" itemtype=\"https:\/\/schema.org\/BlogPosting\" itemprop=\"blogPost\" ><div class='avia_textblock  '   itemprop=\"text\" ><p style=\"text-align: center;\"><span style=\"font-size: 18pt;\"><strong>Soldados Conscriptos del Destacamento Motorizado N\u00b014 \u201cAys\u00e9n\u201d se licenciaron de ense\u00f1anza media<\/strong><\/span><\/p>\n<div id=\"gtx-trans\" style=\"position: absolute; left: -50px; top: 4.31534px;\">\n<div class=\"gtx-trans-icon\"><\/div>\n<\/div>\n<\/div><\/section><\/div><\/p>\n<div class=\"flex_column av_one_full  flex_column_div av-zero-column-padding first  avia-builder-el-4  el_after_av_one_full  el_before_av_hr  column-top-margin\" style='border-radius:0px; '><section class=\"av_textblock_section \"  itemscope=\"itemscope\" itemtype=\"https:\/\/schema.org\/BlogPosting\" itemprop=\"blogPost\" ><div class='avia_textblock  '   itemprop=\"text\" ><p style=\"text-align: justify;\">En una solemne ceremonia en el auditorio del Campo Militar \u201cCoyhaique\u201d se realiz\u00f3 la licenciatura de 13 soldados conscriptos, de dotaci\u00f3n del Destacamento Motorizado N\u00b014 \u201cAys\u00e9n\u201d, quienes nivelaron sus estudios de ense\u00f1anza media, gracias al convenio existente con el Ministerio de Educaci\u00f3n. El acto cont\u00f3 con la asistencia del Comandante de la unidad, Coronel El\u00edas Abuyeres M, el Director del Centro de Educaci\u00f3n Integrada de Adultos, se\u00f1or Claudio Parra O\u00f1ate y profesores del centro educacional.<\/p>\n<p style=\"text-align: justify;\">En la ocasi\u00f3n, se presentaron 6 j\u00f3venes conscriptos quienes formaron parte del programa de la municipalidad de Coyhaique \u201cTocando por un sue\u00f1o\u201d, actividad en la cual aprendieron diversas \u00e1reas t\u00e9cnico-musicales en viol\u00edn, viola y violoncello.<\/p>\n<p style=\"text-align: justify;\">Durante la ceremonia, se reconoci\u00f3 y destac\u00f3 la constancia de los soldados conscriptos quienes compatibilizaron su instrucci\u00f3n militar con sus estudios, culminando una etapa de formaci\u00f3n muy importante.<\/p>\n<p style=\"text-align: justify;\">Cabe destacar, que la nivelaci\u00f3n de estudios es uno de los tantos beneficios que otorga el servicio militar, entreg\u00e1ndoles herramientas a los j\u00f3venes \u00a0para un mejor desempe\u00f1o laboral una vez finalizada su conscripci\u00f3n.<\/p>\n<\/div><\/section><\/div>\n<div  style='height:50px' class='hr hr-invisible   avia-builder-el-6  el_after_av_one_full  el_before_av_social_share '><span class='hr-inner ' ><span class='hr-inner-style'><\/span><\/span><\/div>\n<div  class='av-social-sharing-box  avia-builder-el-7  el_after_av_hr  el_before_av_hr  '><div class='av-share-box'><h5 class='av-share-link-description av-no-toc '>Compartir esta noticia<\/h5><ul class='av-share-box-list noLightbox'><li class='av-share-link av-social-link-facebook' ><a target=\"_blank\" aria-label=\"Compartir en Facebook\" href='https:\/\/www.facebook.com\/sharer.php?u=https:\/\/radiorevelacionfm.cl\/?p=25073&#038;t=Soldados%20Conscriptos%20del%20Destacamento%20Motorizado%20N%C2%B014%20%E2%80%9CAys%C3%A9n%E2%80%9D%20se%20licenciaron%20de%20ense%C3%B1anza%20media' aria-hidden='false' data-av_icon='\ue8f3' data-av_iconfont='entypo-fontello' title='' data-avia-related-tooltip='Compartir en Facebook' rel=\"noopener\"><span class='avia_hidden_link_text'>Compartir en Facebook<\/span><\/a><\/li><li class='av-share-link av-social-link-twitter' ><a target=\"_blank\" aria-label=\"Compartir en Twitter\" href='https:\/\/twitter.com\/share?text=Soldados%20Conscriptos%20del%20Destacamento%20Motorizado%20N%C2%B014%20%E2%80%9CAys%C3%A9n%E2%80%9D%20se%20licenciaron%20de%20ense%C3%B1anza%20media&#038;url=https:\/\/radiorevelacionfm.cl\/?p=25073' aria-hidden='false' data-av_icon='\ue8f1' data-av_iconfont='entypo-fontello' title='' data-avia-related-tooltip='Compartir en Twitter' rel=\"noopener\"><span class='avia_hidden_link_text'>Compartir en Twitter<\/span><\/a><\/li><li class='av-share-link av-social-link-whatsapp' ><a target=\"_blank\" aria-label=\"Compartir en Whatsapp\" href='https:\/\/api.whatsapp.com\/send?text=https:\/\/radiorevelacionfm.cl\/?p=25073' aria-hidden='false' data-av_icon='\uf232' data-av_iconfont='entypo-fontello' title='' data-avia-related-tooltip='Compartir en Whatsapp' rel=\"noopener\"><span class='avia_hidden_link_text'>Compartir en Whatsapp<\/span><\/a><\/li><li class='av-share-link av-social-link-linkedin' ><a target=\"_blank\" aria-label=\"Compartir en LinkedIn\" href='https:\/\/linkedin.com\/shareArticle?mini=true&#038;title=Soldados%20Conscriptos%20del%20Destacamento%20Motorizado%20N%C2%B014%20%E2%80%9CAys%C3%A9n%E2%80%9D%20se%20licenciaron%20de%20ense%C3%B1anza%20media&#038;url=https:\/\/radiorevelacionfm.cl\/?p=25073' aria-hidden='false' data-av_icon='\ue8fc' data-av_iconfont='entypo-fontello' title='' data-avia-related-tooltip='Compartir en LinkedIn' rel=\"noopener\"><span class='avia_hidden_link_text'>Compartir en LinkedIn<\/span><\/a><\/li><li class='av-share-link av-social-link-mail' ><a  aria-label=\"Compartir por correo\" href='mailto:?subject=Soldados%20Conscriptos%20del%20Destacamento%20Motorizado%20N%C2%B014%20%E2%80%9CAys%C3%A9n%E2%80%9D%20se%20licenciaron%20de%20ense%C3%B1anza%20media&#038;body=https:\/\/radiorevelacionfm.cl\/?p=25073' aria-hidden='false' data-av_icon='\ue805' data-av_iconfont='entypo-fontello' title='' data-avia-related-tooltip='Compartir por correo'><span class='avia_hidden_link_text'>Compartir por correo<\/span><\/a><\/li><\/ul><\/div><\/div>\n<div  style='height:50px' class='hr hr-invisible   avia-builder-el-8  el_after_av_social_share  el_before_av_comments_list '><span class='hr-inner ' ><span class='hr-inner-style'><\/span><\/span><\/div>\n<div  class='av-buildercomment  av-blog-meta-html-info-disabled av-blog-meta-tag-disabled  '><\/div>\n","protected":false},"excerpt":{"rendered":"","protected":false},"author":1,"featured_media":25077,"comment_status":"open","ping_status":"open","sticky":false,"template":"","format":"standard","meta":{"footnotes":""},"categories":[38],"tags":[],"class_list":["post-25073","post","type-post","status-publish","format-standard","has-post-thumbnail","hentry","category-regional"],"jetpack_featured_media_url":"https:\/\/radiorevelacionfm.cl\/wp-content\/uploads\/2022\/12\/WhatsApp-Image-2022-12-08-at-10.27.13-4-2-1.jpeg","_links":{"self":[{"href":"https:\/\/radiorevelacionfm.cl\/index.php?rest_route=\/wp\/v2\/posts\/25073","targetHints":{"allow":["GET"]}}],"collection":[{"href":"https:\/\/radiorevelacionfm.cl\/index.php?rest_route=\/wp\/v2\/posts"}],"about":[{"href":"https:\/\/radiorevelacionfm.cl\/index.php?rest_route=\/wp\/v2\/types\/post"}],"author":[{"embeddable":true,"href":"https:\/\/radiorevelacionfm.cl\/index.php?rest_route=\/wp\/v2\/users\/1"}],"replies":[{"embeddable":true,"href":"https:\/\/radiorevelacionfm.cl\/index.php?rest_route=%2Fwp%2Fv2%2Fcomments&post=25073"}],"version-history":[{"count":3,"href":"https:\/\/radiorevelacionfm.cl\/index.php?rest_route=\/wp\/v2\/posts\/25073\/revisions"}],"predecessor-version":[{"id":25076,"href":"https:\/\/radiorevelacionfm.cl\/index.php?rest_route=\/wp\/v2\/posts\/25073\/revisions\/25076"}],"wp:featuredmedia":[{"embeddable":true,"href":"https:\/\/radiorevelacionfm.cl\/index.php?rest_route=\/wp\/v2\/media\/25077"}],"wp:attachment":[{"href":"https:\/\/radiorevelacionfm.cl\/index.php?rest_route=%2Fwp%2Fv2%2Fmedia&parent=25073"}],"wp:term":[{"taxonomy":"category","embeddable":true,"href":"https:\/\/radiorevelacionfm.cl\/index.php?rest_route=%2Fwp%2Fv2%2Fcategories&post=25073"},{"taxonomy":"post_tag","embeddable":true,"href":"https:\/\/radiorevelacionfm.cl\/index.php?rest_route=%2Fwp%2Fv2%2Ftags&post=25073"}],"curies":[{"name":"wp","href":"https:\/\/api.w.org\/{rel}","templated":true}]}}