{"id":25069,"date":"2022-12-09T10:54:42","date_gmt":"2022-12-09T13:54:42","guid":{"rendered":"https:\/\/radiorevelacionfm.cl\/?p=25069"},"modified":"2022-12-09T10:54:42","modified_gmt":"2022-12-09T13:54:42","slug":"proyecto-busca-unir-el-maritorio-aisenino-a-traves-del-turismo-y-la-conservacion","status":"publish","type":"post","link":"https:\/\/radiorevelacionfm.cl\/?p=25069","title":{"rendered":"Proyecto busca unir el maritorio aisenino a trav\u00e9s del turismo y la conservaci\u00f3n"},"content":{"rendered":"<div class=\"flex_column av_one_full  flex_column_div av-zero-column-padding first  avia-builder-el-0  el_before_av_one_full  avia-builder-el-first  \" style='border-radius:0px; '><div  class='avia-image-container  av-styling-    avia-builder-el-1  avia-builder-el-no-sibling  avia-align-center '  itemprop=\"image\" itemscope=\"itemscope\" itemtype=\"https:\/\/schema.org\/ImageObject\"  ><div class='avia-image-container-inner'><div class='avia-image-overlay-wrap'><img decoding=\"async\" class='wp-image-25070 avia-img-lazy-loading-not-25070 avia_image' src=\"https:\/\/radiorevelacionfm.cl\/wp-content\/uploads\/2022\/12\/Actividad-Marin-1-1.jpeg\" alt='' title='Actividad Mar\u00edn (1) (1)' height=\"600\" width=\"802\"  itemprop=\"thumbnailUrl\" srcset=\"https:\/\/radiorevelacionfm.cl\/wp-content\/uploads\/2022\/12\/Actividad-Marin-1-1.jpeg 802w, https:\/\/radiorevelacionfm.cl\/wp-content\/uploads\/2022\/12\/Actividad-Marin-1-1-300x224.jpeg 300w, https:\/\/radiorevelacionfm.cl\/wp-content\/uploads\/2022\/12\/Actividad-Marin-1-1-768x575.jpeg 768w, https:\/\/radiorevelacionfm.cl\/wp-content\/uploads\/2022\/12\/Actividad-Marin-1-1-705x527.jpeg 705w, https:\/\/radiorevelacionfm.cl\/wp-content\/uploads\/2022\/12\/Actividad-Marin-1-1-600x449.jpeg 600w\" sizes=\"(max-width: 802px) 100vw, 802px\" \/><\/div><\/div><\/div><\/div><div class=\"flex_column av_one_full  flex_column_div av-zero-column-padding first  avia-builder-el-2  el_after_av_one_full  el_before_av_one_full  column-top-margin\" style='border-radius:0px; '><section class=\"av_textblock_section \"  itemscope=\"itemscope\" itemtype=\"https:\/\/schema.org\/BlogPosting\" itemprop=\"blogPost\" ><div class='avia_textblock  '   itemprop=\"text\" ><p style=\"text-align: center;\"><strong><span style=\"font-size: 18pt;\">Proyecto busca unir el maritorio aisenino a trav\u00e9s del turismo y la conservaci\u00f3n<\/span><\/strong><\/p>\n<div id=\"gtx-trans\" style=\"position: absolute; left: -50px; top: 4.31534px;\">\n<div class=\"gtx-trans-icon\"><\/div>\n<\/div>\n<\/div><\/section><\/div><div class=\"flex_column av_one_full  flex_column_div av-zero-column-padding first  avia-builder-el-4  el_after_av_one_full  el_before_av_hr  column-top-margin\" style='border-radius:0px; '><section class=\"av_textblock_section \"  itemscope=\"itemscope\" itemtype=\"https:\/\/schema.org\/BlogPosting\" itemprop=\"blogPost\" ><div class='avia_textblock  '   itemprop=\"text\" ><p style=\"text-align: justify;\">\u201cRutas de Ecoturismo Marino en el Fiordo PitiPalena\u00bb, es una iniciativa financiada en la L\u00ednea de Culturas Regionales, Turismo Cultural 2021, financiado por el Ministerio de las Culturas, las Artes y el Patrimonio.<\/p>\n<p style=\"text-align: justify;\">\u201cEste proyecto se genera por la necesidad de aportar en la creaci\u00f3n de nuevas rutas de ecoturismo marino que pongan en valor el patrimonio natural y cultural de nuestro maritorio, buscando generar conocimiento y promover la diversificaci\u00f3n de las actividades en el territorio. Viene a dar continuidad a las rutas de ecoturismo marino, que se levantaron durante enero del 2022, circunnavegando el Parque Nacional Isla Magdalena y uniendo 4 localidades a trav\u00e9s de estas rutas de navegaci\u00f3n, ambos proyectos financiados bajo la misma l\u00ednea\u201d, enfatiz\u00f3 la experta en ecoturismo y Directora del proyecto, Mar\u00eda Jes\u00fas Montti.<\/p>\n<p style=\"text-align: justify;\">\u201cFelicitamos el trabajo que desarrolla la Fundaci\u00f3n Ays\u00e9n Mira el Mar en torno al turismo cultural, l\u00ednea de trabajo que crece a\u00f1o tras a\u00f1o desde Fondos de Cultura. El mar es protagonista en la Regi\u00f3n de Ays\u00e9n, de ah\u00ed la importancia de su estudio y conservaci\u00f3n. Este tipo de trabajos generan indudablemente conciencia en torno a la riqueza natural de nuestro territorio\u201d. Seremi de Las Culturas, las Artes y el Patrimonio Felipe Quiroz.<\/p>\n<p style=\"text-align: justify;\">Lo interesante de esta iniciativa, adem\u00e1s, de complementar la Primera Ruta Patrimonial de la localidad de Ra\u00fal Mar\u00edn Balmaceda, es que pone en valor el estuario que cobija elementos socioculturales, ambientales y productivos significativos para la comunidad, pudiendo tambi\u00e9n identificar hitos tem\u00e1ticos a profundizar en futuras investigaciones. Aqu\u00ed, se contemplan metodolog\u00edas de participaci\u00f3n acci\u00f3n, donde en conjunto con los actores locales se levanta la informaci\u00f3n a trav\u00e9s de una cartograf\u00eda participativa, y una navegaci\u00f3n en conjunto para ampliar la cobertura de desplazamiento en la zona y visibilizar la cultura marina desde una prestaci\u00f3n de servicio tur\u00edstica, coment\u00f3 la soci\u00f3loga, investigadora y miembro del equipo de trabajo, Nathalie Brito Vergara.<\/p>\n<p style=\"text-align: justify;\">Para m\u00e1s informaci\u00f3n te invitamos a que sigas el Instagram @aysenmiraelmar y @mujer.austral donde peri\u00f3dicamente se est\u00e1 informando sobre este y otro proyectos enfocados en los maritorios de la regi\u00f3n de Ays\u00e9n.<\/p>\n<\/div><\/section><\/div><div  style='height:50px' class='hr hr-invisible   avia-builder-el-6  el_after_av_one_full  el_before_av_social_share '><span class='hr-inner ' ><span class='hr-inner-style'><\/span><\/span><\/div><\/p>\n<div  class='av-social-sharing-box  avia-builder-el-7  el_after_av_hr  el_before_av_hr  '><div class='av-share-box'><h5 class='av-share-link-description av-no-toc '>Compartir esta noticia<\/h5><ul class='av-share-box-list noLightbox'><li class='av-share-link av-social-link-facebook' ><a target=\"_blank\" aria-label=\"Compartir en Facebook\" href='https:\/\/www.facebook.com\/sharer.php?u=https:\/\/radiorevelacionfm.cl\/?p=25069&#038;t=Proyecto%20busca%20unir%20el%20maritorio%20aisenino%20a%20trav%C3%A9s%20del%20turismo%20y%20la%20conservaci%C3%B3n' aria-hidden='false' data-av_icon='\ue8f3' data-av_iconfont='entypo-fontello' title='' data-avia-related-tooltip='Compartir en Facebook' rel=\"noopener\"><span class='avia_hidden_link_text'>Compartir en Facebook<\/span><\/a><\/li><li class='av-share-link av-social-link-twitter' ><a target=\"_blank\" aria-label=\"Compartir en Twitter\" href='https:\/\/twitter.com\/share?text=Proyecto%20busca%20unir%20el%20maritorio%20aisenino%20a%20trav%C3%A9s%20del%20turismo%20y%20la%20conservaci%C3%B3n&#038;url=https:\/\/radiorevelacionfm.cl\/?p=25069' aria-hidden='false' data-av_icon='\ue8f1' data-av_iconfont='entypo-fontello' title='' data-avia-related-tooltip='Compartir en Twitter' rel=\"noopener\"><span class='avia_hidden_link_text'>Compartir en Twitter<\/span><\/a><\/li><li class='av-share-link av-social-link-whatsapp' ><a target=\"_blank\" aria-label=\"Compartir en Whatsapp\" href='https:\/\/api.whatsapp.com\/send?text=https:\/\/radiorevelacionfm.cl\/?p=25069' aria-hidden='false' data-av_icon='\uf232' data-av_iconfont='entypo-fontello' title='' data-avia-related-tooltip='Compartir en Whatsapp' rel=\"noopener\"><span class='avia_hidden_link_text'>Compartir en Whatsapp<\/span><\/a><\/li><li class='av-share-link av-social-link-linkedin' ><a target=\"_blank\" aria-label=\"Compartir en LinkedIn\" href='https:\/\/linkedin.com\/shareArticle?mini=true&#038;title=Proyecto%20busca%20unir%20el%20maritorio%20aisenino%20a%20trav%C3%A9s%20del%20turismo%20y%20la%20conservaci%C3%B3n&#038;url=https:\/\/radiorevelacionfm.cl\/?p=25069' aria-hidden='false' data-av_icon='\ue8fc' data-av_iconfont='entypo-fontello' title='' data-avia-related-tooltip='Compartir en LinkedIn' rel=\"noopener\"><span class='avia_hidden_link_text'>Compartir en LinkedIn<\/span><\/a><\/li><li class='av-share-link av-social-link-mail' ><a  aria-label=\"Compartir por correo\" href='mailto:?subject=Proyecto%20busca%20unir%20el%20maritorio%20aisenino%20a%20trav%C3%A9s%20del%20turismo%20y%20la%20conservaci%C3%B3n&#038;body=https:\/\/radiorevelacionfm.cl\/?p=25069' aria-hidden='false' data-av_icon='\ue805' data-av_iconfont='entypo-fontello' title='' data-avia-related-tooltip='Compartir por correo'><span class='avia_hidden_link_text'>Compartir por correo<\/span><\/a><\/li><\/ul><\/div><\/div>\n<div  style='height:50px' class='hr hr-invisible   avia-builder-el-8  el_after_av_social_share  el_before_av_comments_list '><span class='hr-inner ' ><span class='hr-inner-style'><\/span><\/span><\/div>\n<div  class='av-buildercomment  av-blog-meta-html-info-disabled av-blog-meta-tag-disabled  '><\/div>\n","protected":false},"excerpt":{"rendered":"","protected":false},"author":1,"featured_media":25070,"comment_status":"open","ping_status":"open","sticky":false,"template":"","format":"standard","meta":{"footnotes":""},"categories":[38],"tags":[],"class_list":["post-25069","post","type-post","status-publish","format-standard","has-post-thumbnail","hentry","category-regional"],"jetpack_featured_media_url":"https:\/\/radiorevelacionfm.cl\/wp-content\/uploads\/2022\/12\/Actividad-Marin-1-1.jpeg","_links":{"self":[{"href":"https:\/\/radiorevelacionfm.cl\/index.php?rest_route=\/wp\/v2\/posts\/25069","targetHints":{"allow":["GET"]}}],"collection":[{"href":"https:\/\/radiorevelacionfm.cl\/index.php?rest_route=\/wp\/v2\/posts"}],"about":[{"href":"https:\/\/radiorevelacionfm.cl\/index.php?rest_route=\/wp\/v2\/types\/post"}],"author":[{"embeddable":true,"href":"https:\/\/radiorevelacionfm.cl\/index.php?rest_route=\/wp\/v2\/users\/1"}],"replies":[{"embeddable":true,"href":"https:\/\/radiorevelacionfm.cl\/index.php?rest_route=%2Fwp%2Fv2%2Fcomments&post=25069"}],"version-history":[{"count":2,"href":"https:\/\/radiorevelacionfm.cl\/index.php?rest_route=\/wp\/v2\/posts\/25069\/revisions"}],"predecessor-version":[{"id":25072,"href":"https:\/\/radiorevelacionfm.cl\/index.php?rest_route=\/wp\/v2\/posts\/25069\/revisions\/25072"}],"wp:featuredmedia":[{"embeddable":true,"href":"https:\/\/radiorevelacionfm.cl\/index.php?rest_route=\/wp\/v2\/media\/25070"}],"wp:attachment":[{"href":"https:\/\/radiorevelacionfm.cl\/index.php?rest_route=%2Fwp%2Fv2%2Fmedia&parent=25069"}],"wp:term":[{"taxonomy":"category","embeddable":true,"href":"https:\/\/radiorevelacionfm.cl\/index.php?rest_route=%2Fwp%2Fv2%2Fcategories&post=25069"},{"taxonomy":"post_tag","embeddable":true,"href":"https:\/\/radiorevelacionfm.cl\/index.php?rest_route=%2Fwp%2Fv2%2Ftags&post=25069"}],"curies":[{"name":"wp","href":"https:\/\/api.w.org\/{rel}","templated":true}]}}