{"id":25047,"date":"2022-12-05T22:21:17","date_gmt":"2022-12-06T01:21:17","guid":{"rendered":"https:\/\/radiorevelacionfm.cl\/?p=25047"},"modified":"2022-12-05T23:36:25","modified_gmt":"2022-12-06T02:36:25","slug":"melinka-se-queda-sin-energia-electrica-por-falta-de-combustible","status":"publish","type":"post","link":"https:\/\/radiorevelacionfm.cl\/?p=25047","title":{"rendered":"Melinka se queda sin energ\u00eda el\u00e9ctrica por falta de combustible"},"content":{"rendered":"<div class=\"flex_column av_one_full  flex_column_div av-zero-column-padding first  avia-builder-el-0  el_before_av_one_full  avia-builder-el-first  \" style='border-radius:0px; '><div  class='avia-image-container  av-styling-    avia-builder-el-1  avia-builder-el-no-sibling  avia-align-center '  itemprop=\"image\" itemscope=\"itemscope\" itemtype=\"https:\/\/schema.org\/ImageObject\"  ><div class='avia-image-container-inner'><div class='avia-image-overlay-wrap'><img decoding=\"async\" class='wp-image-25054 avia-img-lazy-loading-not-25054 avia_image' src=\"https:\/\/radiorevelacionfm.cl\/wp-content\/uploads\/2022\/12\/IMG-20221205-WA0022-1-1.jpg\" alt='' title='IMG-20221205-WA0022 (1) (1)' height=\"600\" width=\"1067\"  itemprop=\"thumbnailUrl\" srcset=\"https:\/\/radiorevelacionfm.cl\/wp-content\/uploads\/2022\/12\/IMG-20221205-WA0022-1-1.jpg 1067w, https:\/\/radiorevelacionfm.cl\/wp-content\/uploads\/2022\/12\/IMG-20221205-WA0022-1-1-300x169.jpg 300w, https:\/\/radiorevelacionfm.cl\/wp-content\/uploads\/2022\/12\/IMG-20221205-WA0022-1-1-1030x579.jpg 1030w, https:\/\/radiorevelacionfm.cl\/wp-content\/uploads\/2022\/12\/IMG-20221205-WA0022-1-1-768x432.jpg 768w, https:\/\/radiorevelacionfm.cl\/wp-content\/uploads\/2022\/12\/IMG-20221205-WA0022-1-1-705x396.jpg 705w, https:\/\/radiorevelacionfm.cl\/wp-content\/uploads\/2022\/12\/IMG-20221205-WA0022-1-1-600x337.jpg 600w\" sizes=\"(max-width: 1067px) 100vw, 1067px\" \/><\/div><\/div><\/div><\/div>\n<div class=\"flex_column av_one_full  flex_column_div av-zero-column-padding first  avia-builder-el-2  el_after_av_one_full  el_before_av_one_full  column-top-margin\" style='border-radius:0px; '><section class=\"av_textblock_section \"  itemscope=\"itemscope\" itemtype=\"https:\/\/schema.org\/BlogPosting\" itemprop=\"blogPost\" ><div class='avia_textblock  '   itemprop=\"text\" ><p style=\"text-align: center;\"><strong><span style=\"font-size: 18pt;\">Melinka se queda sin energ\u00eda el\u00e9ctrica por falta de combustible <\/span><\/strong><\/p>\n<div id=\"gtx-trans\" style=\"position: absolute; left: -50px; top: 4.31534px;\">\n<div class=\"gtx-trans-icon\"><\/div>\n<\/div>\n<\/div><\/section><\/div>\n<div class=\"flex_column av_one_full  flex_column_div av-zero-column-padding first  avia-builder-el-4  el_after_av_one_full  el_before_av_hr  column-top-margin\" style='border-radius:0px; '><section class=\"av_textblock_section \"  itemscope=\"itemscope\" itemtype=\"https:\/\/schema.org\/BlogPosting\" itemprop=\"blogPost\" ><div class='avia_textblock  '   itemprop=\"text\" ><p style=\"text-align: justify;\">Una preocupante situaci\u00f3n es la que vive Melinka y sus habitantes, luego de que esta tarde se conociera y se informara a trav\u00e9s de un comunicado que desde las 18:00 horas se har\u00eda efectivo el corte general de energ\u00eda el\u00e9ctrica en la localidad.<\/p>\n<p style=\"text-align: justify;\">De acuerdo a un breve comunicado, se indica que la Empresa El\u00e9ctrica Municipal, ya no le es posible adquirir combustible para los generadores, dado que a\u00fan no ha recibido los recursos que otorga el Estado todos los a\u00f1os, por subsidio de operaci\u00f3n.<\/p>\n<p style=\"text-align: justify;\">El alza del petr\u00f3leo que se ha venido incrementando desde inicios de a\u00f1o y que alcanza ya un 30%, tambi\u00e9n suma a la problem\u00e1tica, que por cierto se viene arrastrando desde hace mucho tiempo. Cabe mencionar que durante la pandemia la localidad se vio enfrentada a la misma situaci\u00f3n, con todo lo que ello implica para los hogares, por cuanto solo tienen un par de horas de energ\u00eda al d\u00eda.<\/p>\n<p style=\"text-align: justify;\">Por otro lado, se\u00f1ala que adem\u00e1s existen incumplimientos de algunos usuarios en los compromisos respecto del pago de sus consumos.<\/p>\n<p style=\"text-align: justify;\">La administraci\u00f3n indica que \u00abno tenemos otra alternativa que hacer el corte de energ\u00eda el\u00e9ctrica hasta que no contemos con los recursos necesarios para la compra de petr\u00f3leo\u00bb se\u00f1ala el comunicado.<\/p>\n<p style=\"text-align: justify;\">Esta situaci\u00f3n ha sido advertida tanto por quienes administran la planta generadora municipal, como por el Alcalde de la comuna de Las Guaitecas, se han realizado gestiones con autoridades a nivel regional, por lo que los habitantes hacen un llamado p\u00fablico para que las autoridades intercedan ante esta urgente situaci\u00f3n.<\/p>\n<\/div><\/section><\/div><div  style='height:50px' class='hr hr-invisible   avia-builder-el-6  el_after_av_one_full  el_before_av_social_share '><span class='hr-inner ' ><span class='hr-inner-style'><\/span><\/span><\/div><\/p>\n<div  class='av-social-sharing-box  avia-builder-el-7  el_after_av_hr  el_before_av_hr  '><div class='av-share-box'><h5 class='av-share-link-description av-no-toc '>Compartir esta noticia<\/h5><ul class='av-share-box-list noLightbox'><li class='av-share-link av-social-link-facebook' ><a target=\"_blank\" aria-label=\"Compartir en Facebook\" href='https:\/\/www.facebook.com\/sharer.php?u=https:\/\/radiorevelacionfm.cl\/?p=25047&#038;t=Melinka%20se%20queda%20sin%20energ%C3%ADa%20el%C3%A9ctrica%20por%20falta%20de%20combustible' aria-hidden='false' data-av_icon='\ue8f3' data-av_iconfont='entypo-fontello' title='' data-avia-related-tooltip='Compartir en Facebook' rel=\"noopener\"><span class='avia_hidden_link_text'>Compartir en Facebook<\/span><\/a><\/li><li class='av-share-link av-social-link-twitter' ><a target=\"_blank\" aria-label=\"Compartir en Twitter\" href='https:\/\/twitter.com\/share?text=Melinka%20se%20queda%20sin%20energ%C3%ADa%20el%C3%A9ctrica%20por%20falta%20de%20combustible&#038;url=https:\/\/radiorevelacionfm.cl\/?p=25047' aria-hidden='false' data-av_icon='\ue8f1' data-av_iconfont='entypo-fontello' title='' data-avia-related-tooltip='Compartir en Twitter' rel=\"noopener\"><span class='avia_hidden_link_text'>Compartir en Twitter<\/span><\/a><\/li><li class='av-share-link av-social-link-whatsapp' ><a target=\"_blank\" aria-label=\"Compartir en Whatsapp\" href='https:\/\/api.whatsapp.com\/send?text=https:\/\/radiorevelacionfm.cl\/?p=25047' aria-hidden='false' data-av_icon='\uf232' data-av_iconfont='entypo-fontello' title='' data-avia-related-tooltip='Compartir en Whatsapp' rel=\"noopener\"><span class='avia_hidden_link_text'>Compartir en Whatsapp<\/span><\/a><\/li><li class='av-share-link av-social-link-linkedin' ><a target=\"_blank\" aria-label=\"Compartir en LinkedIn\" href='https:\/\/linkedin.com\/shareArticle?mini=true&#038;title=Melinka%20se%20queda%20sin%20energ%C3%ADa%20el%C3%A9ctrica%20por%20falta%20de%20combustible&#038;url=https:\/\/radiorevelacionfm.cl\/?p=25047' aria-hidden='false' data-av_icon='\ue8fc' data-av_iconfont='entypo-fontello' title='' data-avia-related-tooltip='Compartir en LinkedIn' rel=\"noopener\"><span class='avia_hidden_link_text'>Compartir en LinkedIn<\/span><\/a><\/li><li class='av-share-link av-social-link-mail' ><a  aria-label=\"Compartir por correo\" href='mailto:?subject=Melinka%20se%20queda%20sin%20energ%C3%ADa%20el%C3%A9ctrica%20por%20falta%20de%20combustible&#038;body=https:\/\/radiorevelacionfm.cl\/?p=25047' aria-hidden='false' data-av_icon='\ue805' data-av_iconfont='entypo-fontello' title='' data-avia-related-tooltip='Compartir por correo'><span class='avia_hidden_link_text'>Compartir por correo<\/span><\/a><\/li><\/ul><\/div><\/div>\n<div  style='height:50px' class='hr hr-invisible   avia-builder-el-8  el_after_av_social_share  el_before_av_comments_list '><span class='hr-inner ' ><span class='hr-inner-style'><\/span><\/span><\/div>\n<div  class='av-buildercomment  av-blog-meta-html-info-disabled av-blog-meta-tag-disabled  '><\/div>\n","protected":false},"excerpt":{"rendered":"","protected":false},"author":1,"featured_media":25054,"comment_status":"open","ping_status":"open","sticky":false,"template":"","format":"standard","meta":{"footnotes":""},"categories":[38],"tags":[],"class_list":["post-25047","post","type-post","status-publish","format-standard","has-post-thumbnail","hentry","category-regional"],"jetpack_featured_media_url":"https:\/\/radiorevelacionfm.cl\/wp-content\/uploads\/2022\/12\/IMG-20221205-WA0022-1-1.jpg","_links":{"self":[{"href":"https:\/\/radiorevelacionfm.cl\/index.php?rest_route=\/wp\/v2\/posts\/25047","targetHints":{"allow":["GET"]}}],"collection":[{"href":"https:\/\/radiorevelacionfm.cl\/index.php?rest_route=\/wp\/v2\/posts"}],"about":[{"href":"https:\/\/radiorevelacionfm.cl\/index.php?rest_route=\/wp\/v2\/types\/post"}],"author":[{"embeddable":true,"href":"https:\/\/radiorevelacionfm.cl\/index.php?rest_route=\/wp\/v2\/users\/1"}],"replies":[{"embeddable":true,"href":"https:\/\/radiorevelacionfm.cl\/index.php?rest_route=%2Fwp%2Fv2%2Fcomments&post=25047"}],"version-history":[{"count":6,"href":"https:\/\/radiorevelacionfm.cl\/index.php?rest_route=\/wp\/v2\/posts\/25047\/revisions"}],"predecessor-version":[{"id":25053,"href":"https:\/\/radiorevelacionfm.cl\/index.php?rest_route=\/wp\/v2\/posts\/25047\/revisions\/25053"}],"wp:featuredmedia":[{"embeddable":true,"href":"https:\/\/radiorevelacionfm.cl\/index.php?rest_route=\/wp\/v2\/media\/25054"}],"wp:attachment":[{"href":"https:\/\/radiorevelacionfm.cl\/index.php?rest_route=%2Fwp%2Fv2%2Fmedia&parent=25047"}],"wp:term":[{"taxonomy":"category","embeddable":true,"href":"https:\/\/radiorevelacionfm.cl\/index.php?rest_route=%2Fwp%2Fv2%2Fcategories&post=25047"},{"taxonomy":"post_tag","embeddable":true,"href":"https:\/\/radiorevelacionfm.cl\/index.php?rest_route=%2Fwp%2Fv2%2Ftags&post=25047"}],"curies":[{"name":"wp","href":"https:\/\/api.w.org\/{rel}","templated":true}]}}