{"id":25040,"date":"2022-12-06T10:13:45","date_gmt":"2022-12-06T13:13:45","guid":{"rendered":"https:\/\/radiorevelacionfm.cl\/?p=25040"},"modified":"2022-12-06T10:13:45","modified_gmt":"2022-12-06T13:13:45","slug":"encuentro-emprendedores-aysen-tuvo-la-oportunidad-de-escuchar-la-historia-de-reinaldo-lippi","status":"publish","type":"post","link":"https:\/\/radiorevelacionfm.cl\/?p=25040","title":{"rendered":"Encuentro Emprendedores Ays\u00e9n tuvo la oportunidad de escuchar la historia de Reinaldo Lippi"},"content":{"rendered":"<div class=\"flex_column av_one_full  flex_column_div av-zero-column-padding first  avia-builder-el-0  el_before_av_one_full  avia-builder-el-first  \" style='border-radius:0px; '><div  class='avia-image-container  av-styling-    avia-builder-el-1  avia-builder-el-no-sibling  avia-align-center '  itemprop=\"image\" itemscope=\"itemscope\" itemtype=\"https:\/\/schema.org\/ImageObject\"  ><div class='avia-image-container-inner'><div class='avia-image-overlay-wrap'><img decoding=\"async\" class='wp-image-25041 avia-img-lazy-loading-not-25041 avia_image' src=\"https:\/\/radiorevelacionfm.cl\/wp-content\/uploads\/2022\/12\/EMPRENDEDORES-4-1-1.jpg\" alt='' title='EMPRENDEDORES (4) (1) (1)' height=\"600\" width=\"900\"  itemprop=\"thumbnailUrl\" srcset=\"https:\/\/radiorevelacionfm.cl\/wp-content\/uploads\/2022\/12\/EMPRENDEDORES-4-1-1.jpg 900w, https:\/\/radiorevelacionfm.cl\/wp-content\/uploads\/2022\/12\/EMPRENDEDORES-4-1-1-300x200.jpg 300w, https:\/\/radiorevelacionfm.cl\/wp-content\/uploads\/2022\/12\/EMPRENDEDORES-4-1-1-768x512.jpg 768w, https:\/\/radiorevelacionfm.cl\/wp-content\/uploads\/2022\/12\/EMPRENDEDORES-4-1-1-705x470.jpg 705w, https:\/\/radiorevelacionfm.cl\/wp-content\/uploads\/2022\/12\/EMPRENDEDORES-4-1-1-600x400.jpg 600w\" sizes=\"(max-width: 900px) 100vw, 900px\" \/><\/div><\/div><\/div><\/div><div class=\"flex_column av_one_full  flex_column_div av-zero-column-padding first  avia-builder-el-2  el_after_av_one_full  el_before_av_one_full  column-top-margin\" style='border-radius:0px; '><section class=\"av_textblock_section \"  itemscope=\"itemscope\" itemtype=\"https:\/\/schema.org\/BlogPosting\" itemprop=\"blogPost\" ><div class='avia_textblock  '   itemprop=\"text\" ><p style=\"text-align: center;\"><strong><span style=\"font-size: 18pt;\">Encuentro\u00a0Emprendedores\u00a0Ays\u00e9n tuvo la oportunidad de escuchar la historia de Reinaldo Lippi<\/span><\/strong><\/p>\n<div id=\"gtx-trans\" style=\"position: absolute; left: -50px; top: 4.31534px;\">\n<div class=\"gtx-trans-icon\"><\/div>\n<\/div>\n<\/div><\/section><\/div><div class=\"flex_column av_one_full  flex_column_div av-zero-column-padding first  avia-builder-el-4  el_after_av_one_full  el_before_av_hr  column-top-margin\" style='border-radius:0px; '><section class=\"av_textblock_section \"  itemscope=\"itemscope\" itemtype=\"https:\/\/schema.org\/BlogPosting\" itemprop=\"blogPost\" ><div class='avia_textblock  '   itemprop=\"text\" ><p style=\"text-align: justify;\">El exitoso empresario chileno, creador de la marca que lleva su apellido, pudo viajar a Puerto Ays\u00e9n para relatar sus vivencias como emprendedor en el encuentro que se realiz\u00f3 en la Casa de la Cultura de Puerto Ays\u00e9n, instancia que cont\u00f3 con stands y otros gestores de emprendimientos.<\/p>\n<p style=\"text-align: justify;\">El Encuentro de Emprendedores, iniciativa del Programa de Desarrollo Econ\u00f3mico Local de la Ilustre Municipalidad de Ays\u00e9n, fue realizado con el objetivo de difundir y educar a los peque\u00f1os y medianos empresarios de Ays\u00e9n. Actividad que tambi\u00e9n se logr\u00f3 gracias a los diversos centros de fomento regionales, en una oportunidad in\u00e9dita para que todos se unieran a atender a los visitantes en un solo lugar.<\/p>\n<p style=\"text-align: justify;\">En el evento se desarrollaron dos principales l\u00edneas de trabajo. Primero, el establecimiento de stands informativos de los servicios p\u00fablicos de fomento productivo de la regi\u00f3n como FOSIS, SERCOTEC, Centro de Negocios Puerto Ays\u00e9n, SII, Acci\u00f3n Sanitaria y otros particulares como Cowork Ecoterraneo. Gracias a estos \u00faltimos se pudo invitar a Reinaldo Lippi.<\/p>\n<p style=\"text-align: justify;\">La instancia tambi\u00e9n dio la oportunidad de que la gobernadora regional de Ays\u00e9n, Andrea Mac\u00edas Palma, anunciara el lanzamiento del fondo Fortalece MIPE-Ays\u00e9n, para apoyar a micro y peque\u00f1as empresas formales de la Regi\u00f3n. El aporte es una ayuda a la reactivaci\u00f3n del emprendimiento a trav\u00e9s de la incorporaci\u00f3n de financiamiento para capital de trabajo tales como materias primas, mercader\u00eda, arriendos, acciones, marketing, remuneraciones, entre otros; al igual que activos fijos como maquinaria y herramientas, animales, equipos, software, herramientas, mobiliario, elementos tecnol\u00f3gicos, etc. E Igualmente, materiales para habilitaci\u00f3n de infraestructura. Las postulaciones terminan el 27 de diciembre.<\/p>\n<p style=\"text-align: justify;\">La segunda l\u00ednea de trabajo guarda relaci\u00f3n a la exposici\u00f3n de experiencias de personas con sus emprendimientos, en estas charlas se dieron las instancias de dar a conocer los problemas y beneficios que vivenciaron los empresarios. Pablo Coliboro, coordinador del programa de Desarrollo Econ\u00f3mico Local, coment\u00f3 acerca de los expositores, \u201cdestac\u00f3 la se\u00f1ora Margarita Rojas con sus jugos a base de calafate, tambi\u00e9n tuvimos a los amigos de Kombucha Ach\u00e9n con su producto y estuvo presente el emprendimiento de Don Rolando Tobar que es AguaHielo Expediciones, que es un servicio presente en la regi\u00f3n del \u00e1rea de turismo. Y claro, tuvimos la presencia de Don Reinaldo Lippi, que es el fundador la empresa Lippi, contando la experiencia tanto en Lippi como en otros emprendimientos que est\u00e1 llevando en la actualidad\u201d.<\/p>\n<p style=\"text-align: justify;\">El Sr. Lippi cont\u00f3 en su charla todos los altos y bajos que tuvo en su carrera, hasta el punto de perder su empresa, por eso \u00e9l replica su historia para que a nadie le vuelva a pasar algo parecido. Aun as\u00ed, sigue en el rubro del emprendimiento utilizando todos los conocimientos adquiridos en su experiencia.<\/p>\n<p style=\"text-align: justify;\">Los organizadores est\u00e1n motivados a que se pueda seguir realizando m\u00e1s seguidamente este tipo de instancias, ya se est\u00e1n pensando que para el pr\u00f3ximo a\u00f1o en que se pueda seguir mejorando e imaginando a qu\u00e9 otros actores se pueden invitar, motiv\u00e1ndose a realizar m\u00e1s actividades que incentiven a los ayseninos a emprender.<\/p>\n<\/div><\/section><\/div><div  style='height:50px' class='hr hr-invisible   avia-builder-el-6  el_after_av_one_full  el_before_av_social_share '><span class='hr-inner ' ><span class='hr-inner-style'><\/span><\/span><\/div><\/p>\n<div  class='av-social-sharing-box  avia-builder-el-7  el_after_av_hr  el_before_av_hr  '><div class='av-share-box'><h5 class='av-share-link-description av-no-toc '>Compartir esta noticia<\/h5><ul class='av-share-box-list noLightbox'><li class='av-share-link av-social-link-facebook' ><a target=\"_blank\" aria-label=\"Compartir en Facebook\" href='https:\/\/www.facebook.com\/sharer.php?u=https:\/\/radiorevelacionfm.cl\/?p=25040&#038;t=Encuentro%20Emprendedores%20Ays%C3%A9n%20tuvo%20la%20oportunidad%20de%20escuchar%20la%20historia%20de%20Reinaldo%20Lippi' aria-hidden='false' data-av_icon='\ue8f3' data-av_iconfont='entypo-fontello' title='' data-avia-related-tooltip='Compartir en Facebook' rel=\"noopener\"><span class='avia_hidden_link_text'>Compartir en Facebook<\/span><\/a><\/li><li class='av-share-link av-social-link-twitter' ><a target=\"_blank\" aria-label=\"Compartir en Twitter\" href='https:\/\/twitter.com\/share?text=Encuentro%20Emprendedores%20Ays%C3%A9n%20tuvo%20la%20oportunidad%20de%20escuchar%20la%20historia%20de%20Reinaldo%20Lippi&#038;url=https:\/\/radiorevelacionfm.cl\/?p=25040' aria-hidden='false' data-av_icon='\ue8f1' data-av_iconfont='entypo-fontello' title='' data-avia-related-tooltip='Compartir en Twitter' rel=\"noopener\"><span class='avia_hidden_link_text'>Compartir en Twitter<\/span><\/a><\/li><li class='av-share-link av-social-link-whatsapp' ><a target=\"_blank\" aria-label=\"Compartir en Whatsapp\" href='https:\/\/api.whatsapp.com\/send?text=https:\/\/radiorevelacionfm.cl\/?p=25040' aria-hidden='false' data-av_icon='\uf232' data-av_iconfont='entypo-fontello' title='' data-avia-related-tooltip='Compartir en Whatsapp' rel=\"noopener\"><span class='avia_hidden_link_text'>Compartir en Whatsapp<\/span><\/a><\/li><li class='av-share-link av-social-link-linkedin' ><a target=\"_blank\" aria-label=\"Compartir en LinkedIn\" href='https:\/\/linkedin.com\/shareArticle?mini=true&#038;title=Encuentro%20Emprendedores%20Ays%C3%A9n%20tuvo%20la%20oportunidad%20de%20escuchar%20la%20historia%20de%20Reinaldo%20Lippi&#038;url=https:\/\/radiorevelacionfm.cl\/?p=25040' aria-hidden='false' data-av_icon='\ue8fc' data-av_iconfont='entypo-fontello' title='' data-avia-related-tooltip='Compartir en LinkedIn' rel=\"noopener\"><span class='avia_hidden_link_text'>Compartir en LinkedIn<\/span><\/a><\/li><li class='av-share-link av-social-link-mail' ><a  aria-label=\"Compartir por correo\" href='mailto:?subject=Encuentro%20Emprendedores%20Ays%C3%A9n%20tuvo%20la%20oportunidad%20de%20escuchar%20la%20historia%20de%20Reinaldo%20Lippi&#038;body=https:\/\/radiorevelacionfm.cl\/?p=25040' aria-hidden='false' data-av_icon='\ue805' data-av_iconfont='entypo-fontello' title='' data-avia-related-tooltip='Compartir por correo'><span class='avia_hidden_link_text'>Compartir por correo<\/span><\/a><\/li><\/ul><\/div><\/div>\n<div  style='height:50px' class='hr hr-invisible   avia-builder-el-8  el_after_av_social_share  el_before_av_comments_list '><span class='hr-inner ' ><span class='hr-inner-style'><\/span><\/span><\/div>\n<div  class='av-buildercomment  av-blog-meta-html-info-disabled av-blog-meta-tag-disabled  '><\/div>\n","protected":false},"excerpt":{"rendered":"","protected":false},"author":1,"featured_media":25041,"comment_status":"open","ping_status":"open","sticky":false,"template":"","format":"standard","meta":{"footnotes":""},"categories":[38],"tags":[],"class_list":["post-25040","post","type-post","status-publish","format-standard","has-post-thumbnail","hentry","category-regional"],"jetpack_featured_media_url":"https:\/\/radiorevelacionfm.cl\/wp-content\/uploads\/2022\/12\/EMPRENDEDORES-4-1-1.jpg","_links":{"self":[{"href":"https:\/\/radiorevelacionfm.cl\/index.php?rest_route=\/wp\/v2\/posts\/25040","targetHints":{"allow":["GET"]}}],"collection":[{"href":"https:\/\/radiorevelacionfm.cl\/index.php?rest_route=\/wp\/v2\/posts"}],"about":[{"href":"https:\/\/radiorevelacionfm.cl\/index.php?rest_route=\/wp\/v2\/types\/post"}],"author":[{"embeddable":true,"href":"https:\/\/radiorevelacionfm.cl\/index.php?rest_route=\/wp\/v2\/users\/1"}],"replies":[{"embeddable":true,"href":"https:\/\/radiorevelacionfm.cl\/index.php?rest_route=%2Fwp%2Fv2%2Fcomments&post=25040"}],"version-history":[{"count":2,"href":"https:\/\/radiorevelacionfm.cl\/index.php?rest_route=\/wp\/v2\/posts\/25040\/revisions"}],"predecessor-version":[{"id":25062,"href":"https:\/\/radiorevelacionfm.cl\/index.php?rest_route=\/wp\/v2\/posts\/25040\/revisions\/25062"}],"wp:featuredmedia":[{"embeddable":true,"href":"https:\/\/radiorevelacionfm.cl\/index.php?rest_route=\/wp\/v2\/media\/25041"}],"wp:attachment":[{"href":"https:\/\/radiorevelacionfm.cl\/index.php?rest_route=%2Fwp%2Fv2%2Fmedia&parent=25040"}],"wp:term":[{"taxonomy":"category","embeddable":true,"href":"https:\/\/radiorevelacionfm.cl\/index.php?rest_route=%2Fwp%2Fv2%2Fcategories&post=25040"},{"taxonomy":"post_tag","embeddable":true,"href":"https:\/\/radiorevelacionfm.cl\/index.php?rest_route=%2Fwp%2Fv2%2Ftags&post=25040"}],"curies":[{"name":"wp","href":"https:\/\/api.w.org\/{rel}","templated":true}]}}