{"id":25036,"date":"2022-12-06T10:28:24","date_gmt":"2022-12-06T13:28:24","guid":{"rendered":"https:\/\/radiorevelacionfm.cl\/?p=25036"},"modified":"2022-12-06T10:28:24","modified_gmt":"2022-12-06T13:28:24","slug":"se-inicia-curso-de-licencia-de-conducir-profesional-en-coyhaique-gracias-a-coordinacion-interinstitucional","status":"publish","type":"post","link":"https:\/\/radiorevelacionfm.cl\/?p=25036","title":{"rendered":"Se inicia curso de Licencia de conducir profesional en Coyhaique gracias a coordinaci\u00f3n interinstitucional"},"content":{"rendered":"<div class=\"flex_column av_one_full  flex_column_div av-zero-column-padding first  avia-builder-el-0  el_before_av_one_full  avia-builder-el-first  \" style='border-radius:0px; '><div  class='avia-image-container  av-styling-    avia-builder-el-1  avia-builder-el-no-sibling  avia-align-center '  itemprop=\"image\" itemscope=\"itemscope\" itemtype=\"https:\/\/schema.org\/ImageObject\"  ><div class='avia-image-container-inner'><div class='avia-image-overlay-wrap'><img decoding=\"async\" class='wp-image-25037 avia-img-lazy-loading-not-25037 avia_image' src=\"https:\/\/radiorevelacionfm.cl\/wp-content\/uploads\/2022\/12\/LicenciasConducir_Sence_FNDR_COY-3-1-1.jpg\" alt='' title='LicenciasConducir_Sence_FNDR_COY (3) (1) (1)' height=\"600\" width=\"969\"  itemprop=\"thumbnailUrl\" srcset=\"https:\/\/radiorevelacionfm.cl\/wp-content\/uploads\/2022\/12\/LicenciasConducir_Sence_FNDR_COY-3-1-1.jpg 969w, https:\/\/radiorevelacionfm.cl\/wp-content\/uploads\/2022\/12\/LicenciasConducir_Sence_FNDR_COY-3-1-1-300x186.jpg 300w, https:\/\/radiorevelacionfm.cl\/wp-content\/uploads\/2022\/12\/LicenciasConducir_Sence_FNDR_COY-3-1-1-768x476.jpg 768w, https:\/\/radiorevelacionfm.cl\/wp-content\/uploads\/2022\/12\/LicenciasConducir_Sence_FNDR_COY-3-1-1-705x437.jpg 705w, https:\/\/radiorevelacionfm.cl\/wp-content\/uploads\/2022\/12\/LicenciasConducir_Sence_FNDR_COY-3-1-1-600x372.jpg 600w\" sizes=\"(max-width: 969px) 100vw, 969px\" \/><\/div><\/div><\/div><\/div><div class=\"flex_column av_one_full  flex_column_div av-zero-column-padding first  avia-builder-el-2  el_after_av_one_full  el_before_av_one_full  column-top-margin\" style='border-radius:0px; '><section class=\"av_textblock_section \"  itemscope=\"itemscope\" itemtype=\"https:\/\/schema.org\/BlogPosting\" itemprop=\"blogPost\" ><div class='avia_textblock  '   itemprop=\"text\" ><p style=\"text-align: center;\"><span style=\"font-size: 18pt;\"><b><span lang=\"ES-TRAD\">Se inicia curso de Licencia de conducir profesional en Coyhaique gracias a coordinaci\u00f3n interinstitucional<\/span><\/b><\/span><\/p>\n<div id=\"gtx-trans\" style=\"position: absolute; left: -50px; top: 4.31534px;\">\n<div class=\"gtx-trans-icon\"><\/div>\n<\/div>\n<\/div><\/section><\/div><div class=\"flex_column av_one_full  flex_column_div av-zero-column-padding first  avia-builder-el-4  el_after_av_one_full  el_before_av_hr  column-top-margin\" style='border-radius:0px; '><section class=\"av_textblock_section \"  itemscope=\"itemscope\" itemtype=\"https:\/\/schema.org\/BlogPosting\" itemprop=\"blogPost\" ><div class='avia_textblock  '   itemprop=\"text\" ><div>\n<p class=\"v1MsoNormal\" style=\"text-align: justify;\"><span lang=\"ES\">Con gran presencia femenina entre los alumnos\/as y participaci\u00f3n del Director nacional(s) del Servicio Nacional de Capacitaci\u00f3n y Empleo, Sence, se realiz\u00f3 el lanzamiento oficial en Coyhaique, del curso de conducir Licencia A2. En esta actividad asistieron los Seremis Claudia Cantero de Transportes y Telecomunicaciones, Rodrigo D\u00edaz de Trabajo y Previsi\u00f3n Social; el Director regional(s) Sence Ays\u00e9n, Andro Valdenegro, adem\u00e1s de dirigentes de sindicatos de transportes y la OTEC que ejecuta la capacitaci\u00f3n.<\/span><\/p>\n<p class=\"v1MsoNormal\" style=\"text-align: justify;\"><span lang=\"ES\">Son 20 los alumnos\/as que est\u00e1n realizando esta capacitaci\u00f3n conducente a licencia profesional A2 para beneficiarios\/as del Consejo Superior de Transportes de la Patagonia y Federaci\u00f3n de Transporte P\u00fablico Menor, que tendr\u00e1 una duraci\u00f3n de 150 horas cronol\u00f3gicas y cuyo objetivo es preparar a nuevos conductores del transporte p\u00fablico menor.<\/span><\/p>\n<p class=\"v1MsoNormal\" style=\"text-align: justify;\"><span lang=\"ES\">La Seremi Claudia Cantero, destac\u00f3 la participaci\u00f3n de mujeres \u00abEstamos ac\u00e1 hoy d\u00eda acompa\u00f1ando la implementaci\u00f3n del Curso de Conducci\u00f3n Clase A2. Este curso gracias a SENCE, al Seremi del Trabajo en la regi\u00f3n, y por supuesto, nosotros agradecemos tambi\u00e9n a nuestros gremios de taxi colectivos, quienes nos ayudaron tambi\u00e9n como Ministerio de Transportes a encontrar, a buscar a las personas que quisieran hacer este curso. La verdad es que hay harto inter\u00e9s en la regi\u00f3n, queremos seguir avanzando, queremos tener nuevos cursos tambi\u00e9n para las personas que deseen trabajar en el \u00e1rea de transportes, por lo tanto, estamos muy contentos de que hoy d\u00eda se d\u00e9 esta oportunidad. Tambi\u00e9n hay muchas mujeres presentes haciendo el curso, lo cual para nosotros como transportes es un \u00e1mbito muy importante, que vamos a comenzar a abordar, todo lo que tiene que ver con la empleabilidad de mujeres en el mundo del transporte y la movilidad\u00bb, coment\u00f3 la autoridad de Transportes y Telecomunicaciones.<\/span><\/p>\n<p class=\"v1MsoNormal\" style=\"text-align: justify;\"><span lang=\"ES\">En este sentido, las autoridades valoraron la coordinaci\u00f3n interinstitucional para generar esta capacitaci\u00f3n solicitada por los dirigentes, \u00abEn el lanzamiento de este curso vemos que, efectivamente, el Estado cuando se articula llega de manera contundente a la ciudadan\u00eda. Hoy d\u00eda este curso donde se unieron voluntades, Transportes, Trabajo, Sence y el Gobierno Regional, la verdad que nos permite visualizar que va a ser un gran curso, que va a ser una gran actividad y que finalmente estamos aportando a lo que la gente est\u00e1 demandando, as\u00ed es que muy felices por el inicio de este curso\u00bb, afirm\u00f3 el Seremi Rodrigo D\u00edaz de Trabajo y Previsi\u00f3n Social.<\/span><\/p>\n<p class=\"v1MsoNormal\" style=\"text-align: justify;\"><span lang=\"ES\">Por su parte, desde Sence, destacar los ejes de la instituci\u00f3n que se conjugan en esta instancia \u00abEstamos muy contentos de estar acompa\u00f1ando a estos estudiantes, b\u00e1sicamente porque este curso refleja tres de los principios que nos interesa mucho como Servicio Nacional de Capacitaci\u00f3n y Empleo, Sence, de poder establecer con contundencia, el primero es la equidad de g\u00e9nero, estamos viendo en la pr\u00e1ctica una actividad muy masculinizada que est\u00e1 teniendo cada vez m\u00e1s participaci\u00f3n de mujeres, como es el transporte, eso para nosotros es una ganancia ya en s\u00ed misma. Lo segundo, es la pertinencia territorial, tenemos un compromiso real con la descentralizaci\u00f3n y este tipo de curso, que se genera por una necesidad real, destacada por las autoridades locales, que se unen y levantan un curso, genera justamente lo que queremos, responder a necesidades locales, propias de la regi\u00f3n\u00bb, puntualiz\u00f3 el Director Nacional(s) Rodrigo Valdivia, a\u00f1adiendo, \u00abLo tercero, es la vinculaci\u00f3n laboral, este tipo de curso, responden al principio de que formamos, luego buscamos una salida laboral y con mercados como \u00e9ste que est\u00e1n cada vez demandando m\u00e1s personas, eso se hace mucho m\u00e1s factible. Entonces, con estos tres principios: equidad de g\u00e9nero, descentralizaci\u00f3n y vinculaci\u00f3n laboral, estamos dando una respuesta real, contundente, a las necesidades formativas y laborales de la regi\u00f3n\u00bb.<\/span><\/p>\n<p class=\"v1MsoNormal\" style=\"text-align: justify;\"><span lang=\"ES\">Esta capacitaci\u00f3n era una solicitud anhelada por los dirigentes, cuyo financiamiento es a trav\u00e9s del Fondo Nacional de Desarrollo Regional, FNDR, del Gobierno Regional, \u00abDesde este curso donde hoy d\u00eda tenemos una participaci\u00f3n importante de mujeres tambi\u00e9n, valoramos a todas las instituciones que fueron parte de este proceso y queremos agradecer a todos y cada uno la posibilidad de ejecutar estos espacios en beneficio de nuestros beneficiarios, en beneficio de nuestra gente de la comuna de Coyhaique, sobre todo por el financiamiento, muy importante a\u00a0 trav\u00e9s de nuestro Gobierno Regional\u00a0 y por supuesto tambi\u00e9n, de la coordinaci\u00f3n de nuestros Seremis de Trabajo y Transportes\u00bb, destac\u00f3 Andro Valdenegro, Director Regional(s) Sence.<\/span><\/p>\n<p class=\"v1MsoNormal\" style=\"text-align: justify;\"><span lang=\"ES\">Una de las alumnas que est\u00e1 participando con mucha motivaci\u00f3n es Natalia Casanova, quien recalc\u00f3 la presencia de mujeres en transportes, \u00abYa estaba obsoleto esto de separar los g\u00e9neros y de vernos como minimizadas, todo parte en casa, eso pienso. Ac\u00e1 el grupo ha sido muy grato, ya que el hecho de que nuestros compa\u00f1eros nos veamos todos iguales, conduciendo, con traslado de pasajeros, en el rubro que sea. Lo que mencionaba tambi\u00e9n hay diferentes rubros ac\u00e1, yo pertenezco al rubro del Turismo, soy gu\u00eda tur\u00edstica. Es s\u00faper importante el tema equitativo, en verdad no hay dos mujeres, sino que somos hartas, y en temas de experiencia, en la conducci\u00f3n, en atenci\u00f3n al cliente en verdad, no tenemos nada que pelearles a los hombres\u00bb.<\/span><\/p>\n<p class=\"v1MsoNormal\" style=\"text-align: justify;\"><span lang=\"ES\">Natalia adem\u00e1s coment\u00f3 sobre el prop\u00f3sito de realizar esta capacitaci\u00f3n, \u00abPrimera vez que participo en un curso SENCE. Tremenda oportunidad porque es costoso y en verdad es un relajo para el bolsillo igual, y una gran oportunidad para abrirse al campo laboral, trabajo en turismo, pero no ten\u00eda la capacidad de poder transportar pasajeros, solamente mi licencia clase B, entonces ahora esto se me abre la posibilidad de poder trasladar, tener mi empresa y gestionar grupos de turistas a manera personal, como chofer gu\u00eda, etc.\u00bb<\/span><\/p>\n<p class=\"v1MsoNormal\" style=\"text-align: justify;\"><span lang=\"ES\">Cabe mencionar que la licencia A2 habilita el manejo de taxis, ambulancias, transporte de pasajeros entre 10 a 17 asientos o hasta 32 asientos cuando el conductor tenga 2 a\u00f1os de experiencia con esta licencia y que el veh\u00edculo no supere los 9 metros de largo.<\/span><\/p>\n<p class=\"v1MsoNormal\" style=\"text-align: justify;\"><span lang=\"ES\">Las autoridades esperan replicar esta iniciativa en Puerto Ays\u00e9n, Cochrane y Chile Chico, ya que se requieren conductores con esta licencia habilitante, necesidad levantada en las reuniones con dirigentes del sector y con las autoridades locales.\u00a0<\/span><\/p>\n<\/div>\n<div dir=\"ltr\">\n<div dir=\"ltr\">\n<div dir=\"ltr\">\n<div dir=\"ltr\">\n<div dir=\"ltr\">\n<div dir=\"ltr\">\n<div dir=\"ltr\"><\/div>\n<\/div>\n<\/div>\n<\/div>\n<\/div>\n<\/div>\n<\/div>\n<\/div><\/section><\/div><div  style='height:50px' class='hr hr-invisible   avia-builder-el-6  el_after_av_one_full  el_before_av_social_share '><span class='hr-inner ' ><span class='hr-inner-style'><\/span><\/span><\/div><\/p>\n<div  class='av-social-sharing-box  avia-builder-el-7  el_after_av_hr  el_before_av_hr  '><div class='av-share-box'><h5 class='av-share-link-description av-no-toc '>Compartir esta noticia<\/h5><ul class='av-share-box-list noLightbox'><li class='av-share-link av-social-link-facebook' ><a target=\"_blank\" aria-label=\"Compartir en Facebook\" href='https:\/\/www.facebook.com\/sharer.php?u=https:\/\/radiorevelacionfm.cl\/?p=25036&#038;t=Se%20inicia%20curso%20de%20Licencia%20de%20conducir%20profesional%20en%20Coyhaique%20gracias%20a%20coordinaci%C3%B3n%20interinstitucional' aria-hidden='false' data-av_icon='\ue8f3' data-av_iconfont='entypo-fontello' title='' data-avia-related-tooltip='Compartir en Facebook' rel=\"noopener\"><span class='avia_hidden_link_text'>Compartir en Facebook<\/span><\/a><\/li><li class='av-share-link av-social-link-twitter' ><a target=\"_blank\" aria-label=\"Compartir en Twitter\" href='https:\/\/twitter.com\/share?text=Se%20inicia%20curso%20de%20Licencia%20de%20conducir%20profesional%20en%20Coyhaique%20gracias%20a%20coordinaci%C3%B3n%20interinstitucional&#038;url=https:\/\/radiorevelacionfm.cl\/?p=25036' aria-hidden='false' data-av_icon='\ue8f1' data-av_iconfont='entypo-fontello' title='' data-avia-related-tooltip='Compartir en Twitter' rel=\"noopener\"><span class='avia_hidden_link_text'>Compartir en Twitter<\/span><\/a><\/li><li class='av-share-link av-social-link-whatsapp' ><a target=\"_blank\" aria-label=\"Compartir en Whatsapp\" href='https:\/\/api.whatsapp.com\/send?text=https:\/\/radiorevelacionfm.cl\/?p=25036' aria-hidden='false' data-av_icon='\uf232' data-av_iconfont='entypo-fontello' title='' data-avia-related-tooltip='Compartir en Whatsapp' rel=\"noopener\"><span class='avia_hidden_link_text'>Compartir en Whatsapp<\/span><\/a><\/li><li class='av-share-link av-social-link-linkedin' ><a target=\"_blank\" aria-label=\"Compartir en LinkedIn\" href='https:\/\/linkedin.com\/shareArticle?mini=true&#038;title=Se%20inicia%20curso%20de%20Licencia%20de%20conducir%20profesional%20en%20Coyhaique%20gracias%20a%20coordinaci%C3%B3n%20interinstitucional&#038;url=https:\/\/radiorevelacionfm.cl\/?p=25036' aria-hidden='false' data-av_icon='\ue8fc' data-av_iconfont='entypo-fontello' title='' data-avia-related-tooltip='Compartir en LinkedIn' rel=\"noopener\"><span class='avia_hidden_link_text'>Compartir en LinkedIn<\/span><\/a><\/li><li class='av-share-link av-social-link-mail' ><a  aria-label=\"Compartir por correo\" href='mailto:?subject=Se%20inicia%20curso%20de%20Licencia%20de%20conducir%20profesional%20en%20Coyhaique%20gracias%20a%20coordinaci%C3%B3n%20interinstitucional&#038;body=https:\/\/radiorevelacionfm.cl\/?p=25036' aria-hidden='false' data-av_icon='\ue805' data-av_iconfont='entypo-fontello' title='' data-avia-related-tooltip='Compartir por correo'><span class='avia_hidden_link_text'>Compartir por correo<\/span><\/a><\/li><\/ul><\/div><\/div>\n<div  style='height:50px' class='hr hr-invisible   avia-builder-el-8  el_after_av_social_share  el_before_av_comments_list '><span class='hr-inner ' ><span class='hr-inner-style'><\/span><\/span><\/div>\n<div  class='av-buildercomment  av-blog-meta-html-info-disabled av-blog-meta-tag-disabled  '><\/div>\n","protected":false},"excerpt":{"rendered":"","protected":false},"author":1,"featured_media":25037,"comment_status":"open","ping_status":"open","sticky":false,"template":"","format":"standard","meta":{"footnotes":""},"categories":[38],"tags":[],"class_list":["post-25036","post","type-post","status-publish","format-standard","has-post-thumbnail","hentry","category-regional"],"jetpack_featured_media_url":"https:\/\/radiorevelacionfm.cl\/wp-content\/uploads\/2022\/12\/LicenciasConducir_Sence_FNDR_COY-3-1-1.jpg","_links":{"self":[{"href":"https:\/\/radiorevelacionfm.cl\/index.php?rest_route=\/wp\/v2\/posts\/25036","targetHints":{"allow":["GET"]}}],"collection":[{"href":"https:\/\/radiorevelacionfm.cl\/index.php?rest_route=\/wp\/v2\/posts"}],"about":[{"href":"https:\/\/radiorevelacionfm.cl\/index.php?rest_route=\/wp\/v2\/types\/post"}],"author":[{"embeddable":true,"href":"https:\/\/radiorevelacionfm.cl\/index.php?rest_route=\/wp\/v2\/users\/1"}],"replies":[{"embeddable":true,"href":"https:\/\/radiorevelacionfm.cl\/index.php?rest_route=%2Fwp%2Fv2%2Fcomments&post=25036"}],"version-history":[{"count":2,"href":"https:\/\/radiorevelacionfm.cl\/index.php?rest_route=\/wp\/v2\/posts\/25036\/revisions"}],"predecessor-version":[{"id":25063,"href":"https:\/\/radiorevelacionfm.cl\/index.php?rest_route=\/wp\/v2\/posts\/25036\/revisions\/25063"}],"wp:featuredmedia":[{"embeddable":true,"href":"https:\/\/radiorevelacionfm.cl\/index.php?rest_route=\/wp\/v2\/media\/25037"}],"wp:attachment":[{"href":"https:\/\/radiorevelacionfm.cl\/index.php?rest_route=%2Fwp%2Fv2%2Fmedia&parent=25036"}],"wp:term":[{"taxonomy":"category","embeddable":true,"href":"https:\/\/radiorevelacionfm.cl\/index.php?rest_route=%2Fwp%2Fv2%2Fcategories&post=25036"},{"taxonomy":"post_tag","embeddable":true,"href":"https:\/\/radiorevelacionfm.cl\/index.php?rest_route=%2Fwp%2Fv2%2Ftags&post=25036"}],"curies":[{"name":"wp","href":"https:\/\/api.w.org\/{rel}","templated":true}]}}