{"id":25032,"date":"2022-12-05T18:24:23","date_gmt":"2022-12-05T21:24:23","guid":{"rendered":"https:\/\/radiorevelacionfm.cl\/?p=25032"},"modified":"2022-12-05T18:24:23","modified_gmt":"2022-12-05T21:24:23","slug":"con-escalada-en-roca-en-la-junta-lanzan-temporada-de-turismo-2022-2023-de-la-comuna-de-cisnes","status":"publish","type":"post","link":"https:\/\/radiorevelacionfm.cl\/?p=25032","title":{"rendered":"Con escalada en roca en La Junta lanzan temporada de turismo 2022 \u2013 2023 de la comuna de Cisnes"},"content":{"rendered":"<div class=\"flex_column av_one_full  flex_column_div av-zero-column-padding first  avia-builder-el-0  el_before_av_one_full  avia-builder-el-first  \" style='border-radius:0px; '><div  class='avia-image-container  av-styling-    avia-builder-el-1  avia-builder-el-no-sibling  avia-align-center '  itemprop=\"image\" itemscope=\"itemscope\" itemtype=\"https:\/\/schema.org\/ImageObject\"  ><div class='avia-image-container-inner'><div class='avia-image-overlay-wrap'><img decoding=\"async\" class='wp-image-25033 avia-img-lazy-loading-not-25033 avia_image' src=\"https:\/\/radiorevelacionfm.cl\/wp-content\/uploads\/2022\/12\/lanzamiento-temporada-3-1-1.jpeg\" alt='' title='lanzamiento temporada 3 (1) (1)' height=\"600\" width=\"1067\"  itemprop=\"thumbnailUrl\" srcset=\"https:\/\/radiorevelacionfm.cl\/wp-content\/uploads\/2022\/12\/lanzamiento-temporada-3-1-1.jpeg 1067w, https:\/\/radiorevelacionfm.cl\/wp-content\/uploads\/2022\/12\/lanzamiento-temporada-3-1-1-300x169.jpeg 300w, https:\/\/radiorevelacionfm.cl\/wp-content\/uploads\/2022\/12\/lanzamiento-temporada-3-1-1-1030x579.jpeg 1030w, https:\/\/radiorevelacionfm.cl\/wp-content\/uploads\/2022\/12\/lanzamiento-temporada-3-1-1-768x432.jpeg 768w, https:\/\/radiorevelacionfm.cl\/wp-content\/uploads\/2022\/12\/lanzamiento-temporada-3-1-1-705x396.jpeg 705w, https:\/\/radiorevelacionfm.cl\/wp-content\/uploads\/2022\/12\/lanzamiento-temporada-3-1-1-600x337.jpeg 600w\" sizes=\"(max-width: 1067px) 100vw, 1067px\" \/><\/div><\/div><\/div><\/div><div class=\"flex_column av_one_full  flex_column_div av-zero-column-padding first  avia-builder-el-2  el_after_av_one_full  el_before_av_one_full  column-top-margin\" style='border-radius:0px; '><section class=\"av_textblock_section \"  itemscope=\"itemscope\" itemtype=\"https:\/\/schema.org\/BlogPosting\" itemprop=\"blogPost\" ><div class='avia_textblock  '   itemprop=\"text\" ><p style=\"text-align: center;\"><strong><span style=\"font-size: 18pt;\">Con escalada en roca en La Junta lanzan temporada de turismo 2022 \u2013 2023 de la comuna de Cisnes<\/span><\/strong><\/p>\n<div id=\"gtx-trans\" style=\"position: absolute; left: -50px; top: 4.31534px;\">\n<div class=\"gtx-trans-icon\"><\/div>\n<\/div>\n<\/div><\/section><\/div><div class=\"flex_column av_one_full  flex_column_div av-zero-column-padding first  avia-builder-el-4  el_after_av_one_full  el_before_av_hr  column-top-margin\" style='border-radius:0px; '><section class=\"av_textblock_section \"  itemscope=\"itemscope\" itemtype=\"https:\/\/schema.org\/BlogPosting\" itemprop=\"blogPost\" ><div class='avia_textblock  '   itemprop=\"text\" ><p style=\"text-align: justify;\">En la cabecera norte de la regi\u00f3n de Ays\u00e9n y de la comuna de Cisnes, se realiz\u00f3 el lanzamiento de la temporada de turismo 2022 -2023 y las actividades de verano en todo el territorio que comprende a Puerto Cisnes, Puyuhuapi, La Junta, Ra\u00fal Mar\u00edn Balmaceda y las localidades del litoral.<\/p>\n<p style=\"text-align: justify;\">Escala en roca, en el sector del parque Las Bardas, fue la iniciativa que dio el vamos a una serie de jornada que se vivir\u00e1n en distintos puntos de la comuna de Cisnes. Tal como lo destac\u00f3 el Alcalde, Francisco Roncagliolo Lepio.<\/p>\n<p style=\"text-align: justify;\">\u201cEstamos en el sector del parque Las Bardas de La Junta, queremos invitar a toda la comunidad, tambi\u00e9n a todos los visitantes, a que puedan recorrer este nuevo hito que tenemos disponible, una zona de escalada, que es parte de un trabajo que se est\u00e1 haciendo con fondos del Gobierno Regional, a trav\u00e9s de Sernatur. De esta forma, buscamos potenciar nuevos hitos tur\u00edsticos, que nos permitan invitar a las personas a recorrer nuestra comuna. Hoy hacemos este lanzamiento desde esta localidad y aprovechamos de invitar a que toda la gente se coordine y vea las actividades que vamos a tener durante este verano, que van desde las semanas costumbristas de cada localidad hasta las fiestas tan importante como la bajada del Palena. Tenemos tambi\u00e9n, la fiesta de los Valles, el Pescao Frito y otras actividades importantes en todo el litoral de nuestra comuna\u201d.<\/p>\n<p style=\"text-align: justify;\">En tanto, la Consejera Regional de la Provincia de Ays\u00e9n, Paola Rodr\u00edguez, puso hincapi\u00e9 en el trabajo y apoyo del Gobierno Regional a las actividades que se van a realizar en la comuna de Cisnes.<\/p>\n<p style=\"text-align: justify;\">\u201cEn realidad estas son las cosas que a nosotros nos encantan y podemos ver que, a trav\u00e9s de nuestro Gobierno Regional, a trav\u00e9s de nuestra Gobernadora Andrea Mac\u00edas y sus Consejeros, se aprueban estos convenios de transferencia de recursos, espec\u00edficamente con Sernatur, se puede llegar a todos los territorios y descubrir estos tremendos deportes, que hoy est\u00e1n mucho m\u00e1s arraigados en la regi\u00f3n de Ays\u00e9n. Sacar este tremendo potencial como es la escalada en roca ac\u00e1 en el sector norte de la comuna y el norte de la regi\u00f3n de Ays\u00e9n, de verdad que nos pone muy orgullosos y contentos de poder apoyar\u201d.<\/p>\n<p style=\"text-align: justify;\">Para el Concejal, Cristian Jaramillo, es importante que este tipo de iniciativas se desarrollen en la comunidad.<\/p>\n<p style=\"text-align: justify;\">\u201cEstoy muy contento de poder est\u00e1 aqu\u00ed y especialmente de poder poner en valor, algo que nosotros tenemos aqu\u00ed en La Junta a orillas del pueblo. Felicitar a los chiquillos que est\u00e1n haciendo escalada, ya que, gracias a ellos, obviamente con apoyo del Gobierno Regional y del Municipio, se ha podido llevar a cabo esta actividad. As\u00ed es que, muy contento de estar aqu\u00ed y que se est\u00e9 realizando en La Junta, con mayor raz\u00f3n\u201d.<\/p>\n<p style=\"text-align: justify;\">Ver\u00f3nica Gallardo, presidenta de la c\u00e1mara de comercio y turismo de Puyuhuapi, tambi\u00e9n puso en valor el inicio de la temporada 2022 \u2013 2023, considerando que en toda la comuna se llevaran a cabo diversas iniciativas.<\/p>\n<p style=\"text-align: justify;\">\u201cEstamos hoy lanzando nuestra temporada tur\u00edstica dentro de la comuna y tambi\u00e9n participar del primer evento de escalada, que es un hito para nosotros como gremios, como sector turismo, que nos va a permitir diversificar nuestra oferta tur\u00edstica. Invitarlos, porque no solo vamos a tener esta escalada ac\u00e1 en La Junta, sino que tambi\u00e9n, dentro de la comuna tenemos muchas otras actividades\u201d.<\/p>\n<p style=\"text-align: justify;\">De igual forma, el presidente del barrio comercial \u201cBarros Arana\u201d de La Junta, Cesar Vidal, relev\u00f3 lo significativo del entorno natural que posee la comuna de Cisnes, invitando a todos quienes quieran recorrer el territorio a que lo hagan durante esta temporada.<\/p>\n<p style=\"text-align: justify;\">\u201cHacemos la invitaci\u00f3n para que vengan hasta ac\u00e1, disfruten de las actividades que se est\u00e1n realizando, queremos invitarles cordialmente a disfrutar la naturaleza, pasen por La Junta, tenemos una roca espectacular, nada que envidiar a otras partes del pa\u00eds y del mundo. Hoy se est\u00e1 efectuando el lanzamiento de la temporada tur\u00edstica en nuestra localidad, as\u00ed es que, todos cordialmente invitados\u201d.<\/p>\n<p style=\"text-align: justify;\">En la actividad de lanzamiento de la temporada de turismo 2022 \u2013 2023 para la comuna de Cisnes, particip\u00f3 tambi\u00e9n, \u00c1lvaro D\u00b4amico, jefe zonal de Conaf en La Junta.<\/p>\n<\/div><\/section><\/div><div  style='height:50px' class='hr hr-invisible   avia-builder-el-6  el_after_av_one_full  el_before_av_social_share '><span class='hr-inner ' ><span class='hr-inner-style'><\/span><\/span><\/div><\/p>\n<div  class='av-social-sharing-box  avia-builder-el-7  el_after_av_hr  el_before_av_hr  '><div class='av-share-box'><h5 class='av-share-link-description av-no-toc '>Compartir esta noticia<\/h5><ul class='av-share-box-list noLightbox'><li class='av-share-link av-social-link-facebook' ><a target=\"_blank\" aria-label=\"Compartir en Facebook\" href='https:\/\/www.facebook.com\/sharer.php?u=https:\/\/radiorevelacionfm.cl\/?p=25032&#038;t=Con%20escalada%20en%20roca%20en%20La%20Junta%20lanzan%20temporada%20de%20turismo%202022%20%E2%80%93%202023%20de%20la%20comuna%20de%20Cisnes' aria-hidden='false' data-av_icon='\ue8f3' data-av_iconfont='entypo-fontello' title='' data-avia-related-tooltip='Compartir en Facebook' rel=\"noopener\"><span class='avia_hidden_link_text'>Compartir en Facebook<\/span><\/a><\/li><li class='av-share-link av-social-link-twitter' ><a target=\"_blank\" aria-label=\"Compartir en Twitter\" href='https:\/\/twitter.com\/share?text=Con%20escalada%20en%20roca%20en%20La%20Junta%20lanzan%20temporada%20de%20turismo%202022%20%E2%80%93%202023%20de%20la%20comuna%20de%20Cisnes&#038;url=https:\/\/radiorevelacionfm.cl\/?p=25032' aria-hidden='false' data-av_icon='\ue8f1' data-av_iconfont='entypo-fontello' title='' data-avia-related-tooltip='Compartir en Twitter' rel=\"noopener\"><span class='avia_hidden_link_text'>Compartir en Twitter<\/span><\/a><\/li><li class='av-share-link av-social-link-whatsapp' ><a target=\"_blank\" aria-label=\"Compartir en Whatsapp\" href='https:\/\/api.whatsapp.com\/send?text=https:\/\/radiorevelacionfm.cl\/?p=25032' aria-hidden='false' data-av_icon='\uf232' data-av_iconfont='entypo-fontello' title='' data-avia-related-tooltip='Compartir en Whatsapp' rel=\"noopener\"><span class='avia_hidden_link_text'>Compartir en Whatsapp<\/span><\/a><\/li><li class='av-share-link av-social-link-linkedin' ><a target=\"_blank\" aria-label=\"Compartir en LinkedIn\" href='https:\/\/linkedin.com\/shareArticle?mini=true&#038;title=Con%20escalada%20en%20roca%20en%20La%20Junta%20lanzan%20temporada%20de%20turismo%202022%20%E2%80%93%202023%20de%20la%20comuna%20de%20Cisnes&#038;url=https:\/\/radiorevelacionfm.cl\/?p=25032' aria-hidden='false' data-av_icon='\ue8fc' data-av_iconfont='entypo-fontello' title='' data-avia-related-tooltip='Compartir en LinkedIn' rel=\"noopener\"><span class='avia_hidden_link_text'>Compartir en LinkedIn<\/span><\/a><\/li><li class='av-share-link av-social-link-mail' ><a  aria-label=\"Compartir por correo\" href='mailto:?subject=Con%20escalada%20en%20roca%20en%20La%20Junta%20lanzan%20temporada%20de%20turismo%202022%20%E2%80%93%202023%20de%20la%20comuna%20de%20Cisnes&#038;body=https:\/\/radiorevelacionfm.cl\/?p=25032' aria-hidden='false' data-av_icon='\ue805' data-av_iconfont='entypo-fontello' title='' data-avia-related-tooltip='Compartir por correo'><span class='avia_hidden_link_text'>Compartir por correo<\/span><\/a><\/li><\/ul><\/div><\/div>\n<div  style='height:50px' class='hr hr-invisible   avia-builder-el-8  el_after_av_social_share  el_before_av_comments_list '><span class='hr-inner ' ><span class='hr-inner-style'><\/span><\/span><\/div>\n<div  class='av-buildercomment  av-blog-meta-html-info-disabled av-blog-meta-tag-disabled  '><\/div>\n","protected":false},"excerpt":{"rendered":"","protected":false},"author":1,"featured_media":25033,"comment_status":"open","ping_status":"open","sticky":false,"template":"","format":"standard","meta":{"footnotes":""},"categories":[54],"tags":[],"class_list":["post-25032","post","type-post","status-publish","format-standard","has-post-thumbnail","hentry","category-turismo"],"jetpack_featured_media_url":"https:\/\/radiorevelacionfm.cl\/wp-content\/uploads\/2022\/12\/lanzamiento-temporada-3-1-1.jpeg","_links":{"self":[{"href":"https:\/\/radiorevelacionfm.cl\/index.php?rest_route=\/wp\/v2\/posts\/25032","targetHints":{"allow":["GET"]}}],"collection":[{"href":"https:\/\/radiorevelacionfm.cl\/index.php?rest_route=\/wp\/v2\/posts"}],"about":[{"href":"https:\/\/radiorevelacionfm.cl\/index.php?rest_route=\/wp\/v2\/types\/post"}],"author":[{"embeddable":true,"href":"https:\/\/radiorevelacionfm.cl\/index.php?rest_route=\/wp\/v2\/users\/1"}],"replies":[{"embeddable":true,"href":"https:\/\/radiorevelacionfm.cl\/index.php?rest_route=%2Fwp%2Fv2%2Fcomments&post=25032"}],"version-history":[{"count":2,"href":"https:\/\/radiorevelacionfm.cl\/index.php?rest_route=\/wp\/v2\/posts\/25032\/revisions"}],"predecessor-version":[{"id":25035,"href":"https:\/\/radiorevelacionfm.cl\/index.php?rest_route=\/wp\/v2\/posts\/25032\/revisions\/25035"}],"wp:featuredmedia":[{"embeddable":true,"href":"https:\/\/radiorevelacionfm.cl\/index.php?rest_route=\/wp\/v2\/media\/25033"}],"wp:attachment":[{"href":"https:\/\/radiorevelacionfm.cl\/index.php?rest_route=%2Fwp%2Fv2%2Fmedia&parent=25032"}],"wp:term":[{"taxonomy":"category","embeddable":true,"href":"https:\/\/radiorevelacionfm.cl\/index.php?rest_route=%2Fwp%2Fv2%2Fcategories&post=25032"},{"taxonomy":"post_tag","embeddable":true,"href":"https:\/\/radiorevelacionfm.cl\/index.php?rest_route=%2Fwp%2Fv2%2Ftags&post=25032"}],"curies":[{"name":"wp","href":"https:\/\/api.w.org\/{rel}","templated":true}]}}