{"id":25028,"date":"2022-12-05T18:45:30","date_gmt":"2022-12-05T21:45:30","guid":{"rendered":"https:\/\/radiorevelacionfm.cl\/?p=25028"},"modified":"2022-12-05T18:45:30","modified_gmt":"2022-12-05T21:45:30","slug":"operativo-de-ecografias-permitio-abordar-necesidad-de-examenes-de-la-comunidad-de-chile-chico","status":"publish","type":"post","link":"https:\/\/radiorevelacionfm.cl\/?p=25028","title":{"rendered":"Operativo de ecograf\u00edas permiti\u00f3 abordar necesidad de ex\u00e1menes de la comunidad de Chile Chico"},"content":{"rendered":"<div class=\"flex_column av_one_full  flex_column_div av-zero-column-padding first  avia-builder-el-0  el_before_av_one_full  avia-builder-el-first  \" style='border-radius:0px; '><div  class='avia-image-container  av-styling-    avia-builder-el-1  avia-builder-el-no-sibling  avia-align-center '  itemprop=\"image\" itemscope=\"itemscope\" itemtype=\"https:\/\/schema.org\/ImageObject\"  ><div class='avia-image-container-inner'><div class='avia-image-overlay-wrap'><img decoding=\"async\" class='wp-image-25029 avia-img-lazy-loading-not-25029 avia_image' src=\"https:\/\/radiorevelacionfm.cl\/wp-content\/uploads\/2022\/12\/ecografia-1-1-1.jpg\" alt='' title='ecografia 1 (1) (1)' height=\"600\" width=\"1067\"  itemprop=\"thumbnailUrl\" srcset=\"https:\/\/radiorevelacionfm.cl\/wp-content\/uploads\/2022\/12\/ecografia-1-1-1.jpg 1067w, https:\/\/radiorevelacionfm.cl\/wp-content\/uploads\/2022\/12\/ecografia-1-1-1-300x169.jpg 300w, https:\/\/radiorevelacionfm.cl\/wp-content\/uploads\/2022\/12\/ecografia-1-1-1-1030x579.jpg 1030w, https:\/\/radiorevelacionfm.cl\/wp-content\/uploads\/2022\/12\/ecografia-1-1-1-768x432.jpg 768w, https:\/\/radiorevelacionfm.cl\/wp-content\/uploads\/2022\/12\/ecografia-1-1-1-705x396.jpg 705w, https:\/\/radiorevelacionfm.cl\/wp-content\/uploads\/2022\/12\/ecografia-1-1-1-600x337.jpg 600w\" sizes=\"(max-width: 1067px) 100vw, 1067px\" \/><\/div><\/div><\/div><\/div><div class=\"flex_column av_one_full  flex_column_div av-zero-column-padding first  avia-builder-el-2  el_after_av_one_full  el_before_av_one_full  column-top-margin\" style='border-radius:0px; '><section class=\"av_textblock_section \"  itemscope=\"itemscope\" itemtype=\"https:\/\/schema.org\/BlogPosting\" itemprop=\"blogPost\" ><div class='avia_textblock  '   itemprop=\"text\" ><p style=\"text-align: center;\"><span style=\"font-size: 18pt;\"><b>Operativo de ecograf\u00edas permiti\u00f3 abordar necesidad de ex\u00e1menes de la comunidad de Chile Chico<\/b><\/span><\/p>\n<div id=\"gtx-trans\" style=\"position: absolute; left: -50px; top: 4.31534px;\">\n<div class=\"gtx-trans-icon\"><\/div>\n<\/div>\n<\/div><\/section><\/div><div class=\"flex_column av_one_full  flex_column_div av-zero-column-padding first  avia-builder-el-4  el_after_av_one_full  el_before_av_hr  column-top-margin\" style='border-radius:0px; '><section class=\"av_textblock_section \"  itemscope=\"itemscope\" itemtype=\"https:\/\/schema.org\/BlogPosting\" itemprop=\"blogPost\" ><div class='avia_textblock  '   itemprop=\"text\" ><p style=\"font-weight: 400; text-align: justify;\">Medio centenar de ecograf\u00edas mamarias y abdominales, fueron desarrolladas en la Cl\u00ednica Municipal de Chile Chico, por un profesional contratado por el Servicio de Salud Ays\u00e9n, con el objetivo de disminuir la lista de espera y abordar las necesidades diagn\u00f3sticas de la comunidad.<\/p>\n<p style=\"font-weight: 400; text-align: justify;\">Este tipo de ex\u00e1menes son cruciales para poder confirmar o descartar patolog\u00edas en las que el diagn\u00f3stico oportuno permite aumentar el \u00e9xito de los tratamientos.<\/p>\n<p style=\"font-weight: 400; text-align: justify;\">\u201cHace algunos d\u00edas atr\u00e1s atendi\u00f3 a mi hija un especialista en pediatr\u00eda, nos indic\u00f3 una ecograf\u00eda y esta misma semana coincidi\u00f3 que vino un especialista a hacer los ex\u00e1menes pertinentes. Nos ahorramos un viaje, nos ahorramos la espera, todo en una semana\u201d, dijo Pamela Aguilar Maureira, mam\u00e1 de una de las pacientes beneficiadas por el operativo.<\/p>\n<p style=\"font-weight: 400; text-align: justify;\">Desarrollar ex\u00e1menes de estas caracter\u00edsticas en ciudades como Chile Chico permite disminuir los tiempos de espera e impactar positivamente en el bolsillo de las y los vecinos de la comuna, al evitar el traslado a la capital regional.<\/p>\n<p style=\"font-weight: 400; text-align: justify;\">\u201cA trav\u00e9s de fondos de resolutividad del Servicio de Salud se pretende despejar la lista de espera, especialmente en ecograf\u00eda abdominal y mamaria. En total se desarrollaron 50 procedimientos. Estamos muy contentos y conformes, ya que todos los pacientes citados se encontraban en lista de espera de los a\u00f1os 2021 y 2022\u201d, agreg\u00f3 Macarena Almonacid Vega, Asistenta Social y Jefa del SOME del Hospital Leopoldo Ortega Rodr\u00edguez de Chile Chico.<\/p>\n<p style=\"font-weight: 400; text-align: justify;\">Este tipo de operativos se enmarca en el trabajo desarrollado por los departamentos de la Subdirecci\u00f3n de Gesti\u00f3n Asistencial que han enfocado sus esfuerzos en resolver necesidades de pacientes, que en algunos casos han esperado m\u00e1s de 4 a\u00f1os por ex\u00e1menes, atenciones o intervenciones quir\u00fargicas.<\/p>\n<p style=\"font-weight: 400; text-align: justify;\">\u00abUna de las principales misiones encomendadas por nuestro gobierno es avanzar en la disminuci\u00f3n de listas de espera, trabajo que el equipo del Servicio ha abordado con seriedad y profesionalismo, logrando generar diversos operativos descentralizados para abordar las necesidades regionales e impactar positivamente en la atenci\u00f3n oportuna de las personas\u00bb, se\u00f1al\u00f3 el Director (S) del Servicio de Salud Ays\u00e9n, Mauricio Cort\u00e9s Molina.<\/p>\n<p style=\"font-weight: 400; text-align: justify;\">Adem\u00e1s del operativo en Chile Chico, se est\u00e1 desarrollando en Coyhaique operativos de endoscop\u00eda los que han permitido atender a un centenar de personas que esperaban su examen desde los a\u00f1os 2019 y 2020.<\/p>\n<\/div><\/section><\/div><div  style='height:50px' class='hr hr-invisible   avia-builder-el-6  el_after_av_one_full  el_before_av_social_share '><span class='hr-inner ' ><span class='hr-inner-style'><\/span><\/span><\/div><\/p>\n<div  class='av-social-sharing-box  avia-builder-el-7  el_after_av_hr  el_before_av_hr  '><div class='av-share-box'><h5 class='av-share-link-description av-no-toc '>Compartir esta noticia<\/h5><ul class='av-share-box-list noLightbox'><li class='av-share-link av-social-link-facebook' ><a target=\"_blank\" aria-label=\"Compartir en Facebook\" href='https:\/\/www.facebook.com\/sharer.php?u=https:\/\/radiorevelacionfm.cl\/?p=25028&#038;t=Operativo%20de%20ecograf%C3%ADas%20permiti%C3%B3%20abordar%20necesidad%20de%20ex%C3%A1menes%20de%20la%20comunidad%20de%20Chile%20Chico' aria-hidden='false' data-av_icon='\ue8f3' data-av_iconfont='entypo-fontello' title='' data-avia-related-tooltip='Compartir en Facebook' rel=\"noopener\"><span class='avia_hidden_link_text'>Compartir en Facebook<\/span><\/a><\/li><li class='av-share-link av-social-link-twitter' ><a target=\"_blank\" aria-label=\"Compartir en Twitter\" href='https:\/\/twitter.com\/share?text=Operativo%20de%20ecograf%C3%ADas%20permiti%C3%B3%20abordar%20necesidad%20de%20ex%C3%A1menes%20de%20la%20comunidad%20de%20Chile%20Chico&#038;url=https:\/\/radiorevelacionfm.cl\/?p=25028' aria-hidden='false' data-av_icon='\ue8f1' data-av_iconfont='entypo-fontello' title='' data-avia-related-tooltip='Compartir en Twitter' rel=\"noopener\"><span class='avia_hidden_link_text'>Compartir en Twitter<\/span><\/a><\/li><li class='av-share-link av-social-link-whatsapp' ><a target=\"_blank\" aria-label=\"Compartir en Whatsapp\" href='https:\/\/api.whatsapp.com\/send?text=https:\/\/radiorevelacionfm.cl\/?p=25028' aria-hidden='false' data-av_icon='\uf232' data-av_iconfont='entypo-fontello' title='' data-avia-related-tooltip='Compartir en Whatsapp' rel=\"noopener\"><span class='avia_hidden_link_text'>Compartir en Whatsapp<\/span><\/a><\/li><li class='av-share-link av-social-link-linkedin' ><a target=\"_blank\" aria-label=\"Compartir en LinkedIn\" href='https:\/\/linkedin.com\/shareArticle?mini=true&#038;title=Operativo%20de%20ecograf%C3%ADas%20permiti%C3%B3%20abordar%20necesidad%20de%20ex%C3%A1menes%20de%20la%20comunidad%20de%20Chile%20Chico&#038;url=https:\/\/radiorevelacionfm.cl\/?p=25028' aria-hidden='false' data-av_icon='\ue8fc' data-av_iconfont='entypo-fontello' title='' data-avia-related-tooltip='Compartir en LinkedIn' rel=\"noopener\"><span class='avia_hidden_link_text'>Compartir en LinkedIn<\/span><\/a><\/li><li class='av-share-link av-social-link-mail' ><a  aria-label=\"Compartir por correo\" href='mailto:?subject=Operativo%20de%20ecograf%C3%ADas%20permiti%C3%B3%20abordar%20necesidad%20de%20ex%C3%A1menes%20de%20la%20comunidad%20de%20Chile%20Chico&#038;body=https:\/\/radiorevelacionfm.cl\/?p=25028' aria-hidden='false' data-av_icon='\ue805' data-av_iconfont='entypo-fontello' title='' data-avia-related-tooltip='Compartir por correo'><span class='avia_hidden_link_text'>Compartir por correo<\/span><\/a><\/li><\/ul><\/div><\/div>\n<div  style='height:50px' class='hr hr-invisible   avia-builder-el-8  el_after_av_social_share  el_before_av_comments_list '><span class='hr-inner ' ><span class='hr-inner-style'><\/span><\/span><\/div>\n<div  class='av-buildercomment  av-blog-meta-html-info-disabled av-blog-meta-tag-disabled  '><\/div>\n","protected":false},"excerpt":{"rendered":"","protected":false},"author":1,"featured_media":25029,"comment_status":"open","ping_status":"open","sticky":false,"template":"","format":"standard","meta":{"footnotes":""},"categories":[46],"tags":[],"class_list":["post-25028","post","type-post","status-publish","format-standard","has-post-thumbnail","hentry","category-salud"],"jetpack_featured_media_url":"https:\/\/radiorevelacionfm.cl\/wp-content\/uploads\/2022\/12\/ecografia-1-1-1.jpg","_links":{"self":[{"href":"https:\/\/radiorevelacionfm.cl\/index.php?rest_route=\/wp\/v2\/posts\/25028","targetHints":{"allow":["GET"]}}],"collection":[{"href":"https:\/\/radiorevelacionfm.cl\/index.php?rest_route=\/wp\/v2\/posts"}],"about":[{"href":"https:\/\/radiorevelacionfm.cl\/index.php?rest_route=\/wp\/v2\/types\/post"}],"author":[{"embeddable":true,"href":"https:\/\/radiorevelacionfm.cl\/index.php?rest_route=\/wp\/v2\/users\/1"}],"replies":[{"embeddable":true,"href":"https:\/\/radiorevelacionfm.cl\/index.php?rest_route=%2Fwp%2Fv2%2Fcomments&post=25028"}],"version-history":[{"count":2,"href":"https:\/\/radiorevelacionfm.cl\/index.php?rest_route=\/wp\/v2\/posts\/25028\/revisions"}],"predecessor-version":[{"id":25043,"href":"https:\/\/radiorevelacionfm.cl\/index.php?rest_route=\/wp\/v2\/posts\/25028\/revisions\/25043"}],"wp:featuredmedia":[{"embeddable":true,"href":"https:\/\/radiorevelacionfm.cl\/index.php?rest_route=\/wp\/v2\/media\/25029"}],"wp:attachment":[{"href":"https:\/\/radiorevelacionfm.cl\/index.php?rest_route=%2Fwp%2Fv2%2Fmedia&parent=25028"}],"wp:term":[{"taxonomy":"category","embeddable":true,"href":"https:\/\/radiorevelacionfm.cl\/index.php?rest_route=%2Fwp%2Fv2%2Fcategories&post=25028"},{"taxonomy":"post_tag","embeddable":true,"href":"https:\/\/radiorevelacionfm.cl\/index.php?rest_route=%2Fwp%2Fv2%2Ftags&post=25028"}],"curies":[{"name":"wp","href":"https:\/\/api.w.org\/{rel}","templated":true}]}}