{"id":25025,"date":"2022-12-05T17:21:59","date_gmt":"2022-12-05T20:21:59","guid":{"rendered":"https:\/\/radiorevelacionfm.cl\/?p=25025"},"modified":"2022-12-18T20:10:14","modified_gmt":"2022-12-18T23:10:14","slug":"fiordo-austral-se-reune-con-delegado-de-aysen-para-revisar-el-proceso-de-produccion-basado-en-economia-circular","status":"publish","type":"post","link":"https:\/\/radiorevelacionfm.cl\/?p=25025","title":{"rendered":"Fiordo Austral se re\u00fane con Delegado de Ays\u00e9n para revisar el proceso de producci\u00f3n basado en econom\u00eda circular"},"content":{"rendered":"<div class=\"flex_column av_one_full  flex_column_div av-zero-column-padding first  avia-builder-el-0  el_before_av_one_full  avia-builder-el-first  \" style='border-radius:0px; '><div  class='avia-image-container  av-styling-    avia-builder-el-1  avia-builder-el-no-sibling  avia-align-center '  itemprop=\"image\" itemscope=\"itemscope\" itemtype=\"https:\/\/schema.org\/ImageObject\"  ><div class='avia-image-container-inner'><div class='avia-image-overlay-wrap'><img decoding=\"async\" class='wp-image-25026 avia-img-lazy-loading-not-25026 avia_image' src=\"https:\/\/radiorevelacionfm.cl\/wp-content\/uploads\/2022\/12\/Reunion_Fiordo_Austral_Delegacion_Aysen-1-1.jpeg\" alt='' title='Reunion_Fiordo_Austral_Delegacion_Aysen (1) (1)' height=\"600\" width=\"899\"  itemprop=\"thumbnailUrl\" srcset=\"https:\/\/radiorevelacionfm.cl\/wp-content\/uploads\/2022\/12\/Reunion_Fiordo_Austral_Delegacion_Aysen-1-1.jpeg 899w, https:\/\/radiorevelacionfm.cl\/wp-content\/uploads\/2022\/12\/Reunion_Fiordo_Austral_Delegacion_Aysen-1-1-300x200.jpeg 300w, https:\/\/radiorevelacionfm.cl\/wp-content\/uploads\/2022\/12\/Reunion_Fiordo_Austral_Delegacion_Aysen-1-1-768x513.jpeg 768w, https:\/\/radiorevelacionfm.cl\/wp-content\/uploads\/2022\/12\/Reunion_Fiordo_Austral_Delegacion_Aysen-1-1-705x471.jpeg 705w, https:\/\/radiorevelacionfm.cl\/wp-content\/uploads\/2022\/12\/Reunion_Fiordo_Austral_Delegacion_Aysen-1-1-600x400.jpeg 600w\" sizes=\"(max-width: 899px) 100vw, 899px\" \/><\/div><\/div><\/div><\/div><div class=\"flex_column av_one_full  flex_column_div av-zero-column-padding first  avia-builder-el-2  el_after_av_one_full  el_before_av_one_full  column-top-margin\" style='border-radius:0px; '><section class=\"av_textblock_section \"  itemscope=\"itemscope\" itemtype=\"https:\/\/schema.org\/BlogPosting\" itemprop=\"blogPost\" ><div class='avia_textblock  '   itemprop=\"text\" ><p style=\"text-align: center;\"><strong><span style=\"font-size: 18pt;\">Fiordo Austral se re\u00fane con Delegado de Ays\u00e9n para revisar el proceso de producci\u00f3n basado en econom\u00eda circular<\/span><\/strong><\/p>\n<div id=\"gtx-trans\" style=\"position: absolute; left: -50px; top: 4.31534px;\">\n<div class=\"gtx-trans-icon\"><\/div>\n<\/div>\n<\/div><\/section><\/div><div class=\"flex_column av_one_full  flex_column_div av-zero-column-padding first  avia-builder-el-4  el_after_av_one_full  el_before_av_hr  column-top-margin\" style='border-radius:0px; '><section class=\"av_textblock_section \"  itemscope=\"itemscope\" itemtype=\"https:\/\/schema.org\/BlogPosting\" itemprop=\"blogPost\" ><div class='avia_textblock  '   itemprop=\"text\" ><p style=\"text-align: justify;\">Una productiva reuni\u00f3n sostuvo un equipo de Fiordo Austral con el Delegado Presidencial de Ays\u00e9n, Jorge Salfate Aguayo, en el marco de una serie de encuentros que, tienen como principal objetivo, dar a conocer el trabajo que viene desarrollando la compa\u00f1\u00eda en materia de econom\u00eda circular.<\/p>\n<p style=\"text-align: justify;\">En lo particular, explicar de qu\u00e9 manera se lleva a cabo el proceso tras el cual el silo, derivado de los excedentes del salm\u00f3n, son tratados para dar vida a nuevos productos enfocados en potenciar la agricultura y el bienestar humano y animal.<\/p>\n<p style=\"text-align: justify;\">\u201cHemos hecho grandes esfuerzos para contribuir a la sostenibilidad de la industria. Parte de eso son nuestros simulacros ante situaci\u00f3n de Mortalidades Masivas, que permiten a todos los participantes de la actividad detectar oportunidades para mejorar nuestra reacci\u00f3n ante estas contingencias. Tambi\u00e9n estamos buscando generar soluciones intersectoriales para los incidentes viales y c\u00f3mo llegamos con los beneficios de las soluciones circulares a nuestras comunidades. Hay mucho por hacer y estamos disponibles para ser parte de este impulso\u201d, dijo el Gerente de Operaciones de Fiordo Austral, Francisco Correa Prado.<\/p>\n<p style=\"text-align: justify;\">Es en esa misma l\u00ednea es que,\u00a0 el ejecutivo, invit\u00f3 a las autoridades regionales de Ays\u00e9n a visitar la Planta de Fiordo Austral, ubicada en el sector Panitao, Calbuco, para conocer in situ c\u00f3mo se lleva a cabo el proceso productivo de la compa\u00f1\u00eda que &#8211; entre otros productos &#8211; , fabrica el Bioamino-L, un bioestimulante para la agricultura que promueve la actividad biol\u00f3gica en los suelos y potencia el desarrollo de las ra\u00edces de los cultivos, el cual, gracias a sus notables resultados ya se est\u00e1 exportando a diversos pa\u00edses del mundo. Entre ellos, Uruguay, Bolivia, Colombia, Ecuador, M\u00e9xico, EE. UU. y China.<\/p>\n<p style=\"text-align: justify;\">El encuentro qued\u00f3 agendado para la primera quincena de diciembre.<\/p>\n<p style=\"text-align: justify;\"><strong>EMERGENCIAS<\/strong><\/p>\n<p style=\"text-align: justify;\">Durante la reuni\u00f3n, adem\u00e1s, Gabriel Oyarz\u00fan P\u00e9rez, Gerente de Seguridad y Salud Ocupacional de Fiordo Austral, explic\u00f3 a los presentes, entre ellos, el Jefe Coordinador de Seguridad P\u00fablica y Gesti\u00f3n de Planificaci\u00f3n Territorial, Manuel P\u00e9rez; y el encargado provincial de ONEMI Ays\u00e9n, Patricio Antiman, los equipos y capacitaci\u00f3n con que cuenta la compa\u00f1\u00eda para enfrentar una emergencia, de modo de apoyar a los organismos de protecci\u00f3n civil frente a una contingencia.<\/p>\n<\/div><\/section><\/div><div  style='height:50px' class='hr hr-invisible   avia-builder-el-6  el_after_av_one_full  el_before_av_social_share '><span class='hr-inner ' ><span class='hr-inner-style'><\/span><\/span><\/div><\/p>\n<div  class='av-social-sharing-box  avia-builder-el-7  el_after_av_hr  el_before_av_hr  '><div class='av-share-box'><h5 class='av-share-link-description av-no-toc '>Compartir esta noticia<\/h5><ul class='av-share-box-list noLightbox'><li class='av-share-link av-social-link-facebook' ><a target=\"_blank\" aria-label=\"Compartir en Facebook\" href='https:\/\/www.facebook.com\/sharer.php?u=https:\/\/radiorevelacionfm.cl\/?p=25025&#038;t=Fiordo%20Austral%20se%20re%C3%BAne%20con%20Delegado%20de%20Ays%C3%A9n%20para%20revisar%20el%20proceso%20de%20producci%C3%B3n%20basado%20en%20econom%C3%ADa%20circular' aria-hidden='false' data-av_icon='\ue8f3' data-av_iconfont='entypo-fontello' title='' data-avia-related-tooltip='Compartir en Facebook' rel=\"noopener\"><span class='avia_hidden_link_text'>Compartir en Facebook<\/span><\/a><\/li><li class='av-share-link av-social-link-twitter' ><a target=\"_blank\" aria-label=\"Compartir en Twitter\" href='https:\/\/twitter.com\/share?text=Fiordo%20Austral%20se%20re%C3%BAne%20con%20Delegado%20de%20Ays%C3%A9n%20para%20revisar%20el%20proceso%20de%20producci%C3%B3n%20basado%20en%20econom%C3%ADa%20circular&#038;url=https:\/\/radiorevelacionfm.cl\/?p=25025' aria-hidden='false' data-av_icon='\ue8f1' data-av_iconfont='entypo-fontello' title='' data-avia-related-tooltip='Compartir en Twitter' rel=\"noopener\"><span class='avia_hidden_link_text'>Compartir en Twitter<\/span><\/a><\/li><li class='av-share-link av-social-link-whatsapp' ><a target=\"_blank\" aria-label=\"Compartir en Whatsapp\" href='https:\/\/api.whatsapp.com\/send?text=https:\/\/radiorevelacionfm.cl\/?p=25025' aria-hidden='false' data-av_icon='\uf232' data-av_iconfont='entypo-fontello' title='' data-avia-related-tooltip='Compartir en Whatsapp' rel=\"noopener\"><span class='avia_hidden_link_text'>Compartir en Whatsapp<\/span><\/a><\/li><li class='av-share-link av-social-link-linkedin' ><a target=\"_blank\" aria-label=\"Compartir en LinkedIn\" href='https:\/\/linkedin.com\/shareArticle?mini=true&#038;title=Fiordo%20Austral%20se%20re%C3%BAne%20con%20Delegado%20de%20Ays%C3%A9n%20para%20revisar%20el%20proceso%20de%20producci%C3%B3n%20basado%20en%20econom%C3%ADa%20circular&#038;url=https:\/\/radiorevelacionfm.cl\/?p=25025' aria-hidden='false' data-av_icon='\ue8fc' data-av_iconfont='entypo-fontello' title='' data-avia-related-tooltip='Compartir en LinkedIn' rel=\"noopener\"><span class='avia_hidden_link_text'>Compartir en LinkedIn<\/span><\/a><\/li><li class='av-share-link av-social-link-mail' ><a  aria-label=\"Compartir por correo\" href='mailto:?subject=Fiordo%20Austral%20se%20re%C3%BAne%20con%20Delegado%20de%20Ays%C3%A9n%20para%20revisar%20el%20proceso%20de%20producci%C3%B3n%20basado%20en%20econom%C3%ADa%20circular&#038;body=https:\/\/radiorevelacionfm.cl\/?p=25025' aria-hidden='false' data-av_icon='\ue805' data-av_iconfont='entypo-fontello' title='' data-avia-related-tooltip='Compartir por correo'><span class='avia_hidden_link_text'>Compartir por correo<\/span><\/a><\/li><\/ul><\/div><\/div>\n<div  style='height:50px' class='hr hr-invisible   avia-builder-el-8  el_after_av_social_share  el_before_av_comments_list '><span class='hr-inner ' ><span class='hr-inner-style'><\/span><\/span><\/div>\n<div  class='av-buildercomment  av-blog-meta-html-info-disabled av-blog-meta-tag-disabled  '><\/div>\n","protected":false},"excerpt":{"rendered":"","protected":false},"author":1,"featured_media":25026,"comment_status":"open","ping_status":"open","sticky":false,"template":"","format":"standard","meta":{"footnotes":""},"categories":[38],"tags":[],"class_list":["post-25025","post","type-post","status-publish","format-standard","has-post-thumbnail","hentry","category-regional"],"jetpack_featured_media_url":"https:\/\/radiorevelacionfm.cl\/wp-content\/uploads\/2022\/12\/Reunion_Fiordo_Austral_Delegacion_Aysen-1-1.jpeg","_links":{"self":[{"href":"https:\/\/radiorevelacionfm.cl\/index.php?rest_route=\/wp\/v2\/posts\/25025","targetHints":{"allow":["GET"]}}],"collection":[{"href":"https:\/\/radiorevelacionfm.cl\/index.php?rest_route=\/wp\/v2\/posts"}],"about":[{"href":"https:\/\/radiorevelacionfm.cl\/index.php?rest_route=\/wp\/v2\/types\/post"}],"author":[{"embeddable":true,"href":"https:\/\/radiorevelacionfm.cl\/index.php?rest_route=\/wp\/v2\/users\/1"}],"replies":[{"embeddable":true,"href":"https:\/\/radiorevelacionfm.cl\/index.php?rest_route=%2Fwp%2Fv2%2Fcomments&post=25025"}],"version-history":[{"count":2,"href":"https:\/\/radiorevelacionfm.cl\/index.php?rest_route=\/wp\/v2\/posts\/25025\/revisions"}],"predecessor-version":[{"id":25566,"href":"https:\/\/radiorevelacionfm.cl\/index.php?rest_route=\/wp\/v2\/posts\/25025\/revisions\/25566"}],"wp:featuredmedia":[{"embeddable":true,"href":"https:\/\/radiorevelacionfm.cl\/index.php?rest_route=\/wp\/v2\/media\/25026"}],"wp:attachment":[{"href":"https:\/\/radiorevelacionfm.cl\/index.php?rest_route=%2Fwp%2Fv2%2Fmedia&parent=25025"}],"wp:term":[{"taxonomy":"category","embeddable":true,"href":"https:\/\/radiorevelacionfm.cl\/index.php?rest_route=%2Fwp%2Fv2%2Fcategories&post=25025"},{"taxonomy":"post_tag","embeddable":true,"href":"https:\/\/radiorevelacionfm.cl\/index.php?rest_route=%2Fwp%2Fv2%2Ftags&post=25025"}],"curies":[{"name":"wp","href":"https:\/\/api.w.org\/{rel}","templated":true}]}}