{"id":25016,"date":"2022-12-06T08:30:41","date_gmt":"2022-12-06T11:30:41","guid":{"rendered":"https:\/\/radiorevelacionfm.cl\/?p=25016"},"modified":"2022-12-06T09:25:54","modified_gmt":"2022-12-06T12:25:54","slug":"realizan-exitoso-seminario-femicidio-aprendizajes-y-desafios-para-el-estado-a-dos-anos-de-la-ley-gabriela","status":"publish","type":"post","link":"https:\/\/radiorevelacionfm.cl\/?p=25016","title":{"rendered":"Realizan exitoso seminario \u201cFemicidio: aprendizajes y desaf\u00edos para el Estado a dos a\u00f1os de la Ley Gabriela\u201d"},"content":{"rendered":"<div class=\"flex_column av_one_full  flex_column_div av-zero-column-padding first  avia-builder-el-0  el_before_av_one_full  avia-builder-el-first  \" style='border-radius:0px; '><div  class='avia-image-container  av-styling-    avia-builder-el-1  avia-builder-el-no-sibling  avia-align-center '  itemprop=\"image\" itemscope=\"itemscope\" itemtype=\"https:\/\/schema.org\/ImageObject\"  ><div class='avia-image-container-inner'><div class='avia-image-overlay-wrap'><img decoding=\"async\" class='wp-image-25017 avia-img-lazy-loading-not-25017 avia_image' src=\"https:\/\/radiorevelacionfm.cl\/wp-content\/uploads\/2022\/12\/Seminario-Fiscalia-SernamEG-6-1-1.jpg\" alt='' title='Seminario Fiscal\u00eda SernamEG (6) (1) (1)' height=\"600\" width=\"1067\"  itemprop=\"thumbnailUrl\" srcset=\"https:\/\/radiorevelacionfm.cl\/wp-content\/uploads\/2022\/12\/Seminario-Fiscalia-SernamEG-6-1-1.jpg 1067w, https:\/\/radiorevelacionfm.cl\/wp-content\/uploads\/2022\/12\/Seminario-Fiscalia-SernamEG-6-1-1-300x169.jpg 300w, https:\/\/radiorevelacionfm.cl\/wp-content\/uploads\/2022\/12\/Seminario-Fiscalia-SernamEG-6-1-1-1030x579.jpg 1030w, https:\/\/radiorevelacionfm.cl\/wp-content\/uploads\/2022\/12\/Seminario-Fiscalia-SernamEG-6-1-1-768x432.jpg 768w, https:\/\/radiorevelacionfm.cl\/wp-content\/uploads\/2022\/12\/Seminario-Fiscalia-SernamEG-6-1-1-705x396.jpg 705w, https:\/\/radiorevelacionfm.cl\/wp-content\/uploads\/2022\/12\/Seminario-Fiscalia-SernamEG-6-1-1-600x337.jpg 600w\" sizes=\"(max-width: 1067px) 100vw, 1067px\" \/><\/div><\/div><\/div><\/div><div class=\"flex_column av_one_full  flex_column_div av-zero-column-padding first  avia-builder-el-2  el_after_av_one_full  el_before_av_one_full  column-top-margin\" style='border-radius:0px; '><section class=\"av_textblock_section \"  itemscope=\"itemscope\" itemtype=\"https:\/\/schema.org\/BlogPosting\" itemprop=\"blogPost\" ><div class='avia_textblock  '   itemprop=\"text\" ><p style=\"font-weight: 400; text-align: center;\"><strong><span style=\"font-size: 18pt;\">Realizan exitoso seminario \u201cFemicidio: aprendizajes y desaf\u00edos para el Estado a dos a\u00f1os de la Ley Gabriela\u201d<\/span><\/strong><\/p>\n<div id=\"gtx-trans\" style=\"position: absolute; left: -50px; top: 4.31534px;\">\n<div class=\"gtx-trans-icon\"><\/div>\n<\/div>\n<\/div><\/section><\/div><div class=\"flex_column av_one_full  flex_column_div av-zero-column-padding first  avia-builder-el-4  el_after_av_one_full  el_before_av_hr  column-top-margin\" style='border-radius:0px; '><section class=\"av_textblock_section \"  itemscope=\"itemscope\" itemtype=\"https:\/\/schema.org\/BlogPosting\" itemprop=\"blogPost\" ><div class='avia_textblock  '   itemprop=\"text\" ><p style=\"font-weight: 400; text-align: justify;\">Con la asistencia de 100 personas se realiz\u00f3 el seminario virtual \u201cFemicidio: aprendizajes y desaf\u00edos para el Estado a dos a\u00f1os de la Ley Gabriela\u201d, organizado en conjunto entre la Fiscal\u00eda Regional de Ays\u00e9n y el Servicio Nacional de la Mujer y la Equidad de G\u00e9nero, SernamEG. La actividad se enmarca en el D\u00eda Nacional contra el Femicidio que se conmemora cada 19 de diciembre, a partir del a\u00f1o 2020. Efem\u00e9ride oficial que busca recordar a las v\u00edctimas de violencia de g\u00e9nero y sensibilizar sobre esta problem\u00e1tica sociocultural.<\/p>\n<p style=\"font-weight: 400; text-align: justify;\">Durante su intervenci\u00f3n en el evento, la Directora Regional (S) de SernamEG, Carla Arriagada Malague\u00f1o, explic\u00f3 que \u201cla violencia contra las mujeres ha sido reconocida como una violaci\u00f3n grave a los derechos humanos, por lo tanto, como Estado tenemos la obligaci\u00f3n y un compromiso con cada una de las personas que est\u00e1n viviendo esta realidad; en hacer cambios, reflexionar y sentarnos a mirar nuestras pr\u00e1cticas cotidianas como seres participantes de la comunidad, pero tambi\u00e9n desde nuestro ejercicio profesional. El poder reunirnos hoy d\u00eda en este seminario tiene por un lado ese sentido, poder ver de qu\u00e9 manera estamos trabajando, c\u00f3mo es que el Estado ha ido respondiendo desaf\u00edos en materia legislativa; para poder ir incorporando todas las manifestaciones que concluyen en la vulneraci\u00f3n m\u00e1s grave que es el femicidio. Tambi\u00e9n, debemos llevar esta reflexi\u00f3n a las comunidades, c\u00f3mo instalar esta tem\u00e1tica y visibilizar cu\u00e1les son los factores de riesgo que est\u00e1n a la base del ejercicio grave de este tipo de violencia\u201d.<\/p>\n<p style=\"font-weight: 400; text-align: justify;\">Por su parte, el Fiscal Jefe Adjunto de la Fiscal\u00eda de Coyhaique, Jos\u00e9 Moris Ferrando, dijo: \u201ccomo funcionarias y funcionarios p\u00fablicos debemos hacer todo lo posible por evitar que la violencia de g\u00e9nero sea una constante en nuestra sociedad, no s\u00f3lo porque limita el desarrollo de un pa\u00eds o de una comunidad, sino que nos denigra en nuestra condici\u00f3n de seres humanos racionales. Para nosotras y nosotros en la regi\u00f3n de Ays\u00e9n es un aspecto lamentable y de com\u00fan ocurrencia, los delitos relacionados con la violencia intrafamiliar en nuestra Regi\u00f3n tienen tambi\u00e9n una alta incidencia, respecto del total de los delitos denunciados y donde lamentablemente la mayor parte de las v\u00edctimas son mujeres. La cifra de delitos relacionados bordea el 12% anual, asociado principalmente a maltrato habitual en lesiones leves, lesiones menos leves y amenazas. Para el Ministerio P\u00fablico el brindar atenci\u00f3n es uno de los elementos claves en materia de violencia intrafamiliar, velando por dar una respuesta r\u00e1pida al conflicto penal, de calidad, promoviendo salidas judiciales especialmente en sentencias condenatorias y la suspensi\u00f3n condicional del procedimiento\u201d.<\/p>\n<p style=\"font-weight: 400; text-align: justify;\">El\u00a0seminario virtual \u201cFemicidio: aprendizajes y desaf\u00edos para el Estado a dos a\u00f1os de la Ley Gabriela\u201d consisti\u00f3\u00a0en 4 ponencias que se transmitieron por el Canal de YouTube de la Fiscal\u00eda Regional de Ays\u00e9n. Una de las exposiciones se denomin\u00f3 \u00abAprendizajes y desaf\u00edos en la implementaci\u00f3n de la Ley Gabriela al Circuito Intersectorial de Femicidios Nacionales y Regionales\u00bb a cargo de la Abogada del Programa de Atenci\u00f3n, Protecci\u00f3n y Reparaci\u00f3n en Violencia contra las Mujeres de SernamEG, Alicia Candia Molina.<\/p>\n<p style=\"font-weight: 400; text-align: justify;\">La Jefa de la Unidad de Atenci\u00f3n a V\u00edctimas y Testigos de la Fiscal\u00eda Regional de Ays\u00e9n, Olivia Tapia Quezada, present\u00f3 la ponencia titulada \u201cAspectos a considerar en informes de violencia de pareja y femicidio\u00bb. \u00a0Otra de las exposiciones del Seminario fue\u00a0\u00abProceso de inserci\u00f3n a los CIF Regionales y la atenci\u00f3n a la ni\u00f1ez y adolescencia v\u00edctimas directas e indirectas de femicidios\u00bb\u00a0a cargo de dos profesionales del Servicio Nacional de Protecci\u00f3n Especializada a la Ni\u00f1ez y Adolescencia. Se trat\u00f3 de la Encargada de G\u00e9nero e integrante del Equipo de Coordinaci\u00f3n Intersectorial Nacional, Javiera Molina Barrientos; y la Coordinadora Intersectorial de la direcci\u00f3n regional Ays\u00e9n, Ivonne Mu\u00f1oz Briones. Finalmente, concluy\u00f3 el ciclo de ponencias el Jefe de la Secci\u00f3n Grupos Vulnerables del Departamento de Protecci\u00f3n de la Familia y Grupos Vulnerables, el Teniente de Carabineros de Chile, Manuel Vilches Videla, con \u00abExperiencia de la Sala de Familia en Violencia de G\u00e9nero y Femicidio en Chile\u00bb.<\/p>\n<\/div><\/section><\/div><div  style='height:50px' class='hr hr-invisible   avia-builder-el-6  el_after_av_one_full  el_before_av_social_share '><span class='hr-inner ' ><span class='hr-inner-style'><\/span><\/span><\/div><\/p>\n<div  class='av-social-sharing-box  avia-builder-el-7  el_after_av_hr  el_before_av_hr  '><div class='av-share-box'><h5 class='av-share-link-description av-no-toc '>Compartir esta noticia<\/h5><ul class='av-share-box-list noLightbox'><li class='av-share-link av-social-link-facebook' ><a target=\"_blank\" aria-label=\"Compartir en Facebook\" href='https:\/\/www.facebook.com\/sharer.php?u=https:\/\/radiorevelacionfm.cl\/?p=25016&#038;t=Realizan%20exitoso%20seminario%20%E2%80%9CFemicidio%3A%20aprendizajes%20y%20desaf%C3%ADos%20para%20el%20Estado%20a%20dos%20a%C3%B1os%20de%20la%20Ley%20Gabriela%E2%80%9D' aria-hidden='false' data-av_icon='\ue8f3' data-av_iconfont='entypo-fontello' title='' data-avia-related-tooltip='Compartir en Facebook' rel=\"noopener\"><span class='avia_hidden_link_text'>Compartir en Facebook<\/span><\/a><\/li><li class='av-share-link av-social-link-twitter' ><a target=\"_blank\" aria-label=\"Compartir en Twitter\" href='https:\/\/twitter.com\/share?text=Realizan%20exitoso%20seminario%20%E2%80%9CFemicidio%3A%20aprendizajes%20y%20desaf%C3%ADos%20para%20el%20Estado%20a%20dos%20a%C3%B1os%20de%20la%20Ley%20Gabriela%E2%80%9D&#038;url=https:\/\/radiorevelacionfm.cl\/?p=25016' aria-hidden='false' data-av_icon='\ue8f1' data-av_iconfont='entypo-fontello' title='' data-avia-related-tooltip='Compartir en Twitter' rel=\"noopener\"><span class='avia_hidden_link_text'>Compartir en Twitter<\/span><\/a><\/li><li class='av-share-link av-social-link-whatsapp' ><a target=\"_blank\" aria-label=\"Compartir en Whatsapp\" href='https:\/\/api.whatsapp.com\/send?text=https:\/\/radiorevelacionfm.cl\/?p=25016' aria-hidden='false' data-av_icon='\uf232' data-av_iconfont='entypo-fontello' title='' data-avia-related-tooltip='Compartir en Whatsapp' rel=\"noopener\"><span class='avia_hidden_link_text'>Compartir en Whatsapp<\/span><\/a><\/li><li class='av-share-link av-social-link-linkedin' ><a target=\"_blank\" aria-label=\"Compartir en LinkedIn\" href='https:\/\/linkedin.com\/shareArticle?mini=true&#038;title=Realizan%20exitoso%20seminario%20%E2%80%9CFemicidio%3A%20aprendizajes%20y%20desaf%C3%ADos%20para%20el%20Estado%20a%20dos%20a%C3%B1os%20de%20la%20Ley%20Gabriela%E2%80%9D&#038;url=https:\/\/radiorevelacionfm.cl\/?p=25016' aria-hidden='false' data-av_icon='\ue8fc' data-av_iconfont='entypo-fontello' title='' data-avia-related-tooltip='Compartir en LinkedIn' rel=\"noopener\"><span class='avia_hidden_link_text'>Compartir en LinkedIn<\/span><\/a><\/li><li class='av-share-link av-social-link-mail' ><a  aria-label=\"Compartir por correo\" href='mailto:?subject=Realizan%20exitoso%20seminario%20%E2%80%9CFemicidio%3A%20aprendizajes%20y%20desaf%C3%ADos%20para%20el%20Estado%20a%20dos%20a%C3%B1os%20de%20la%20Ley%20Gabriela%E2%80%9D&#038;body=https:\/\/radiorevelacionfm.cl\/?p=25016' aria-hidden='false' data-av_icon='\ue805' data-av_iconfont='entypo-fontello' title='' data-avia-related-tooltip='Compartir por correo'><span class='avia_hidden_link_text'>Compartir por correo<\/span><\/a><\/li><\/ul><\/div><\/div>\n<div  style='height:50px' class='hr hr-invisible   avia-builder-el-8  el_after_av_social_share  el_before_av_comments_list '><span class='hr-inner ' ><span class='hr-inner-style'><\/span><\/span><\/div>\n<div  class='av-buildercomment  av-blog-meta-html-info-disabled av-blog-meta-tag-disabled  '><\/div>\n","protected":false},"excerpt":{"rendered":"","protected":false},"author":1,"featured_media":25017,"comment_status":"open","ping_status":"open","sticky":false,"template":"","format":"standard","meta":{"footnotes":""},"categories":[38],"tags":[],"class_list":["post-25016","post","type-post","status-publish","format-standard","has-post-thumbnail","hentry","category-regional"],"jetpack_featured_media_url":"https:\/\/radiorevelacionfm.cl\/wp-content\/uploads\/2022\/12\/Seminario-Fiscalia-SernamEG-6-1-1.jpg","_links":{"self":[{"href":"https:\/\/radiorevelacionfm.cl\/index.php?rest_route=\/wp\/v2\/posts\/25016","targetHints":{"allow":["GET"]}}],"collection":[{"href":"https:\/\/radiorevelacionfm.cl\/index.php?rest_route=\/wp\/v2\/posts"}],"about":[{"href":"https:\/\/radiorevelacionfm.cl\/index.php?rest_route=\/wp\/v2\/types\/post"}],"author":[{"embeddable":true,"href":"https:\/\/radiorevelacionfm.cl\/index.php?rest_route=\/wp\/v2\/users\/1"}],"replies":[{"embeddable":true,"href":"https:\/\/radiorevelacionfm.cl\/index.php?rest_route=%2Fwp%2Fv2%2Fcomments&post=25016"}],"version-history":[{"count":2,"href":"https:\/\/radiorevelacionfm.cl\/index.php?rest_route=\/wp\/v2\/posts\/25016\/revisions"}],"predecessor-version":[{"id":25052,"href":"https:\/\/radiorevelacionfm.cl\/index.php?rest_route=\/wp\/v2\/posts\/25016\/revisions\/25052"}],"wp:featuredmedia":[{"embeddable":true,"href":"https:\/\/radiorevelacionfm.cl\/index.php?rest_route=\/wp\/v2\/media\/25017"}],"wp:attachment":[{"href":"https:\/\/radiorevelacionfm.cl\/index.php?rest_route=%2Fwp%2Fv2%2Fmedia&parent=25016"}],"wp:term":[{"taxonomy":"category","embeddable":true,"href":"https:\/\/radiorevelacionfm.cl\/index.php?rest_route=%2Fwp%2Fv2%2Fcategories&post=25016"},{"taxonomy":"post_tag","embeddable":true,"href":"https:\/\/radiorevelacionfm.cl\/index.php?rest_route=%2Fwp%2Fv2%2Ftags&post=25016"}],"curies":[{"name":"wp","href":"https:\/\/api.w.org\/{rel}","templated":true}]}}