{"id":25014,"date":"2022-12-05T16:42:35","date_gmt":"2022-12-05T19:42:35","guid":{"rendered":"https:\/\/radiorevelacionfm.cl\/?p=25014"},"modified":"2022-12-05T16:42:35","modified_gmt":"2022-12-05T19:42:35","slug":"chile-chico-calisto-por-comite-viento-patagon-los-comites-no-debieran-tener-que-esperar-tanto-por-los-procesos-administrativos","status":"publish","type":"post","link":"https:\/\/radiorevelacionfm.cl\/?p=25014","title":{"rendered":"Chile Chico: Calisto por comit\u00e9 Viento Patag\u00f3n \u201cLos comit\u00e9s no debieran tener que esperar tanto por los procesos administrativos\u201d"},"content":{"rendered":"<div class=\"flex_column av_one_full  flex_column_div av-zero-column-padding first  avia-builder-el-0  el_before_av_one_full  avia-builder-el-first  \" style='border-radius:0px; '><div  class='avia-image-container  av-styling-    avia-builder-el-1  avia-builder-el-no-sibling  avia-align-center '  itemprop=\"image\" itemscope=\"itemscope\" itemtype=\"https:\/\/schema.org\/ImageObject\"  ><div class='avia-image-container-inner'><div class='avia-image-overlay-wrap'><img decoding=\"async\" class='wp-image-15645 avia-img-lazy-loading-not-15645 avia_image' src=\"https:\/\/radiorevelacionfm.cl\/wp-content\/uploads\/2022\/04\/calisto-reu-comitE-viento-patagOn-1_optimized.jpg\" alt='' title='calisto-reu-comit\u00c9-viento-patag\u00d3n-(1)_optimized' height=\"600\" width=\"1067\"  itemprop=\"thumbnailUrl\" srcset=\"https:\/\/radiorevelacionfm.cl\/wp-content\/uploads\/2022\/04\/calisto-reu-comitE-viento-patagOn-1_optimized.jpg 1067w, https:\/\/radiorevelacionfm.cl\/wp-content\/uploads\/2022\/04\/calisto-reu-comitE-viento-patagOn-1_optimized-300x169.jpg 300w, https:\/\/radiorevelacionfm.cl\/wp-content\/uploads\/2022\/04\/calisto-reu-comitE-viento-patagOn-1_optimized-1030x579.jpg 1030w, https:\/\/radiorevelacionfm.cl\/wp-content\/uploads\/2022\/04\/calisto-reu-comitE-viento-patagOn-1_optimized-768x432.jpg 768w, https:\/\/radiorevelacionfm.cl\/wp-content\/uploads\/2022\/04\/calisto-reu-comitE-viento-patagOn-1_optimized-705x396.jpg 705w, https:\/\/radiorevelacionfm.cl\/wp-content\/uploads\/2022\/04\/calisto-reu-comitE-viento-patagOn-1_optimized-600x337.jpg 600w\" sizes=\"(max-width: 1067px) 100vw, 1067px\" \/><\/div><\/div><\/div><\/div><div class=\"flex_column av_one_full  flex_column_div av-zero-column-padding first  avia-builder-el-2  el_after_av_one_full  el_before_av_one_full  column-top-margin\" style='border-radius:0px; '><section class=\"av_textblock_section \"  itemscope=\"itemscope\" itemtype=\"https:\/\/schema.org\/BlogPosting\" itemprop=\"blogPost\" ><div class='avia_textblock  '   itemprop=\"text\" ><p style=\"text-align: center;\"><strong><span style=\"font-size: 18pt;\">Chile Chico: Calisto por comit\u00e9 Viento Patag\u00f3n \u201cLos comit\u00e9s no debieran tener que esperar tanto por los procesos administrativos\u201d<\/span><\/strong><\/p>\n<div id=\"gtx-trans\" style=\"position: absolute; left: -50px; top: 4.31534px;\">\n<div class=\"gtx-trans-icon\"><\/div>\n<\/div>\n<\/div><\/section><\/div><div class=\"flex_column av_one_full  flex_column_div av-zero-column-padding first  avia-builder-el-4  el_after_av_one_full  el_before_av_hr  column-top-margin\" style='border-radius:0px; '><section class=\"av_textblock_section \"  itemscope=\"itemscope\" itemtype=\"https:\/\/schema.org\/BlogPosting\" itemprop=\"blogPost\" ><div class='avia_textblock  '   itemprop=\"text\" ><p style=\"font-weight: 400; text-align: justify;\">Aunque calific\u00f3 como un gran avance la confirmaci\u00f3n del traspaso de un terreno de Bienes Nacionales a Serviu donde est\u00e1 considerado el proyecto habitacional del comit\u00e9 de vivienda de Chile Chico, Viento Patag\u00f3n, el diputado Miguel \u00c1ngel Calisto manifest\u00f3 su molestia por la demora en estos procesos administrativos, se\u00f1alando que \u201cno debieran tener que esperar tanto\u201d.<\/p>\n<p style=\"font-weight: 400; text-align: justify;\">Seg\u00fan el diputado, \u201cestoy contento por el traspaso definitivo al Minvu por parte de Bienes Nacionales de este terreno que albergar\u00e1 a 68 familias, pero tambi\u00e9n un poco molesto, porque no debiera ser necesario esperar tanto en los procesos administrativos. Este terreno lo conseguimos hace m\u00e1s de un a\u00f1o. Ahora el terreno se le entregar\u00e1 a la entidad patrocinante para que comience la construcci\u00f3n de las viviendas\u201d.<\/p>\n<p style=\"font-weight: 400; text-align: justify;\">\u201cAhora con el comit\u00e9 Viento Patag\u00f3n viene todo el proceso de la entrega formal del terreno, que la entidad patrocinante empiece a postular el proyecto al MINVU con terreno en mano. Espero que prontamente se puedan iniciar las obras de este importante comit\u00e9. Felicito a sus socios, a sus dirigentes por todo el trabajo realizado\u201d, indic\u00f3.<\/p>\n<p style=\"font-weight: 400; text-align: justify;\">Calisto agreg\u00f3 que \u201cesto se debi\u00f3 haber hecho hace bastante rato. Adem\u00e1s, en Chile Chico tenemos pendientes otros proyectos, como por ejemplo el comit\u00e9 Rukant\u00fa, que es el que sigue a Viento Patag\u00f3n. Estamos a la espera de la compra del terreno para este comit\u00e9. vamos a ser insistentes para que el gobierno cumpla con esto. Despu\u00e9s viene el proyecto habitacional Sue\u00f1os del Chelenko, con quienes tambi\u00e9n hemos estado trabajando\u201d.<\/p>\n<p style=\"font-weight: 400; text-align: justify;\">Por su parte, Macarena Sep\u00falveda, presidenta del Comit\u00e9 Viento Patag\u00f3n, indic\u00f3 que \u201cel traspaso de Bienes Nacionales a Serviu del terreno destinado para nuestro comit\u00e9 es un avance muy importante. Ac\u00e1 se proyecta la construcci\u00f3n de casas para 68 familias. Este avance lo est\u00e1bamos esperando hace muchos a\u00f1os, porque sin terreno no hab\u00eda viviendas. Llevamos cerca de seis a\u00f1os estancados con esto, y ahora que por fin sali\u00f3 es una tremenda alegr\u00eda para la gente\u201d.<\/p>\n<p style=\"font-weight: 400; text-align: justify;\">\u201cEsperamos que durante el pr\u00f3ximo a\u00f1o podamos postular al proyecto habitacional en cuanto a los subsidios. Las familias est\u00e1n muy contentas, con m\u00e1s gana que nunca de seguir luchando por la casa propia\u201d.<\/p>\n<p style=\"font-weight: 400; text-align: justify;\">Finalmente, la dirigenta se refiri\u00f3 al trabajo que realiza el diputado Calisto, asegurando que \u201cha sido un pilar fundamental en cuanto a desarrollo de nuestros comit\u00e9s, lleva mucho tiempo trabajando con nosotros en conjunto, siempre al tanto de la situaci\u00f3n y muy preocupado por los avances. Le agradecemos por todo y esperamos que nos siga apoyando en este proceso que nos falta que es la obtenci\u00f3n de los subsidios para la construcci\u00f3n de las casas\u201d.<\/p>\n<\/div><\/section><\/div><div  style='height:50px' class='hr hr-invisible   avia-builder-el-6  el_after_av_one_full  el_before_av_social_share '><span class='hr-inner ' ><span class='hr-inner-style'><\/span><\/span><\/div><\/p>\n<div  class='av-social-sharing-box  avia-builder-el-7  el_after_av_hr  el_before_av_hr  '><div class='av-share-box'><h5 class='av-share-link-description av-no-toc '>Compartir esta noticia<\/h5><ul class='av-share-box-list noLightbox'><li class='av-share-link av-social-link-facebook' ><a target=\"_blank\" aria-label=\"Compartir en Facebook\" href='https:\/\/www.facebook.com\/sharer.php?u=https:\/\/radiorevelacionfm.cl\/?p=25014&#038;t=Chile%20Chico%3A%20Calisto%20por%20comit%C3%A9%20Viento%20Patag%C3%B3n%20%E2%80%9CLos%20comit%C3%A9s%20no%20debieran%20tener%20que%20esperar%20tanto%20por%20los%20procesos%20administrativos%E2%80%9D' aria-hidden='false' data-av_icon='\ue8f3' data-av_iconfont='entypo-fontello' title='' data-avia-related-tooltip='Compartir en Facebook' rel=\"noopener\"><span class='avia_hidden_link_text'>Compartir en Facebook<\/span><\/a><\/li><li class='av-share-link av-social-link-twitter' ><a target=\"_blank\" aria-label=\"Compartir en Twitter\" href='https:\/\/twitter.com\/share?text=Chile%20Chico%3A%20Calisto%20por%20comit%C3%A9%20Viento%20Patag%C3%B3n%20%E2%80%9CLos%20comit%C3%A9s%20no%20debieran%20tener%20que%20esperar%20tanto%20por%20los%20procesos%20administrativos%E2%80%9D&#038;url=https:\/\/radiorevelacionfm.cl\/?p=25014' aria-hidden='false' data-av_icon='\ue8f1' data-av_iconfont='entypo-fontello' title='' data-avia-related-tooltip='Compartir en Twitter' rel=\"noopener\"><span class='avia_hidden_link_text'>Compartir en Twitter<\/span><\/a><\/li><li class='av-share-link av-social-link-whatsapp' ><a target=\"_blank\" aria-label=\"Compartir en Whatsapp\" href='https:\/\/api.whatsapp.com\/send?text=https:\/\/radiorevelacionfm.cl\/?p=25014' aria-hidden='false' data-av_icon='\uf232' data-av_iconfont='entypo-fontello' title='' data-avia-related-tooltip='Compartir en Whatsapp' rel=\"noopener\"><span class='avia_hidden_link_text'>Compartir en Whatsapp<\/span><\/a><\/li><li class='av-share-link av-social-link-linkedin' ><a target=\"_blank\" aria-label=\"Compartir en LinkedIn\" href='https:\/\/linkedin.com\/shareArticle?mini=true&#038;title=Chile%20Chico%3A%20Calisto%20por%20comit%C3%A9%20Viento%20Patag%C3%B3n%20%E2%80%9CLos%20comit%C3%A9s%20no%20debieran%20tener%20que%20esperar%20tanto%20por%20los%20procesos%20administrativos%E2%80%9D&#038;url=https:\/\/radiorevelacionfm.cl\/?p=25014' aria-hidden='false' data-av_icon='\ue8fc' data-av_iconfont='entypo-fontello' title='' data-avia-related-tooltip='Compartir en LinkedIn' rel=\"noopener\"><span class='avia_hidden_link_text'>Compartir en LinkedIn<\/span><\/a><\/li><li class='av-share-link av-social-link-mail' ><a  aria-label=\"Compartir por correo\" href='mailto:?subject=Chile%20Chico%3A%20Calisto%20por%20comit%C3%A9%20Viento%20Patag%C3%B3n%20%E2%80%9CLos%20comit%C3%A9s%20no%20debieran%20tener%20que%20esperar%20tanto%20por%20los%20procesos%20administrativos%E2%80%9D&#038;body=https:\/\/radiorevelacionfm.cl\/?p=25014' aria-hidden='false' data-av_icon='\ue805' data-av_iconfont='entypo-fontello' title='' data-avia-related-tooltip='Compartir por correo'><span class='avia_hidden_link_text'>Compartir por correo<\/span><\/a><\/li><\/ul><\/div><\/div>\n<div  style='height:50px' class='hr hr-invisible   avia-builder-el-8  el_after_av_social_share  el_before_av_comments_list '><span class='hr-inner ' ><span class='hr-inner-style'><\/span><\/span><\/div>\n<div  class='av-buildercomment  av-blog-meta-html-info-disabled av-blog-meta-tag-disabled  '><\/div>\n","protected":false},"excerpt":{"rendered":"","protected":false},"author":1,"featured_media":15645,"comment_status":"open","ping_status":"open","sticky":false,"template":"","format":"standard","meta":{"footnotes":""},"categories":[35],"tags":[],"class_list":["post-25014","post","type-post","status-publish","format-standard","has-post-thumbnail","hentry","category-politica"],"jetpack_featured_media_url":"https:\/\/radiorevelacionfm.cl\/wp-content\/uploads\/2022\/04\/calisto-reu-comitE-viento-patagOn-1_optimized.jpg","_links":{"self":[{"href":"https:\/\/radiorevelacionfm.cl\/index.php?rest_route=\/wp\/v2\/posts\/25014","targetHints":{"allow":["GET"]}}],"collection":[{"href":"https:\/\/radiorevelacionfm.cl\/index.php?rest_route=\/wp\/v2\/posts"}],"about":[{"href":"https:\/\/radiorevelacionfm.cl\/index.php?rest_route=\/wp\/v2\/types\/post"}],"author":[{"embeddable":true,"href":"https:\/\/radiorevelacionfm.cl\/index.php?rest_route=\/wp\/v2\/users\/1"}],"replies":[{"embeddable":true,"href":"https:\/\/radiorevelacionfm.cl\/index.php?rest_route=%2Fwp%2Fv2%2Fcomments&post=25014"}],"version-history":[{"count":2,"href":"https:\/\/radiorevelacionfm.cl\/index.php?rest_route=\/wp\/v2\/posts\/25014\/revisions"}],"predecessor-version":[{"id":25024,"href":"https:\/\/radiorevelacionfm.cl\/index.php?rest_route=\/wp\/v2\/posts\/25014\/revisions\/25024"}],"wp:featuredmedia":[{"embeddable":true,"href":"https:\/\/radiorevelacionfm.cl\/index.php?rest_route=\/wp\/v2\/media\/15645"}],"wp:attachment":[{"href":"https:\/\/radiorevelacionfm.cl\/index.php?rest_route=%2Fwp%2Fv2%2Fmedia&parent=25014"}],"wp:term":[{"taxonomy":"category","embeddable":true,"href":"https:\/\/radiorevelacionfm.cl\/index.php?rest_route=%2Fwp%2Fv2%2Fcategories&post=25014"},{"taxonomy":"post_tag","embeddable":true,"href":"https:\/\/radiorevelacionfm.cl\/index.php?rest_route=%2Fwp%2Fv2%2Ftags&post=25014"}],"curies":[{"name":"wp","href":"https:\/\/api.w.org\/{rel}","templated":true}]}}