{"id":25004,"date":"2022-12-05T18:50:39","date_gmt":"2022-12-05T21:50:39","guid":{"rendered":"https:\/\/radiorevelacionfm.cl\/?p=25004"},"modified":"2022-12-05T19:37:17","modified_gmt":"2022-12-05T22:37:17","slug":"fundacion-integra-realiza-tercer-encuentro-regional-de-directoras-de-jardines-infantiles","status":"publish","type":"post","link":"https:\/\/radiorevelacionfm.cl\/?p=25004","title":{"rendered":"Fundaci\u00f3n Integra realiza tercer encuentro regional de directoras de Jardines Infantiles"},"content":{"rendered":"<div class=\"flex_column av_one_full  flex_column_div av-zero-column-padding first  avia-builder-el-0  el_before_av_one_full  avia-builder-el-first  \" style='border-radius:0px; '><div  class='avia-image-container  av-styling-    avia-builder-el-1  avia-builder-el-no-sibling  avia-align-center '  itemprop=\"image\" itemscope=\"itemscope\" itemtype=\"https:\/\/schema.org\/ImageObject\"  ><div class='avia-image-container-inner'><div class='avia-image-overlay-wrap'><img decoding=\"async\" class='wp-image-25005 avia-img-lazy-loading-not-25005 avia_image' src=\"https:\/\/radiorevelacionfm.cl\/wp-content\/uploads\/2022\/12\/IMG_5399-1-1.jpg\" alt='' title='IMG_5399 (1) (1)' height=\"600\" width=\"948\"  itemprop=\"thumbnailUrl\" srcset=\"https:\/\/radiorevelacionfm.cl\/wp-content\/uploads\/2022\/12\/IMG_5399-1-1.jpg 948w, https:\/\/radiorevelacionfm.cl\/wp-content\/uploads\/2022\/12\/IMG_5399-1-1-300x190.jpg 300w, https:\/\/radiorevelacionfm.cl\/wp-content\/uploads\/2022\/12\/IMG_5399-1-1-768x486.jpg 768w, https:\/\/radiorevelacionfm.cl\/wp-content\/uploads\/2022\/12\/IMG_5399-1-1-705x446.jpg 705w, https:\/\/radiorevelacionfm.cl\/wp-content\/uploads\/2022\/12\/IMG_5399-1-1-600x380.jpg 600w\" sizes=\"(max-width: 948px) 100vw, 948px\" \/><\/div><\/div><\/div><\/div><div class=\"flex_column av_one_full  flex_column_div av-zero-column-padding first  avia-builder-el-2  el_after_av_one_full  el_before_av_one_full  column-top-margin\" style='border-radius:0px; '><section class=\"av_textblock_section \"  itemscope=\"itemscope\" itemtype=\"https:\/\/schema.org\/BlogPosting\" itemprop=\"blogPost\" ><div class='avia_textblock  '   itemprop=\"text\" ><p style=\"text-align: center;\"><strong><span style=\"font-size: 18pt;\">Fundaci\u00f3n Integra realiza tercer encuentro regional de directoras de Jardines Infantiles<\/span><\/strong><\/p>\n<div id=\"gtx-trans\" style=\"position: absolute; left: -50px; top: 4.31534px;\">\n<div class=\"gtx-trans-icon\"><\/div>\n<\/div>\n<\/div><\/section><\/div><div class=\"flex_column av_one_full  flex_column_div av-zero-column-padding first  avia-builder-el-4  el_after_av_one_full  el_before_av_hr  column-top-margin\" style='border-radius:0px; '><section class=\"av_textblock_section \"  itemscope=\"itemscope\" itemtype=\"https:\/\/schema.org\/BlogPosting\" itemprop=\"blogPost\" ><div class='avia_textblock  '   itemprop=\"text\" ><p style=\"text-align: justify;\">Este encuentro tuvo como tema central la \u201cMirada a nuestra gesti\u00f3n para proyectar desaf\u00edos a las infancias en la regi\u00f3n de Ays\u00e9n\u201d en la que se compartieron resultados, estrategias y acciones realizadas durante el 2022 y que permitieron fortaleciendo el conocimiento de la gesti\u00f3n de cada establecimiento y el rescate de experiencias exitosas.<\/p>\n<p style=\"text-align: justify;\">Durante una semana la totalidad de los jardines infantiles de Fundaci\u00f3n Integra de la regi\u00f3n de Ays\u00e9n se reunieron en Coyhaique para participar el \u00faltimo encuentro territorial de directoras el que tuvo como prop\u00f3sito fortalecer las gestiones realizadas durante este a\u00f1o con el objetivo de proyectar las acciones a desarrollar en el 2023 que permitan seguir entregando educaci\u00f3n de calidad a ni\u00f1os, ni\u00f1as y familias que forman parte de la instituci\u00f3n.<\/p>\n<p style=\"text-align: justify;\">La Directora Regional de Fundaci\u00f3n Integra, Leticia Araya Norambuena, tras el t\u00e9rmino de este encuentro destac\u00f3 la importancia de hacer un cierre \u201ccon respecto de lo que hemos realizado durante este a\u00f1o, cu\u00e1les son las proyecciones, los desaf\u00edos, los compromisos. A la vez pudimos hablar de la Planificaci\u00f3n Regional y de los que esperamos de nuestra instituci\u00f3n con un enfoque territorial\u201d. A la vez destac\u00f3 que \u201ctuvimos la posibilidad de trabajar el tema de las emociones y de experiencias que han trabajado los jardines infantiles en esta materia\u201d.<\/p>\n<p style=\"text-align: justify;\">En los cuatro d\u00edas de encuentro se abordaron temas tales como la Capacitaci\u00f3n Gu\u00eda de \u00a0Juegos Activos; Comparte Tu Gesti\u00f3n; Proyecciones para el 2023; Oportunidades de cambios para las infancias; Compartiendo emociones en la Patagonia;\u00a0Comunidades de aprendizaje; Programa Alimentario, entre otros.<\/p>\n<p style=\"text-align: justify;\">Alejandra Lira, directora del Jard\u00edn Infantil y Sala Cuna \u201cLos Chilcos\u201d de Puerto Ays\u00e9n se refiri\u00f3 a lo importante de estos espacios de encuentro que catalog\u00f3 como \u201cmuy enriquecedores tanto para nuestro quehacer personal como laboral, ya que nos permiten la reflexi\u00f3n, la escucha de las distintas acciones que se desarrollamos en nuestros establecimientos permiti\u00e9ndonos con esto poder mejorar nuestros procesos de gesti\u00f3n\u201d.<\/p>\n<p style=\"text-align: justify;\">Catalina Valdivia, directora del Jard\u00edn Infantil y Sala Cuna \u201cLobito Marino\u201d de Melinka tiene una visi\u00f3n similar respecto de este encuentro reforzando que \u201cson importante estos espacios porque podemos compartir nuestras reflexiones, nuestra gesti\u00f3n desarrollada durante este a\u00f1o y, del mismo modo, poder tomar algunas de las ideas que mis colegas desarrollaron en sus establecimientos\u201d.<\/p>\n<p style=\"text-align: justify;\">Finalmente, cabe recordar que Fundaci\u00f3n Integra pertenece a la Red de Fundaciones de la Presidencia de la Rep\u00fablica. Con 32 a\u00f1os de experiencia, es la red m\u00e1s grande de salas cuna y jardines infantiles del pa\u00eds con m\u00e1s de 1.200 establecimientos gratuitos, a los que asisten m\u00e1s de 85 mil ni\u00f1os y ni\u00f1as en todo Chile.<\/p>\n<\/div><\/section><\/div><div  style='height:50px' class='hr hr-invisible   avia-builder-el-6  el_after_av_one_full  el_before_av_social_share '><span class='hr-inner ' ><span class='hr-inner-style'><\/span><\/span><\/div><\/p>\n<div  class='av-social-sharing-box  avia-builder-el-7  el_after_av_hr  el_before_av_hr  '><div class='av-share-box'><h5 class='av-share-link-description av-no-toc '>Compartir esta noticia<\/h5><ul class='av-share-box-list noLightbox'><li class='av-share-link av-social-link-facebook' ><a target=\"_blank\" aria-label=\"Compartir en Facebook\" href='https:\/\/www.facebook.com\/sharer.php?u=https:\/\/radiorevelacionfm.cl\/?p=25004&#038;t=Fundaci%C3%B3n%20Integra%20realiza%20tercer%20encuentro%20regional%20de%20directoras%20de%20Jardines%20Infantiles' aria-hidden='false' data-av_icon='\ue8f3' data-av_iconfont='entypo-fontello' title='' data-avia-related-tooltip='Compartir en Facebook' rel=\"noopener\"><span class='avia_hidden_link_text'>Compartir en Facebook<\/span><\/a><\/li><li class='av-share-link av-social-link-twitter' ><a target=\"_blank\" aria-label=\"Compartir en Twitter\" href='https:\/\/twitter.com\/share?text=Fundaci%C3%B3n%20Integra%20realiza%20tercer%20encuentro%20regional%20de%20directoras%20de%20Jardines%20Infantiles&#038;url=https:\/\/radiorevelacionfm.cl\/?p=25004' aria-hidden='false' data-av_icon='\ue8f1' data-av_iconfont='entypo-fontello' title='' data-avia-related-tooltip='Compartir en Twitter' rel=\"noopener\"><span class='avia_hidden_link_text'>Compartir en Twitter<\/span><\/a><\/li><li class='av-share-link av-social-link-whatsapp' ><a target=\"_blank\" aria-label=\"Compartir en Whatsapp\" href='https:\/\/api.whatsapp.com\/send?text=https:\/\/radiorevelacionfm.cl\/?p=25004' aria-hidden='false' data-av_icon='\uf232' data-av_iconfont='entypo-fontello' title='' data-avia-related-tooltip='Compartir en Whatsapp' rel=\"noopener\"><span class='avia_hidden_link_text'>Compartir en Whatsapp<\/span><\/a><\/li><li class='av-share-link av-social-link-linkedin' ><a target=\"_blank\" aria-label=\"Compartir en LinkedIn\" href='https:\/\/linkedin.com\/shareArticle?mini=true&#038;title=Fundaci%C3%B3n%20Integra%20realiza%20tercer%20encuentro%20regional%20de%20directoras%20de%20Jardines%20Infantiles&#038;url=https:\/\/radiorevelacionfm.cl\/?p=25004' aria-hidden='false' data-av_icon='\ue8fc' data-av_iconfont='entypo-fontello' title='' data-avia-related-tooltip='Compartir en LinkedIn' rel=\"noopener\"><span class='avia_hidden_link_text'>Compartir en LinkedIn<\/span><\/a><\/li><li class='av-share-link av-social-link-mail' ><a  aria-label=\"Compartir por correo\" href='mailto:?subject=Fundaci%C3%B3n%20Integra%20realiza%20tercer%20encuentro%20regional%20de%20directoras%20de%20Jardines%20Infantiles&#038;body=https:\/\/radiorevelacionfm.cl\/?p=25004' aria-hidden='false' data-av_icon='\ue805' data-av_iconfont='entypo-fontello' title='' data-avia-related-tooltip='Compartir por correo'><span class='avia_hidden_link_text'>Compartir por correo<\/span><\/a><\/li><\/ul><\/div><\/div>\n<div  style='height:50px' class='hr hr-invisible   avia-builder-el-8  el_after_av_social_share  el_before_av_comments_list '><span class='hr-inner ' ><span class='hr-inner-style'><\/span><\/span><\/div>\n<div  class='av-buildercomment  av-blog-meta-html-info-disabled av-blog-meta-tag-disabled  '><\/div>\n","protected":false},"excerpt":{"rendered":"","protected":false},"author":1,"featured_media":25005,"comment_status":"open","ping_status":"open","sticky":false,"template":"","format":"standard","meta":{"footnotes":""},"categories":[49],"tags":[],"class_list":["post-25004","post","type-post","status-publish","format-standard","has-post-thumbnail","hentry","category-educacion"],"jetpack_featured_media_url":"https:\/\/radiorevelacionfm.cl\/wp-content\/uploads\/2022\/12\/IMG_5399-1-1.jpg","_links":{"self":[{"href":"https:\/\/radiorevelacionfm.cl\/index.php?rest_route=\/wp\/v2\/posts\/25004","targetHints":{"allow":["GET"]}}],"collection":[{"href":"https:\/\/radiorevelacionfm.cl\/index.php?rest_route=\/wp\/v2\/posts"}],"about":[{"href":"https:\/\/radiorevelacionfm.cl\/index.php?rest_route=\/wp\/v2\/types\/post"}],"author":[{"embeddable":true,"href":"https:\/\/radiorevelacionfm.cl\/index.php?rest_route=\/wp\/v2\/users\/1"}],"replies":[{"embeddable":true,"href":"https:\/\/radiorevelacionfm.cl\/index.php?rest_route=%2Fwp%2Fv2%2Fcomments&post=25004"}],"version-history":[{"count":2,"href":"https:\/\/radiorevelacionfm.cl\/index.php?rest_route=\/wp\/v2\/posts\/25004\/revisions"}],"predecessor-version":[{"id":25044,"href":"https:\/\/radiorevelacionfm.cl\/index.php?rest_route=\/wp\/v2\/posts\/25004\/revisions\/25044"}],"wp:featuredmedia":[{"embeddable":true,"href":"https:\/\/radiorevelacionfm.cl\/index.php?rest_route=\/wp\/v2\/media\/25005"}],"wp:attachment":[{"href":"https:\/\/radiorevelacionfm.cl\/index.php?rest_route=%2Fwp%2Fv2%2Fmedia&parent=25004"}],"wp:term":[{"taxonomy":"category","embeddable":true,"href":"https:\/\/radiorevelacionfm.cl\/index.php?rest_route=%2Fwp%2Fv2%2Fcategories&post=25004"},{"taxonomy":"post_tag","embeddable":true,"href":"https:\/\/radiorevelacionfm.cl\/index.php?rest_route=%2Fwp%2Fv2%2Ftags&post=25004"}],"curies":[{"name":"wp","href":"https:\/\/api.w.org\/{rel}","templated":true}]}}