{"id":25001,"date":"2022-12-05T14:34:24","date_gmt":"2022-12-05T17:34:24","guid":{"rendered":"https:\/\/radiorevelacionfm.cl\/?p=25001"},"modified":"2022-12-05T14:34:24","modified_gmt":"2022-12-05T17:34:24","slug":"urgencia-pediatrica-del-hrc-implementa-pictogramas-para-la-atencion-inclusiva-de-ninos-y-ninas","status":"publish","type":"post","link":"https:\/\/radiorevelacionfm.cl\/?p=25001","title":{"rendered":"Urgencia Pedi\u00e1trica del HRC implementa pictogramas para la atenci\u00f3n inclusiva de ni\u00f1os y ni\u00f1as"},"content":{"rendered":"<div class=\"flex_column av_one_full  flex_column_div av-zero-column-padding first  avia-builder-el-0  el_before_av_one_full  avia-builder-el-first  \" style='border-radius:0px; '><div  class='avia-image-container  av-styling-    avia-builder-el-1  avia-builder-el-no-sibling  avia-align-center '  itemprop=\"image\" itemscope=\"itemscope\" itemtype=\"https:\/\/schema.org\/ImageObject\"  ><div class='avia-image-container-inner'><div class='avia-image-overlay-wrap'><img decoding=\"async\" class='wp-image-25002 avia-img-lazy-loading-not-25002 avia_image' src=\"https:\/\/radiorevelacionfm.cl\/wp-content\/uploads\/2022\/12\/PICTOGRAMAS-UP-4-1-1.jpeg\" alt='' title='PICTOGRAMAS UP (4) (1) (1)' height=\"600\" width=\"1067\"  itemprop=\"thumbnailUrl\" srcset=\"https:\/\/radiorevelacionfm.cl\/wp-content\/uploads\/2022\/12\/PICTOGRAMAS-UP-4-1-1.jpeg 1067w, https:\/\/radiorevelacionfm.cl\/wp-content\/uploads\/2022\/12\/PICTOGRAMAS-UP-4-1-1-300x169.jpeg 300w, https:\/\/radiorevelacionfm.cl\/wp-content\/uploads\/2022\/12\/PICTOGRAMAS-UP-4-1-1-1030x579.jpeg 1030w, https:\/\/radiorevelacionfm.cl\/wp-content\/uploads\/2022\/12\/PICTOGRAMAS-UP-4-1-1-768x432.jpeg 768w, https:\/\/radiorevelacionfm.cl\/wp-content\/uploads\/2022\/12\/PICTOGRAMAS-UP-4-1-1-705x396.jpeg 705w, https:\/\/radiorevelacionfm.cl\/wp-content\/uploads\/2022\/12\/PICTOGRAMAS-UP-4-1-1-600x337.jpeg 600w\" sizes=\"(max-width: 1067px) 100vw, 1067px\" \/><\/div><\/div><\/div><\/div><div class=\"flex_column av_one_full  flex_column_div av-zero-column-padding first  avia-builder-el-2  el_after_av_one_full  el_before_av_one_full  column-top-margin\" style='border-radius:0px; '><section class=\"av_textblock_section \"  itemscope=\"itemscope\" itemtype=\"https:\/\/schema.org\/BlogPosting\" itemprop=\"blogPost\" ><div class='avia_textblock  '   itemprop=\"text\" ><p style=\"text-align: center;\"><span style=\"font-size: 18pt;\"><strong>Urgencia Pedi\u00e1trica del HRC implementa pictogramas para la atenci\u00f3n inclusiva de ni\u00f1os y ni\u00f1as<\/strong><\/span><\/p>\n<div id=\"gtx-trans\" style=\"position: absolute; left: -50px; top: 4.31534px;\">\n<div class=\"gtx-trans-icon\"><\/div>\n<\/div>\n<\/div><\/section><\/div><div class=\"flex_column av_one_full  flex_column_div av-zero-column-padding first  avia-builder-el-4  el_after_av_one_full  el_before_av_hr  column-top-margin\" style='border-radius:0px; '><section class=\"av_textblock_section \"  itemscope=\"itemscope\" itemtype=\"https:\/\/schema.org\/BlogPosting\" itemprop=\"blogPost\" ><div class='avia_textblock  '   itemprop=\"text\" ><p style=\"text-align: justify;\">La iniciativa tiene por objetivo mejorar la comunicaci\u00f3n con los pacientes que presenten alguna condici\u00f3n y\/o discapacidad que impida una comunicaci\u00f3n verbal efectiva.<\/p>\n<p style=\"text-align: justify;\">En el marco del D\u00eda internacional de las personas con discapacidad, que se conmemor\u00f3 este s\u00e1bado 03 de diciembre, comenz\u00f3 la puesta en marcha de \u00abPictogramas inclusivos\u00bb en la Urgencia Pedi\u00e1trica del Hospital Regional Coyhaique, iniciativa que tiene por objetivo mejorar la comunicaci\u00f3n con los pacientes que presenten alguna condici\u00f3n y\/o discapacidad que impida una comunicaci\u00f3n verbal efectiva, como por ejemplo ni\u00f1os TEA o sordos.<\/p>\n<p style=\"text-align: justify;\">Los pictogramas son\u00a0sistemas aumentativos y alternativos de comunicaci\u00f3n,\u00a0es decir,\u00a0formas de expresi\u00f3n diferentes del lenguaje hablado que tienen como objetivo aumentar el nivel de expresi\u00f3n (aumentativo) y\/o compensar (alternativo) las dificultades de comunicaci\u00f3n que presentan algunas personas.<\/p>\n<p style=\"text-align: justify;\">En este caso, se habilitaron los boxes de atenci\u00f3n de la Urgencia Pedi\u00e1trica con un sem\u00e1foro del dolor, mapa corporal del tama\u00f1o de un ni\u00f1o, y sets de 88 pictogramas port\u00e1tiles para cada sala, los que adem\u00e1s fueron trabajados en conjunto con la agrupaci\u00f3n TEAcompa\u00f1amos, que re\u00fane a padres, familiares, amigos y personas con diagn\u00f3stico o sospecha de Trastorno del Espectro Autista de la regi\u00f3n de Ays\u00e9n, quienes tambi\u00e9n son miembros del Consejo de Desarrollo Hospitalario del HRC.<\/p>\n<p style=\"text-align: justify;\">\u201cEstamos marcando un hito en la Urgencia Pedi\u00e1trica con una serie de pictrogramas destinados a los ni\u00f1os, para que \u00e9stos puedan identificar de mejor manera d\u00f3nde sienten dolor y los procedimientos que se les realizar\u00e1n. De esta manera se produce una entrada al proceso de atenci\u00f3n mucho m\u00e1s amigable y cercana, con mayor \u00e9xito en su diagn\u00f3stico y tratamiento\u201d, indic\u00f3 el director (S) del Servicio de Salud Ays\u00e9n, Claudio Arriagada.<\/p>\n<p style=\"text-align: justify;\">\u00bfD\u00f3nde estoy? \u00bfD\u00f3nde me duele? \u00bfQu\u00e9 me har\u00e1n? Son algunas de las interrogantes que se pretende aclarar mediante estos pictogramas, que pretenden ser un aporte en el proceso de atenci\u00f3n de nuestros pacientes m\u00e1s peque\u00f1os. En efecto, es un insumo que tambi\u00e9n permitir\u00e1 que los ni\u00f1os que a\u00fan no tienen un manejo adecuado del lenguaje (menores de 3 a\u00f1os) tambi\u00e9n puedan tener una mejor experiencia en el \u00fanico hospital de alta complejidad de la regi\u00f3n de Ays\u00e9n.<\/p>\n<p style=\"text-align: justify;\">\u201cQueremos acercarnos m\u00e1s a la comunidad y mejorar la atenci\u00f3n con nuestros pacientes tanto adultos como pedi\u00e1tricos. Este es un proceso donde estamos d\u00eda a d\u00eda trabajando, y quiz\u00e1s una de las cosas positivas que nos trajo la pandemia fue segregar las urgencias, lo que ha permitido que la atenci\u00f3n sea mucho m\u00e1s personalizada y enfocada a un grupo etario determinado, con la calidez y cordialidad que implica. Buscamos hacer sentir a la comunidad regional bien recibida en nuestro hospital\u201d, sostuvo el director (S) del HRC, Dr. Daniel Jara.<\/p>\n<p style=\"text-align: justify;\">El director del HRC hizo hincapi\u00e9 en que esta no es la \u00fanica iniciativa pensada en mejorar la atenci\u00f3n de los pacientes con discapacidad, sino tambi\u00e9n comenzar\u00e1 prontamente el funcionamiento de una pantalla en el servicio de Urgencia Adulto que permitir\u00e1 que los pacientes sordos puedan saber, mediante la pantalla, cuando est\u00e1n siendo llamados para ser atendidos, puesto que al no escuchar su nombre, muchas veces pierden su turno.<\/p>\n<p style=\"text-align: justify;\">En ese sentido, Claudia Bilbao, presidenta de TEAcompa\u00f1amos, destac\u00f3 la g\u00e9nesis de esta iniciativa, que surge mediante un trabajo conjunto entre la sociedad civil organizada y el equipo del Hospital Regional Coyhaique.<\/p>\n<p style=\"text-align: justify;\">\u201cEsto nos parece fundamental, no s\u00f3lo pensando en nuestros ni\u00f1os neurodivergentes, sino tambi\u00e9n en la discapacidad. Es un hito, y adem\u00e1s ha sido una iniciativa colaborativa, de participaci\u00f3n ciudadana en conjunto con quienes ejercen la gran labor de aliviar el dolor de nuestros ni\u00f1os.\u00a0 Los padres tambi\u00e9n estar\u00e1n m\u00e1s aliviados, ya que pueden explicarle de mejor manera a sus hijos qu\u00e9 les pasa. Este es un espacio muy acogedor que se agradece profundamente\u201d, expres\u00f3 Claudia Bilbao.<\/p>\n<p style=\"text-align: justify;\">Por su parte, el jefe de la Urgencia Pedi\u00e1trica del HRC, Dr. Rodrigo Verdugo, destac\u00f3 que esta iniciativa mejorar\u00e1 sin duda la comunicaci\u00f3n entre los pacientes, sus padres y el personal cl\u00ednico, resolviendo de mejor manera su requerimiento de salud.<\/p>\n<p style=\"text-align: justify;\">\u201cNuestro servicio de urgencia atiende una poblaci\u00f3n de aproximadamente 28 mil consultas al a\u00f1o, es decir, pr\u00e1cticamente la totalidad de los ni\u00f1os menores de 15 a\u00f1os que hay en la regi\u00f3n. Dentro de eso, hay un porcentaje cada vez mayor de ni\u00f1os que presentan alg\u00fan tipo de trastorno, discapacidad o simplemente son diferentes, por lo que tenemos que idear instancias pertinentes para ellos\u201d, precis\u00f3 el Dr. Verdugo.<\/p>\n<\/div><\/section><\/div><div  style='height:50px' class='hr hr-invisible   avia-builder-el-6  el_after_av_one_full  el_before_av_social_share '><span class='hr-inner ' ><span class='hr-inner-style'><\/span><\/span><\/div><\/p>\n<div  class='av-social-sharing-box  avia-builder-el-7  el_after_av_hr  el_before_av_hr  '><div class='av-share-box'><h5 class='av-share-link-description av-no-toc '>Compartir esta noticia<\/h5><ul class='av-share-box-list noLightbox'><li class='av-share-link av-social-link-facebook' ><a target=\"_blank\" aria-label=\"Compartir en Facebook\" href='https:\/\/www.facebook.com\/sharer.php?u=https:\/\/radiorevelacionfm.cl\/?p=25001&#038;t=Urgencia%20Pedi%C3%A1trica%20del%20HRC%20implementa%20pictogramas%20para%20la%20atenci%C3%B3n%20inclusiva%20de%20ni%C3%B1os%20y%20ni%C3%B1as' aria-hidden='false' data-av_icon='\ue8f3' data-av_iconfont='entypo-fontello' title='' data-avia-related-tooltip='Compartir en Facebook' rel=\"noopener\"><span class='avia_hidden_link_text'>Compartir en Facebook<\/span><\/a><\/li><li class='av-share-link av-social-link-twitter' ><a target=\"_blank\" aria-label=\"Compartir en Twitter\" href='https:\/\/twitter.com\/share?text=Urgencia%20Pedi%C3%A1trica%20del%20HRC%20implementa%20pictogramas%20para%20la%20atenci%C3%B3n%20inclusiva%20de%20ni%C3%B1os%20y%20ni%C3%B1as&#038;url=https:\/\/radiorevelacionfm.cl\/?p=25001' aria-hidden='false' data-av_icon='\ue8f1' data-av_iconfont='entypo-fontello' title='' data-avia-related-tooltip='Compartir en Twitter' rel=\"noopener\"><span class='avia_hidden_link_text'>Compartir en Twitter<\/span><\/a><\/li><li class='av-share-link av-social-link-whatsapp' ><a target=\"_blank\" aria-label=\"Compartir en Whatsapp\" href='https:\/\/api.whatsapp.com\/send?text=https:\/\/radiorevelacionfm.cl\/?p=25001' aria-hidden='false' data-av_icon='\uf232' data-av_iconfont='entypo-fontello' title='' data-avia-related-tooltip='Compartir en Whatsapp' rel=\"noopener\"><span class='avia_hidden_link_text'>Compartir en Whatsapp<\/span><\/a><\/li><li class='av-share-link av-social-link-linkedin' ><a target=\"_blank\" aria-label=\"Compartir en LinkedIn\" href='https:\/\/linkedin.com\/shareArticle?mini=true&#038;title=Urgencia%20Pedi%C3%A1trica%20del%20HRC%20implementa%20pictogramas%20para%20la%20atenci%C3%B3n%20inclusiva%20de%20ni%C3%B1os%20y%20ni%C3%B1as&#038;url=https:\/\/radiorevelacionfm.cl\/?p=25001' aria-hidden='false' data-av_icon='\ue8fc' data-av_iconfont='entypo-fontello' title='' data-avia-related-tooltip='Compartir en LinkedIn' rel=\"noopener\"><span class='avia_hidden_link_text'>Compartir en LinkedIn<\/span><\/a><\/li><li class='av-share-link av-social-link-mail' ><a  aria-label=\"Compartir por correo\" href='mailto:?subject=Urgencia%20Pedi%C3%A1trica%20del%20HRC%20implementa%20pictogramas%20para%20la%20atenci%C3%B3n%20inclusiva%20de%20ni%C3%B1os%20y%20ni%C3%B1as&#038;body=https:\/\/radiorevelacionfm.cl\/?p=25001' aria-hidden='false' data-av_icon='\ue805' data-av_iconfont='entypo-fontello' title='' data-avia-related-tooltip='Compartir por correo'><span class='avia_hidden_link_text'>Compartir por correo<\/span><\/a><\/li><\/ul><\/div><\/div>\n<div  style='height:50px' class='hr hr-invisible   avia-builder-el-8  el_after_av_social_share  el_before_av_comments_list '><span class='hr-inner ' ><span class='hr-inner-style'><\/span><\/span><\/div>\n<div  class='av-buildercomment  av-blog-meta-html-info-disabled av-blog-meta-tag-disabled  '><\/div>\n","protected":false},"excerpt":{"rendered":"","protected":false},"author":1,"featured_media":25002,"comment_status":"open","ping_status":"open","sticky":false,"template":"","format":"standard","meta":{"footnotes":""},"categories":[46],"tags":[],"class_list":["post-25001","post","type-post","status-publish","format-standard","has-post-thumbnail","hentry","category-salud"],"jetpack_featured_media_url":"https:\/\/radiorevelacionfm.cl\/wp-content\/uploads\/2022\/12\/PICTOGRAMAS-UP-4-1-1.jpeg","_links":{"self":[{"href":"https:\/\/radiorevelacionfm.cl\/index.php?rest_route=\/wp\/v2\/posts\/25001","targetHints":{"allow":["GET"]}}],"collection":[{"href":"https:\/\/radiorevelacionfm.cl\/index.php?rest_route=\/wp\/v2\/posts"}],"about":[{"href":"https:\/\/radiorevelacionfm.cl\/index.php?rest_route=\/wp\/v2\/types\/post"}],"author":[{"embeddable":true,"href":"https:\/\/radiorevelacionfm.cl\/index.php?rest_route=\/wp\/v2\/users\/1"}],"replies":[{"embeddable":true,"href":"https:\/\/radiorevelacionfm.cl\/index.php?rest_route=%2Fwp%2Fv2%2Fcomments&post=25001"}],"version-history":[{"count":2,"href":"https:\/\/radiorevelacionfm.cl\/index.php?rest_route=\/wp\/v2\/posts\/25001\/revisions"}],"predecessor-version":[{"id":25008,"href":"https:\/\/radiorevelacionfm.cl\/index.php?rest_route=\/wp\/v2\/posts\/25001\/revisions\/25008"}],"wp:featuredmedia":[{"embeddable":true,"href":"https:\/\/radiorevelacionfm.cl\/index.php?rest_route=\/wp\/v2\/media\/25002"}],"wp:attachment":[{"href":"https:\/\/radiorevelacionfm.cl\/index.php?rest_route=%2Fwp%2Fv2%2Fmedia&parent=25001"}],"wp:term":[{"taxonomy":"category","embeddable":true,"href":"https:\/\/radiorevelacionfm.cl\/index.php?rest_route=%2Fwp%2Fv2%2Fcategories&post=25001"},{"taxonomy":"post_tag","embeddable":true,"href":"https:\/\/radiorevelacionfm.cl\/index.php?rest_route=%2Fwp%2Fv2%2Ftags&post=25001"}],"curies":[{"name":"wp","href":"https:\/\/api.w.org\/{rel}","templated":true}]}}