{"id":2500,"date":"2021-02-09T22:25:22","date_gmt":"2021-02-10T01:25:22","guid":{"rendered":"https:\/\/radiorevelacionfm.cl\/?p=2500"},"modified":"2021-02-09T22:30:15","modified_gmt":"2021-02-10T01:30:15","slug":"alcalde-martinez-realizo-inspeccion-nocturna-a-nuevo-sistema-de-alumbrado-en-costanera-condell","status":"publish","type":"post","link":"https:\/\/radiorevelacionfm.cl\/?p=2500","title":{"rendered":"Alcalde Mart\u00ednez realiz\u00f3 inspecci\u00f3n nocturna a nuevo sistema de alumbrado de proyecto Costanera Condell"},"content":{"rendered":"<div class=\"flex_column av_one_full  flex_column_div av-zero-column-padding first  avia-builder-el-0  el_before_av_one_full  avia-builder-el-first  \" style='border-radius:0px; '><div  class='avia-image-container  av-styling-    avia-builder-el-1  avia-builder-el-no-sibling  avia-align-center '  itemprop=\"image\" itemscope=\"itemscope\" itemtype=\"https:\/\/schema.org\/ImageObject\"  ><div class='avia-image-container-inner'><div class='avia-image-overlay-wrap'><img decoding=\"async\" class='wp-image-0 avia-img-lazy-loading-not-0 avia_image' src=\"https:\/\/radiorevelacionfm.cl\/wp-content\/uploads\/2021\/02\/costanera-condell3-1_optimized.jpeg\" alt='' title=''   itemprop=\"thumbnailUrl\"  \/><\/div><\/div><\/div><\/div>\n<div class=\"flex_column av_one_full  flex_column_div av-zero-column-padding first  avia-builder-el-2  el_after_av_one_full  el_before_av_one_full  column-top-margin\" style='border-radius:0px; '><section class=\"av_textblock_section \"  itemscope=\"itemscope\" itemtype=\"https:\/\/schema.org\/BlogPosting\" itemprop=\"blogPost\" ><div class='avia_textblock  '   itemprop=\"text\" ><p style=\"text-align: center;\"><span style=\"font-size: 18pt;\"><strong>Alcalde Mart\u00ednez realiz\u00f3 inspecci\u00f3n nocturna a nuevo sistema de alumbrado de proyecto Costanera Condell <\/strong><\/span><\/p>\n<div id=\"gtx-trans\" style=\"position: absolute; left: -50px; top: 4.31534px;\">\n<div class=\"gtx-trans-icon\"><\/div>\n<\/div>\n<\/div><\/section><\/div><div class=\"flex_column av_one_full  flex_column_div av-zero-column-padding first  avia-builder-el-4  el_after_av_one_full  el_before_av_hr  column-top-margin\" style='border-radius:0px; '><section class=\"av_textblock_section \"  itemscope=\"itemscope\" itemtype=\"https:\/\/schema.org\/BlogPosting\" itemprop=\"blogPost\" ><div class='avia_textblock  '   itemprop=\"text\" ><p style=\"text-align: justify;\"><em>Una inversi\u00f3n que supera los 5 mil millones de pesos y que promete en su emplazamiento, revolucionar el turismo de la comuna y beneficiar a los habitantes del sector. <\/em><\/p>\n<p style=\"text-align: justify;\">Con motivo de constatar el optimo funcionamiento del sistema de alumbrado en esta importante faena, el alcalde de Ays\u00e9n, Luis Mart\u00ednez Gallardo, en compa\u00f1\u00eda de los directores de Obras Municipales y la Secretar\u00eda Comunal de Planificaci\u00f3n realiz\u00f3 una inspecci\u00f3n nocturna a este nuevo polo de desarrollo tur\u00edstico para Puerto Ays\u00e9n. Cabe destacar que la obra presenta un 99% de avance y ser\u00e1 complementada con el alcantarillado para el sector, tras obtener recientemente los recursos por parte del Gobierno Regional de Ays\u00e9n.<\/p>\n<p style=\"text-align: justify;\">Al respecto, el edil destac\u00f3 que \u201ceste es un proyecto visionario\u201d, principalmente por la gesti\u00f3n que tuvo, considerando que esta obra se efectu\u00f3 como mitigaci\u00f3n para poder brindar a los vecinos y vecinas una conexi\u00f3n al sistema de alcantarillado \u201ccolocan este parque fuera del \u00e1rea del alcantarillado y generan este espacio tur\u00edstico, un espacio que va a cambiar la vida de las personas con mucha iluminaci\u00f3n, modernismo y recogiendo la historia de este sector\u201d.<\/p>\n<p style=\"text-align: justify;\">A rengl\u00f3n seguido, la autoridad, coment\u00f3 que estas obras se esperan seguir replicando en sectores como Ribera Sur donde ya el municipio aysenino se encuentra elaborando un proyecto en etapa de dise\u00f1o. Pero la autoridad, fue enfatiz\u00f3 principalmente los beneficios que traer\u00e1 este proyecto para las familias de Ays\u00e9n en un espacio que est\u00e1 completamente iluminado, que cuenta con c\u00e1maras de seguridad \u201cdonde van a poder jugar los ni\u00f1os de diferentes edades, pasear por estos espacios que son techados los cuales est\u00e1n muy \u00fatiles para Puerto Ays\u00e9n. Adem\u00e1s, se suma que tenemos la aprobaci\u00f3n de los recursos para poder hacer el alcantarillado, as\u00ed es que, felicitaciones al equipo que hizo posible esto y a los vecinos por esta gran obra\u201d.<\/p>\n<p style=\"text-align: justify;\">Por su parte, Sebasti\u00e1n Villagra, Director de Obras Municipales explic\u00f3 que este es el proyecto m\u00e1s grande que actualmente se encuentra en la cartera de ejecuciones de la Casa Edilica de Ays\u00e9n \u201ccon un alcance de 5091 millones de pesos y ya nos encontramos en el 99% fiscalizando el sistema de iluminaci\u00f3n completo del proyecto y de televigilancia. El sistema de luminarias contempla luces LED en su totalidad, con iluminaci\u00f3n al enrocado, como tambi\u00e9n los recorridos interiores que poseen Led de colores e iluminaci\u00f3n desde el piso en distintas tonalidades\u201d.<\/p>\n<p style=\"text-align: justify;\">Finalmente, el Secretario Comunal de Planificaci\u00f3n, Marcelo Prambs, tras ser consultado indic\u00f3 que este proyecto se gener\u00f3 en base a crear un hito tur\u00edstico para los vecinos que viven en la zona, esto considerando la falta de espacios existentes con anterioridad para el desarrollo del deporte y otras actividades considerando que el emplazamiento corresponde a una parte del R\u00edo Los Palos. \u201centonces a trav\u00e9s de todas las retroalimentaciones que se dieron con los vecinos se ide\u00f3, se aument\u00f3 un poquito el proyecto, pero tenemos el resultado de tener uno de los mejores parques que hay dentro de la trama urbana de Puerto Ays\u00e9n\u201d, sentenci\u00f3 el personero municipal.<\/p>\n<\/div><\/section><\/div><\/p>\n<div  style='height:50px' class='hr hr-invisible   avia-builder-el-6  el_after_av_one_full  el_before_av_social_share '><span class='hr-inner ' ><span class='hr-inner-style'><\/span><\/span><\/div>\n<div  class='av-social-sharing-box  avia-builder-el-7  el_after_av_hr  el_before_av_hr  '><div class='av-share-box'><h5 class='av-share-link-description av-no-toc '>Compartir esta noticia<\/h5><ul class='av-share-box-list noLightbox'><li class='av-share-link av-social-link-facebook' ><a target=\"_blank\" aria-label=\"Compartir en Facebook\" href='https:\/\/www.facebook.com\/sharer.php?u=https:\/\/radiorevelacionfm.cl\/?p=2500&#038;t=Alcalde%20Mart%C3%ADnez%20realiz%C3%B3%20inspecci%C3%B3n%20nocturna%20a%20nuevo%20sistema%20de%20alumbrado%20de%20proyecto%20Costanera%20Condell' aria-hidden='false' data-av_icon='\ue8f3' data-av_iconfont='entypo-fontello' title='' data-avia-related-tooltip='Compartir en Facebook' rel=\"noopener\"><span class='avia_hidden_link_text'>Compartir en Facebook<\/span><\/a><\/li><li class='av-share-link av-social-link-twitter' ><a target=\"_blank\" aria-label=\"Compartir en Twitter\" href='https:\/\/twitter.com\/share?text=Alcalde%20Mart%C3%ADnez%20realiz%C3%B3%20inspecci%C3%B3n%20nocturna%20a%20nuevo%20sistema%20de%20alumbrado%20de%20proyecto%20Costanera%20Condell&#038;url=https:\/\/radiorevelacionfm.cl\/?p=2500' aria-hidden='false' data-av_icon='\ue8f1' data-av_iconfont='entypo-fontello' title='' data-avia-related-tooltip='Compartir en Twitter' rel=\"noopener\"><span class='avia_hidden_link_text'>Compartir en Twitter<\/span><\/a><\/li><li class='av-share-link av-social-link-whatsapp' ><a target=\"_blank\" aria-label=\"Compartir en Whatsapp\" href='https:\/\/api.whatsapp.com\/send?text=https:\/\/radiorevelacionfm.cl\/?p=2500' aria-hidden='false' data-av_icon='\uf232' data-av_iconfont='entypo-fontello' title='' data-avia-related-tooltip='Compartir en Whatsapp' rel=\"noopener\"><span class='avia_hidden_link_text'>Compartir en Whatsapp<\/span><\/a><\/li><li class='av-share-link av-social-link-linkedin' ><a target=\"_blank\" aria-label=\"Compartir en LinkedIn\" href='https:\/\/linkedin.com\/shareArticle?mini=true&#038;title=Alcalde%20Mart%C3%ADnez%20realiz%C3%B3%20inspecci%C3%B3n%20nocturna%20a%20nuevo%20sistema%20de%20alumbrado%20de%20proyecto%20Costanera%20Condell&#038;url=https:\/\/radiorevelacionfm.cl\/?p=2500' aria-hidden='false' data-av_icon='\ue8fc' data-av_iconfont='entypo-fontello' title='' data-avia-related-tooltip='Compartir en LinkedIn' rel=\"noopener\"><span class='avia_hidden_link_text'>Compartir en LinkedIn<\/span><\/a><\/li><li class='av-share-link av-social-link-mail' ><a  aria-label=\"Compartir por correo\" href='mailto:?subject=Alcalde%20Mart%C3%ADnez%20realiz%C3%B3%20inspecci%C3%B3n%20nocturna%20a%20nuevo%20sistema%20de%20alumbrado%20de%20proyecto%20Costanera%20Condell&#038;body=https:\/\/radiorevelacionfm.cl\/?p=2500' aria-hidden='false' data-av_icon='\ue805' data-av_iconfont='entypo-fontello' title='' data-avia-related-tooltip='Compartir por correo'><span class='avia_hidden_link_text'>Compartir por correo<\/span><\/a><\/li><\/ul><\/div><\/div>\n<div  style='height:50px' class='hr hr-invisible   avia-builder-el-8  el_after_av_social_share  el_before_av_comments_list '><span class='hr-inner ' ><span class='hr-inner-style'><\/span><\/span><\/div>\n<div  class='av-buildercomment  av-blog-meta-html-info-disabled av-blog-meta-tag-disabled  '><\/div>\n","protected":false},"excerpt":{"rendered":"","protected":false},"author":1,"featured_media":0,"comment_status":"open","ping_status":"open","sticky":false,"template":"","format":"standard","meta":{"footnotes":""},"categories":[38],"tags":[],"class_list":["post-2500","post","type-post","status-publish","format-standard","hentry","category-regional"],"jetpack_featured_media_url":"","_links":{"self":[{"href":"https:\/\/radiorevelacionfm.cl\/index.php?rest_route=\/wp\/v2\/posts\/2500","targetHints":{"allow":["GET"]}}],"collection":[{"href":"https:\/\/radiorevelacionfm.cl\/index.php?rest_route=\/wp\/v2\/posts"}],"about":[{"href":"https:\/\/radiorevelacionfm.cl\/index.php?rest_route=\/wp\/v2\/types\/post"}],"author":[{"embeddable":true,"href":"https:\/\/radiorevelacionfm.cl\/index.php?rest_route=\/wp\/v2\/users\/1"}],"replies":[{"embeddable":true,"href":"https:\/\/radiorevelacionfm.cl\/index.php?rest_route=%2Fwp%2Fv2%2Fcomments&post=2500"}],"version-history":[{"count":3,"href":"https:\/\/radiorevelacionfm.cl\/index.php?rest_route=\/wp\/v2\/posts\/2500\/revisions"}],"predecessor-version":[{"id":2504,"href":"https:\/\/radiorevelacionfm.cl\/index.php?rest_route=\/wp\/v2\/posts\/2500\/revisions\/2504"}],"wp:attachment":[{"href":"https:\/\/radiorevelacionfm.cl\/index.php?rest_route=%2Fwp%2Fv2%2Fmedia&parent=2500"}],"wp:term":[{"taxonomy":"category","embeddable":true,"href":"https:\/\/radiorevelacionfm.cl\/index.php?rest_route=%2Fwp%2Fv2%2Fcategories&post=2500"},{"taxonomy":"post_tag","embeddable":true,"href":"https:\/\/radiorevelacionfm.cl\/index.php?rest_route=%2Fwp%2Fv2%2Ftags&post=2500"}],"curies":[{"name":"wp","href":"https:\/\/api.w.org\/{rel}","templated":true}]}}