{"id":24997,"date":"2022-12-05T12:21:49","date_gmt":"2022-12-05T15:21:49","guid":{"rendered":"https:\/\/radiorevelacionfm.cl\/?p=24997"},"modified":"2022-12-05T12:21:49","modified_gmt":"2022-12-05T15:21:49","slug":"campamento-explora-va-2022-reunio-a-docentes-de-toda-la-region-de-aysen","status":"publish","type":"post","link":"https:\/\/radiorevelacionfm.cl\/?p=24997","title":{"rendered":"Campamento Explora Va! 2022 reuni\u00f3 a docentes de toda la regi\u00f3n de Ays\u00e9n"},"content":{"rendered":"<div class=\"flex_column av_one_full  flex_column_div av-zero-column-padding first  avia-builder-el-0  el_before_av_one_full  avia-builder-el-first  \" style='border-radius:0px; '><div  class='avia-image-container  av-styling-    avia-builder-el-1  avia-builder-el-no-sibling  avia-align-center '  itemprop=\"image\" itemscope=\"itemscope\" itemtype=\"https:\/\/schema.org\/ImageObject\"  ><div class='avia-image-container-inner'><div class='avia-image-overlay-wrap'><img decoding=\"async\" class='wp-image-24998 avia-img-lazy-loading-not-24998 avia_image' src=\"https:\/\/radiorevelacionfm.cl\/wp-content\/uploads\/2022\/12\/campamentoexplorava4-1_optimized-1.jpg\" alt='' title='campamentoexplorava4-(1)_optimized (1)' height=\"600\" width=\"988\"  itemprop=\"thumbnailUrl\" srcset=\"https:\/\/radiorevelacionfm.cl\/wp-content\/uploads\/2022\/12\/campamentoexplorava4-1_optimized-1.jpg 988w, https:\/\/radiorevelacionfm.cl\/wp-content\/uploads\/2022\/12\/campamentoexplorava4-1_optimized-1-300x182.jpg 300w, https:\/\/radiorevelacionfm.cl\/wp-content\/uploads\/2022\/12\/campamentoexplorava4-1_optimized-1-768x466.jpg 768w, https:\/\/radiorevelacionfm.cl\/wp-content\/uploads\/2022\/12\/campamentoexplorava4-1_optimized-1-705x428.jpg 705w, https:\/\/radiorevelacionfm.cl\/wp-content\/uploads\/2022\/12\/campamentoexplorava4-1_optimized-1-600x364.jpg 600w\" sizes=\"(max-width: 988px) 100vw, 988px\" \/><\/div><\/div><\/div><\/div><div class=\"flex_column av_one_full  flex_column_div av-zero-column-padding first  avia-builder-el-2  el_after_av_one_full  el_before_av_one_full  column-top-margin\" style='border-radius:0px; '><section class=\"av_textblock_section \"  itemscope=\"itemscope\" itemtype=\"https:\/\/schema.org\/BlogPosting\" itemprop=\"blogPost\" ><div class='avia_textblock  '   itemprop=\"text\" ><p style=\"text-align: center;\"><span style=\"font-size: 18pt;\"><strong>Campamento Explora Va! 2022 reuni\u00f3 a docentes de toda la regi\u00f3n de Ays\u00e9n<\/strong><\/span><\/p>\n<div id=\"gtx-trans\" style=\"position: absolute; left: -50px; top: 4.31534px;\">\n<div class=\"gtx-trans-icon\"><\/div>\n<\/div>\n<\/div><\/section><\/div><div class=\"flex_column av_one_full  flex_column_div av-zero-column-padding first  avia-builder-el-4  el_after_av_one_full  el_before_av_hr  column-top-margin\" style='border-radius:0px; '><section class=\"av_textblock_section \"  itemscope=\"itemscope\" itemtype=\"https:\/\/schema.org\/BlogPosting\" itemprop=\"blogPost\" ><div class='avia_textblock  '   itemprop=\"text\" ><p style=\"text-align: justify;\">Durante el mes de noviembre, docentes, educadores y educadoras de la regi\u00f3n pudieron ser parte del Campamento Explora Va! del Proyecto Asociativo Regional Explora Ays\u00e9n, actividad que finaliz\u00f3 en noviembre en Puyuhuapi.<\/p>\n<p style=\"text-align: justify;\">Promover la socializaci\u00f3n del conocimiento dentro de la comunidad educativa, contribuyendo al desarrollo de competencias en las distintas \u00e1reas del conocimiento, la tecnolog\u00eda y la innovaci\u00f3n es el objetivo del Campamento Explora Va!, iniciativa impulsada en la regi\u00f3n por el Proyecto Explora Ays\u00e9n del Ministerio de Ciencia y ejecutado por el Campus Patagonia de la Universidad Austral de Chile.<\/p>\n<p style=\"text-align: justify;\"><strong>Consolidaci\u00f3n de redes educativas en la regi\u00f3n<\/strong><\/p>\n<p style=\"text-align: justify;\">Tras dos ediciones virtuales debido a la pandemia, este a\u00f1o Campamento Explora Va! Ays\u00e9n retorn\u00f3 a la presencialidad a trav\u00e9s de una modalidad mixta. En las actividades virtuales se abord\u00f3 contenido te\u00f3rico mientras que el formato presencial llev\u00f3 la teor\u00eda a la pr\u00e1ctica a trav\u00e9s de tres jornadas de terreno en la localidad de Puyuhuapi.<\/p>\n<p style=\"text-align: justify;\">40 profesores\/as y educadores\/as de todos los niveles educativos fueron los que durante estas jornadas se encontraron, representando establecimientos educacionales de las localidades de La Junta, Puyuhuapi, Villa Amengual, Puerto Ays\u00e9n, Ma\u00f1ihuales, Coyhaique, Valle Simpson, Villa Cerro Castillo, Puerto R\u00edo Tranquilo, Cochrane, Melinka y Villa O\u00b4Higgins.<\/p>\n<p style=\"text-align: justify;\">\u201cFueron experiencias que se relevaron desde los territorios y, de esta forma, los docentes y educadoras podr\u00e1n llevar estas innovaciones a su sala de clases, ya que ellos cumplen un papel central, siendo protagonistas dentro de estos lugares como embajadores de la ciencia\u201d, coment\u00f3 Melissa Zavala, encargada de Campamento Explora Va! Ays\u00e9n.<\/p>\n<p style=\"text-align: justify;\"><strong>Educaci\u00f3n cient\u00edfica para la regi\u00f3n de Ays\u00e9n<\/strong><\/p>\n<p style=\"text-align: justify;\">Descubrir y asombrarse con el Reino Fungi y explorar el juego como estrategia para la ense\u00f1anza de ciencias fue la experiencia que vivieron las y los participantes del Campamento Explora VA!, junto a las relatoras Dinelly Soto, divulgadora cient\u00edfica y especialista en Reino Fungi, y Francisca J\u00e1uregui, profesora de Biolog\u00eda, doctora en Ciencias de la Agricultura e integrante del Observatorio del Juego.<\/p>\n<p style=\"text-align: justify;\">\u00abFue una experiencia enriquecedora en lo humano y en t\u00e9rminos de aprendizaje de ciencias. Los objetivos de innovaci\u00f3n y trabajo en ciencias fueron parte de la experiencia, y eso es lo que uno m\u00e1s valora\u201d, afirm\u00f3 Karina Ch\u00e1vez, educadora de p\u00e1rvulos de Puerto Ays\u00e9n.<\/p>\n<p style=\"text-align: justify;\">Tras la realizaci\u00f3n del Campamento Explora Va! Ays\u00e9n en su versi\u00f3n 2022, las y los profesores y educadoras tendr\u00e1n la posibilidad de implementar estas innovaciones en sus salas de aula, para lo cual contar\u00e1n con el apoyo del equipo PAR Explora Ays\u00e9n.<\/p>\n<p style=\"text-align: justify;\">\u201cLa proyecci\u00f3n es que puedan continuar con estas instancias y puedan seguir participando de los distintos programas que promueve Explora, siempre desde una mirada innovadora y con perspectiva desde sus territorios\u201d, concluy\u00f3 Melissa Zavala.<\/p>\n<\/div><\/section><\/div><div  style='height:50px' class='hr hr-invisible   avia-builder-el-6  el_after_av_one_full  el_before_av_social_share '><span class='hr-inner ' ><span class='hr-inner-style'><\/span><\/span><\/div><\/p>\n<div  class='av-social-sharing-box  avia-builder-el-7  el_after_av_hr  el_before_av_hr  '><div class='av-share-box'><h5 class='av-share-link-description av-no-toc '>Compartir esta noticia<\/h5><ul class='av-share-box-list noLightbox'><li class='av-share-link av-social-link-facebook' ><a target=\"_blank\" aria-label=\"Compartir en Facebook\" href='https:\/\/www.facebook.com\/sharer.php?u=https:\/\/radiorevelacionfm.cl\/?p=24997&#038;t=Campamento%20Explora%20Va%21%202022%20reuni%C3%B3%20a%20docentes%20de%20toda%20la%20regi%C3%B3n%20de%20Ays%C3%A9n' aria-hidden='false' data-av_icon='\ue8f3' data-av_iconfont='entypo-fontello' title='' data-avia-related-tooltip='Compartir en Facebook' rel=\"noopener\"><span class='avia_hidden_link_text'>Compartir en Facebook<\/span><\/a><\/li><li class='av-share-link av-social-link-twitter' ><a target=\"_blank\" aria-label=\"Compartir en Twitter\" href='https:\/\/twitter.com\/share?text=Campamento%20Explora%20Va%21%202022%20reuni%C3%B3%20a%20docentes%20de%20toda%20la%20regi%C3%B3n%20de%20Ays%C3%A9n&#038;url=https:\/\/radiorevelacionfm.cl\/?p=24997' aria-hidden='false' data-av_icon='\ue8f1' data-av_iconfont='entypo-fontello' title='' data-avia-related-tooltip='Compartir en Twitter' rel=\"noopener\"><span class='avia_hidden_link_text'>Compartir en Twitter<\/span><\/a><\/li><li class='av-share-link av-social-link-whatsapp' ><a target=\"_blank\" aria-label=\"Compartir en Whatsapp\" href='https:\/\/api.whatsapp.com\/send?text=https:\/\/radiorevelacionfm.cl\/?p=24997' aria-hidden='false' data-av_icon='\uf232' data-av_iconfont='entypo-fontello' title='' data-avia-related-tooltip='Compartir en Whatsapp' rel=\"noopener\"><span class='avia_hidden_link_text'>Compartir en Whatsapp<\/span><\/a><\/li><li class='av-share-link av-social-link-linkedin' ><a target=\"_blank\" aria-label=\"Compartir en LinkedIn\" href='https:\/\/linkedin.com\/shareArticle?mini=true&#038;title=Campamento%20Explora%20Va%21%202022%20reuni%C3%B3%20a%20docentes%20de%20toda%20la%20regi%C3%B3n%20de%20Ays%C3%A9n&#038;url=https:\/\/radiorevelacionfm.cl\/?p=24997' aria-hidden='false' data-av_icon='\ue8fc' data-av_iconfont='entypo-fontello' title='' data-avia-related-tooltip='Compartir en LinkedIn' rel=\"noopener\"><span class='avia_hidden_link_text'>Compartir en LinkedIn<\/span><\/a><\/li><li class='av-share-link av-social-link-mail' ><a  aria-label=\"Compartir por correo\" href='mailto:?subject=Campamento%20Explora%20Va%21%202022%20reuni%C3%B3%20a%20docentes%20de%20toda%20la%20regi%C3%B3n%20de%20Ays%C3%A9n&#038;body=https:\/\/radiorevelacionfm.cl\/?p=24997' aria-hidden='false' data-av_icon='\ue805' data-av_iconfont='entypo-fontello' title='' data-avia-related-tooltip='Compartir por correo'><span class='avia_hidden_link_text'>Compartir por correo<\/span><\/a><\/li><\/ul><\/div><\/div>\n<div  style='height:50px' class='hr hr-invisible   avia-builder-el-8  el_after_av_social_share  el_before_av_comments_list '><span class='hr-inner ' ><span class='hr-inner-style'><\/span><\/span><\/div>\n<div  class='av-buildercomment  av-blog-meta-html-info-disabled av-blog-meta-tag-disabled  '><\/div>\n","protected":false},"excerpt":{"rendered":"","protected":false},"author":1,"featured_media":24998,"comment_status":"open","ping_status":"open","sticky":false,"template":"","format":"standard","meta":{"footnotes":""},"categories":[49],"tags":[],"class_list":["post-24997","post","type-post","status-publish","format-standard","has-post-thumbnail","hentry","category-educacion"],"jetpack_featured_media_url":"https:\/\/radiorevelacionfm.cl\/wp-content\/uploads\/2022\/12\/campamentoexplorava4-1_optimized-1.jpg","_links":{"self":[{"href":"https:\/\/radiorevelacionfm.cl\/index.php?rest_route=\/wp\/v2\/posts\/24997","targetHints":{"allow":["GET"]}}],"collection":[{"href":"https:\/\/radiorevelacionfm.cl\/index.php?rest_route=\/wp\/v2\/posts"}],"about":[{"href":"https:\/\/radiorevelacionfm.cl\/index.php?rest_route=\/wp\/v2\/types\/post"}],"author":[{"embeddable":true,"href":"https:\/\/radiorevelacionfm.cl\/index.php?rest_route=\/wp\/v2\/users\/1"}],"replies":[{"embeddable":true,"href":"https:\/\/radiorevelacionfm.cl\/index.php?rest_route=%2Fwp%2Fv2%2Fcomments&post=24997"}],"version-history":[{"count":2,"href":"https:\/\/radiorevelacionfm.cl\/index.php?rest_route=\/wp\/v2\/posts\/24997\/revisions"}],"predecessor-version":[{"id":25000,"href":"https:\/\/radiorevelacionfm.cl\/index.php?rest_route=\/wp\/v2\/posts\/24997\/revisions\/25000"}],"wp:featuredmedia":[{"embeddable":true,"href":"https:\/\/radiorevelacionfm.cl\/index.php?rest_route=\/wp\/v2\/media\/24998"}],"wp:attachment":[{"href":"https:\/\/radiorevelacionfm.cl\/index.php?rest_route=%2Fwp%2Fv2%2Fmedia&parent=24997"}],"wp:term":[{"taxonomy":"category","embeddable":true,"href":"https:\/\/radiorevelacionfm.cl\/index.php?rest_route=%2Fwp%2Fv2%2Fcategories&post=24997"},{"taxonomy":"post_tag","embeddable":true,"href":"https:\/\/radiorevelacionfm.cl\/index.php?rest_route=%2Fwp%2Fv2%2Ftags&post=24997"}],"curies":[{"name":"wp","href":"https:\/\/api.w.org\/{rel}","templated":true}]}}