{"id":24993,"date":"2022-12-05T12:01:02","date_gmt":"2022-12-05T15:01:02","guid":{"rendered":"https:\/\/radiorevelacionfm.cl\/?p=24993"},"modified":"2022-12-05T12:01:02","modified_gmt":"2022-12-05T15:01:02","slug":"cambio-de-mando-en-el-destacamento-motorizado-n14-aysen","status":"publish","type":"post","link":"https:\/\/radiorevelacionfm.cl\/?p=24993","title":{"rendered":"Cambio de mando en el Destacamento Motorizado N\u00b014 \u201cAys\u00e9n\u201d"},"content":{"rendered":"<div class=\"flex_column av_one_full  flex_column_div av-zero-column-padding first  avia-builder-el-0  el_before_av_one_full  avia-builder-el-first  \" style='border-radius:0px; '><div  class='avia-image-container  av-styling-    avia-builder-el-1  avia-builder-el-no-sibling  avia-align-center '  itemprop=\"image\" itemscope=\"itemscope\" itemtype=\"https:\/\/schema.org\/ImageObject\"  ><div class='avia-image-container-inner'><div class='avia-image-overlay-wrap'><img decoding=\"async\" class='wp-image-24994 avia-img-lazy-loading-not-24994 avia_image' src=\"https:\/\/radiorevelacionfm.cl\/wp-content\/uploads\/2022\/12\/DSC7323-1-1.jpg\" alt='' title='_DSC7323 (1) (1)' height=\"600\" width=\"899\"  itemprop=\"thumbnailUrl\" srcset=\"https:\/\/radiorevelacionfm.cl\/wp-content\/uploads\/2022\/12\/DSC7323-1-1.jpg 899w, https:\/\/radiorevelacionfm.cl\/wp-content\/uploads\/2022\/12\/DSC7323-1-1-300x200.jpg 300w, https:\/\/radiorevelacionfm.cl\/wp-content\/uploads\/2022\/12\/DSC7323-1-1-768x513.jpg 768w, https:\/\/radiorevelacionfm.cl\/wp-content\/uploads\/2022\/12\/DSC7323-1-1-705x471.jpg 705w, https:\/\/radiorevelacionfm.cl\/wp-content\/uploads\/2022\/12\/DSC7323-1-1-600x400.jpg 600w\" sizes=\"(max-width: 899px) 100vw, 899px\" \/><\/div><\/div><\/div><\/div><div class=\"flex_column av_one_full  flex_column_div av-zero-column-padding first  avia-builder-el-2  el_after_av_one_full  el_before_av_one_full  column-top-margin\" style='border-radius:0px; '><section class=\"av_textblock_section \"  itemscope=\"itemscope\" itemtype=\"https:\/\/schema.org\/BlogPosting\" itemprop=\"blogPost\" ><div class='avia_textblock  '   itemprop=\"text\" ><p style=\"text-align: center;\"><span style=\"font-size: 18pt;\"><strong>Cambio de mando en el Destacamento Motorizado N\u00b014 \u201cAys\u00e9n\u201d<\/strong><\/span><\/p>\n<div id=\"gtx-trans\" style=\"position: absolute; left: -50px; top: 4.31534px;\">\n<div class=\"gtx-trans-icon\"><\/div>\n<\/div>\n<\/div><\/section><\/div><div class=\"flex_column av_one_full  flex_column_div av-zero-column-padding first  avia-builder-el-4  el_after_av_one_full  el_before_av_hr  column-top-margin\" style='border-radius:0px; '><section class=\"av_textblock_section \"  itemscope=\"itemscope\" itemtype=\"https:\/\/schema.org\/BlogPosting\" itemprop=\"blogPost\" ><div class='avia_textblock  '   itemprop=\"text\" ><p style=\"text-align: justify;\">Con una solemne ceremonia, efectuada en el \u00a0Campo Militar \u201cCoyhaique,\u201d se llev\u00f3 a cabo el cambio de mando del Destacamento Motorizado N\u00b014 \u201cAys\u00e9n\u201d, acto que fue presidido por el Comandante en Jefe de la IV Divisi\u00f3n de .Ej\u00e9rcito General de Brigada, Luis Felipe P\u00e9rez Astorga.<\/p>\n<p style=\"text-align: justify;\">La actividad comenz\u00f3 con la firma de actas donde el Coronel Cristi\u00e1n Valenzuela Inostroza, hizo entrega del mando al Coronel El\u00edas Abuyeres Manzur, actuando como Oficial interventor el Jefe de Estado Mayor, Coronel Javier Mendoza San Mart\u00edn.<\/p>\n<p style=\"text-align: justify;\">Posteriormente, en el patio de formaci\u00f3n y ante la presencia de autoridades militares y civiles, tras la lectura del decreto de nombramiento, \u00a0el Coronel El\u00edas Abuyeres Manzur, asumi\u00f3 el mando de la unidad.<\/p>\n<p style=\"text-align: justify;\">Para finalizar la actividad, se hizo entrega del gallardete de mando que acompa\u00f1\u00f3 al Coronel Valenzuela durante su gesti\u00f3n, cerrando la ceremonia con un desfile de honor.<\/p>\n<\/div><\/section><\/div><div  style='height:50px' class='hr hr-invisible   avia-builder-el-6  el_after_av_one_full  el_before_av_social_share '><span class='hr-inner ' ><span class='hr-inner-style'><\/span><\/span><\/div><\/p>\n<div  class='av-social-sharing-box  avia-builder-el-7  el_after_av_hr  el_before_av_hr  '><div class='av-share-box'><h5 class='av-share-link-description av-no-toc '>Compartir esta noticia<\/h5><ul class='av-share-box-list noLightbox'><li class='av-share-link av-social-link-facebook' ><a target=\"_blank\" aria-label=\"Compartir en Facebook\" href='https:\/\/www.facebook.com\/sharer.php?u=https:\/\/radiorevelacionfm.cl\/?p=24993&#038;t=Cambio%20de%20mando%20en%20el%20Destacamento%20Motorizado%20N%C2%B014%20%E2%80%9CAys%C3%A9n%E2%80%9D' aria-hidden='false' data-av_icon='\ue8f3' data-av_iconfont='entypo-fontello' title='' data-avia-related-tooltip='Compartir en Facebook' rel=\"noopener\"><span class='avia_hidden_link_text'>Compartir en Facebook<\/span><\/a><\/li><li class='av-share-link av-social-link-twitter' ><a target=\"_blank\" aria-label=\"Compartir en Twitter\" href='https:\/\/twitter.com\/share?text=Cambio%20de%20mando%20en%20el%20Destacamento%20Motorizado%20N%C2%B014%20%E2%80%9CAys%C3%A9n%E2%80%9D&#038;url=https:\/\/radiorevelacionfm.cl\/?p=24993' aria-hidden='false' data-av_icon='\ue8f1' data-av_iconfont='entypo-fontello' title='' data-avia-related-tooltip='Compartir en Twitter' rel=\"noopener\"><span class='avia_hidden_link_text'>Compartir en Twitter<\/span><\/a><\/li><li class='av-share-link av-social-link-whatsapp' ><a target=\"_blank\" aria-label=\"Compartir en Whatsapp\" href='https:\/\/api.whatsapp.com\/send?text=https:\/\/radiorevelacionfm.cl\/?p=24993' aria-hidden='false' data-av_icon='\uf232' data-av_iconfont='entypo-fontello' title='' data-avia-related-tooltip='Compartir en Whatsapp' rel=\"noopener\"><span class='avia_hidden_link_text'>Compartir en Whatsapp<\/span><\/a><\/li><li class='av-share-link av-social-link-linkedin' ><a target=\"_blank\" aria-label=\"Compartir en LinkedIn\" href='https:\/\/linkedin.com\/shareArticle?mini=true&#038;title=Cambio%20de%20mando%20en%20el%20Destacamento%20Motorizado%20N%C2%B014%20%E2%80%9CAys%C3%A9n%E2%80%9D&#038;url=https:\/\/radiorevelacionfm.cl\/?p=24993' aria-hidden='false' data-av_icon='\ue8fc' data-av_iconfont='entypo-fontello' title='' data-avia-related-tooltip='Compartir en LinkedIn' rel=\"noopener\"><span class='avia_hidden_link_text'>Compartir en LinkedIn<\/span><\/a><\/li><li class='av-share-link av-social-link-mail' ><a  aria-label=\"Compartir por correo\" href='mailto:?subject=Cambio%20de%20mando%20en%20el%20Destacamento%20Motorizado%20N%C2%B014%20%E2%80%9CAys%C3%A9n%E2%80%9D&#038;body=https:\/\/radiorevelacionfm.cl\/?p=24993' aria-hidden='false' data-av_icon='\ue805' data-av_iconfont='entypo-fontello' title='' data-avia-related-tooltip='Compartir por correo'><span class='avia_hidden_link_text'>Compartir por correo<\/span><\/a><\/li><\/ul><\/div><\/div>\n<div  style='height:50px' class='hr hr-invisible   avia-builder-el-8  el_after_av_social_share  el_before_av_comments_list '><span class='hr-inner ' ><span class='hr-inner-style'><\/span><\/span><\/div>\n<div  class='av-buildercomment  av-blog-meta-html-info-disabled av-blog-meta-tag-disabled  '><\/div>\n","protected":false},"excerpt":{"rendered":"","protected":false},"author":1,"featured_media":24994,"comment_status":"open","ping_status":"open","sticky":false,"template":"","format":"standard","meta":{"footnotes":""},"categories":[38],"tags":[],"class_list":["post-24993","post","type-post","status-publish","format-standard","has-post-thumbnail","hentry","category-regional"],"jetpack_featured_media_url":"https:\/\/radiorevelacionfm.cl\/wp-content\/uploads\/2022\/12\/DSC7323-1-1.jpg","_links":{"self":[{"href":"https:\/\/radiorevelacionfm.cl\/index.php?rest_route=\/wp\/v2\/posts\/24993","targetHints":{"allow":["GET"]}}],"collection":[{"href":"https:\/\/radiorevelacionfm.cl\/index.php?rest_route=\/wp\/v2\/posts"}],"about":[{"href":"https:\/\/radiorevelacionfm.cl\/index.php?rest_route=\/wp\/v2\/types\/post"}],"author":[{"embeddable":true,"href":"https:\/\/radiorevelacionfm.cl\/index.php?rest_route=\/wp\/v2\/users\/1"}],"replies":[{"embeddable":true,"href":"https:\/\/radiorevelacionfm.cl\/index.php?rest_route=%2Fwp%2Fv2%2Fcomments&post=24993"}],"version-history":[{"count":2,"href":"https:\/\/radiorevelacionfm.cl\/index.php?rest_route=\/wp\/v2\/posts\/24993\/revisions"}],"predecessor-version":[{"id":24996,"href":"https:\/\/radiorevelacionfm.cl\/index.php?rest_route=\/wp\/v2\/posts\/24993\/revisions\/24996"}],"wp:featuredmedia":[{"embeddable":true,"href":"https:\/\/radiorevelacionfm.cl\/index.php?rest_route=\/wp\/v2\/media\/24994"}],"wp:attachment":[{"href":"https:\/\/radiorevelacionfm.cl\/index.php?rest_route=%2Fwp%2Fv2%2Fmedia&parent=24993"}],"wp:term":[{"taxonomy":"category","embeddable":true,"href":"https:\/\/radiorevelacionfm.cl\/index.php?rest_route=%2Fwp%2Fv2%2Fcategories&post=24993"},{"taxonomy":"post_tag","embeddable":true,"href":"https:\/\/radiorevelacionfm.cl\/index.php?rest_route=%2Fwp%2Fv2%2Ftags&post=24993"}],"curies":[{"name":"wp","href":"https:\/\/api.w.org\/{rel}","templated":true}]}}