{"id":24989,"date":"2022-12-05T10:44:38","date_gmt":"2022-12-05T13:44:38","guid":{"rendered":"https:\/\/radiorevelacionfm.cl\/?p=24989"},"modified":"2022-12-05T10:44:38","modified_gmt":"2022-12-05T13:44:38","slug":"cecrea-coyhaique-cierra-exitoso-ano-de-trabajo-con-escuela-espana-y-conmemora-el-dia-de-la-discapacidad","status":"publish","type":"post","link":"https:\/\/radiorevelacionfm.cl\/?p=24989","title":{"rendered":"Cecrea Coyhaique cierra exitoso a\u00f1o de trabajo con Escuela Espa\u00f1a y conmemora el D\u00eda de la Discapacidad"},"content":{"rendered":"<div class=\"flex_column av_one_full  flex_column_div av-zero-column-padding first  avia-builder-el-0  el_before_av_one_full  avia-builder-el-first  \" style='border-radius:0px; '><div  class='avia-image-container  av-styling-    avia-builder-el-1  avia-builder-el-no-sibling  avia-align-center '  itemprop=\"image\" itemscope=\"itemscope\" itemtype=\"https:\/\/schema.org\/ImageObject\"  ><div class='avia-image-container-inner'><div class='avia-image-overlay-wrap'><img decoding=\"async\" class='wp-image-24990 avia-img-lazy-loading-not-24990 avia_image' src=\"https:\/\/radiorevelacionfm.cl\/wp-content\/uploads\/2022\/12\/escuela-espana-cecrea-3-1-1.jpg\" alt='' title='escuela espa\u00f1a cecrea 3 (1) (1)' height=\"600\" width=\"899\"  itemprop=\"thumbnailUrl\" srcset=\"https:\/\/radiorevelacionfm.cl\/wp-content\/uploads\/2022\/12\/escuela-espana-cecrea-3-1-1.jpg 899w, https:\/\/radiorevelacionfm.cl\/wp-content\/uploads\/2022\/12\/escuela-espana-cecrea-3-1-1-300x200.jpg 300w, https:\/\/radiorevelacionfm.cl\/wp-content\/uploads\/2022\/12\/escuela-espana-cecrea-3-1-1-768x513.jpg 768w, https:\/\/radiorevelacionfm.cl\/wp-content\/uploads\/2022\/12\/escuela-espana-cecrea-3-1-1-705x471.jpg 705w, https:\/\/radiorevelacionfm.cl\/wp-content\/uploads\/2022\/12\/escuela-espana-cecrea-3-1-1-600x400.jpg 600w\" sizes=\"(max-width: 899px) 100vw, 899px\" \/><\/div><\/div><\/div><\/div><div class=\"flex_column av_one_full  flex_column_div av-zero-column-padding first  avia-builder-el-2  el_after_av_one_full  el_before_av_one_full  column-top-margin\" style='border-radius:0px; '><section class=\"av_textblock_section \"  itemscope=\"itemscope\" itemtype=\"https:\/\/schema.org\/BlogPosting\" itemprop=\"blogPost\" ><div class='avia_textblock  '   itemprop=\"text\" ><p style=\"text-align: center;\"><span style=\"font-size: 18pt;\"><b class=\"v1ContentPasted0\">Cecrea Coyhaique cierra exitoso a\u00f1o de trabajo con Escuela Espa\u00f1a y conmemora el D\u00eda de la Discapacidad<\/b><\/span><\/p>\n<div id=\"gtx-trans\" style=\"position: absolute; left: -50px; top: 4.31534px;\">\n<div class=\"gtx-trans-icon\"><\/div>\n<\/div>\n<\/div><\/section><\/div><div class=\"flex_column av_one_full  flex_column_div av-zero-column-padding first  avia-builder-el-4  el_after_av_one_full  el_before_av_hr  column-top-margin\" style='border-radius:0px; '><section class=\"av_textblock_section \"  itemscope=\"itemscope\" itemtype=\"https:\/\/schema.org\/BlogPosting\" itemprop=\"blogPost\" ><div class='avia_textblock  '   itemprop=\"text\" ><p style=\"text-align: justify;\">\u201cLa educaci\u00f3n art\u00edstica est\u00e1 instalada en el coraz\u00f3n del trabajo que hace la Escuela Espa\u00f1a con ni\u00f1os, ni\u00f1as y j\u00f3venes en situaci\u00f3n de discapacidad; y desde Cecrea Coyhaique hemos desarrollado un plan de acci\u00f3n permanente con nuestros laboratorios de artes, tecnolog\u00eda y ciencias, adem\u00e1s de salidas a terreno que los y las estudiantes han disfrutado al m\u00e1ximo\u201d. As\u00ed resume Juanita Mardones,\u00a0 Encargada de Programaci\u00f3n del Centro de Creaci\u00f3n Cecrea Coyhaique de la seremi de Culturas Ays\u00e9n.<\/p>\n<p style=\"text-align: justify;\">Y es un dato que corrobora la comunidad de la Escuela Espa\u00f1a, al evaluar el trabajo mancomunado entre el establecimiento y la Secretar\u00eda Regional Ministerial de las Culturas, las Artes y el Patrimonio Regi\u00f3n de Ays\u00e9n, a trav\u00e9s de su departamento de Educaci\u00f3n Art\u00edstica.<\/p>\n<p style=\"text-align: justify;\">Daniela Villarreal, profesora de Educaci\u00f3n Diferencial de la Escuela Espa\u00f1a, dice que \u201cpara m\u00ed ha sido una experiencia supergratificante. Vincularse con la cultura, con el arte, con las actividades tanto dentro como fuera de la escuela, y vincularse con otros grupos y compartir con pares de otras realidades, desde sus condiciones, poder explorar, conocer, crear, imaginar, ha sido como una experiencia en todas las \u00e1reas de los chiquillos, y nosotros precisamente buscamos una educaci\u00f3n integral\u201d.<\/p>\n<p style=\"text-align: justify;\">Alejandra Bascu\u00f1\u00e1n, Apoyo de la Coordinaci\u00f3n del equipo Cecrea Coyhaique cuenta que \u201cestuvimos trabajando todo el a\u00f1o con la Escuela Espa\u00f1a y como equipo consideramos que ha sido un trabajo superprovechoso. Hemos generado mucha confianza, se nota que las ni\u00f1as y los ni\u00f1os tienen mucho cercan\u00eda con nosotros y eso se ve reflejado en que han participado en actividades externas a la escuela. Estuvieron en la convergencia algunos chicos participando y eso es como un reflejo de lo importante de la conexi\u00f3n que se ha generado con Cecrea este a\u00f1o\u201d.<\/p>\n<p style=\"text-align: justify;\">Marcela Higueras, estudiante de la Escuela Espa\u00f1a, se divierte mucho en los laboratorios de Cecrea: \u201cmuy divertidos interesantes son muy divertidos e interesante. Me gusta pasar tiempo en Cecrea porque me divierto y me ense\u00f1an muchas cosas que yo antes no sab\u00eda . a los hongos aprend\u00ed sobre los hongos, sobre la creatividad, a dibujar y fuimos una vez de paseo\u201d.<\/p>\n<p style=\"text-align: justify;\">Este 3 de diciembre se conmemor\u00f3 el D\u00eda Internacional de la Discapacidad y la Escuela Espa\u00f1a prepar\u00f3 para esta semana conversatorios, talleres y una feria para divulgar sobre las m\u00faltiples dimensiones de las personas en situaci\u00f3n de discapacidad. Revisa la programaci\u00f3n completa en el fan page de la Escuela Espa\u00f1a.<\/p>\n<\/div><\/section><\/div><div  style='height:50px' class='hr hr-invisible   avia-builder-el-6  el_after_av_one_full  el_before_av_social_share '><span class='hr-inner ' ><span class='hr-inner-style'><\/span><\/span><\/div><\/p>\n<div  class='av-social-sharing-box  avia-builder-el-7  el_after_av_hr  el_before_av_hr  '><div class='av-share-box'><h5 class='av-share-link-description av-no-toc '>Compartir esta noticia<\/h5><ul class='av-share-box-list noLightbox'><li class='av-share-link av-social-link-facebook' ><a target=\"_blank\" aria-label=\"Compartir en Facebook\" href='https:\/\/www.facebook.com\/sharer.php?u=https:\/\/radiorevelacionfm.cl\/?p=24989&#038;t=Cecrea%20Coyhaique%20cierra%20exitoso%20a%C3%B1o%20de%20trabajo%20con%20Escuela%20Espa%C3%B1a%20y%20conmemora%20el%20D%C3%ADa%20de%20la%20Discapacidad' aria-hidden='false' data-av_icon='\ue8f3' data-av_iconfont='entypo-fontello' title='' data-avia-related-tooltip='Compartir en Facebook' rel=\"noopener\"><span class='avia_hidden_link_text'>Compartir en Facebook<\/span><\/a><\/li><li class='av-share-link av-social-link-twitter' ><a target=\"_blank\" aria-label=\"Compartir en Twitter\" href='https:\/\/twitter.com\/share?text=Cecrea%20Coyhaique%20cierra%20exitoso%20a%C3%B1o%20de%20trabajo%20con%20Escuela%20Espa%C3%B1a%20y%20conmemora%20el%20D%C3%ADa%20de%20la%20Discapacidad&#038;url=https:\/\/radiorevelacionfm.cl\/?p=24989' aria-hidden='false' data-av_icon='\ue8f1' data-av_iconfont='entypo-fontello' title='' data-avia-related-tooltip='Compartir en Twitter' rel=\"noopener\"><span class='avia_hidden_link_text'>Compartir en Twitter<\/span><\/a><\/li><li class='av-share-link av-social-link-whatsapp' ><a target=\"_blank\" aria-label=\"Compartir en Whatsapp\" href='https:\/\/api.whatsapp.com\/send?text=https:\/\/radiorevelacionfm.cl\/?p=24989' aria-hidden='false' data-av_icon='\uf232' data-av_iconfont='entypo-fontello' title='' data-avia-related-tooltip='Compartir en Whatsapp' rel=\"noopener\"><span class='avia_hidden_link_text'>Compartir en Whatsapp<\/span><\/a><\/li><li class='av-share-link av-social-link-linkedin' ><a target=\"_blank\" aria-label=\"Compartir en LinkedIn\" href='https:\/\/linkedin.com\/shareArticle?mini=true&#038;title=Cecrea%20Coyhaique%20cierra%20exitoso%20a%C3%B1o%20de%20trabajo%20con%20Escuela%20Espa%C3%B1a%20y%20conmemora%20el%20D%C3%ADa%20de%20la%20Discapacidad&#038;url=https:\/\/radiorevelacionfm.cl\/?p=24989' aria-hidden='false' data-av_icon='\ue8fc' data-av_iconfont='entypo-fontello' title='' data-avia-related-tooltip='Compartir en LinkedIn' rel=\"noopener\"><span class='avia_hidden_link_text'>Compartir en LinkedIn<\/span><\/a><\/li><li class='av-share-link av-social-link-mail' ><a  aria-label=\"Compartir por correo\" href='mailto:?subject=Cecrea%20Coyhaique%20cierra%20exitoso%20a%C3%B1o%20de%20trabajo%20con%20Escuela%20Espa%C3%B1a%20y%20conmemora%20el%20D%C3%ADa%20de%20la%20Discapacidad&#038;body=https:\/\/radiorevelacionfm.cl\/?p=24989' aria-hidden='false' data-av_icon='\ue805' data-av_iconfont='entypo-fontello' title='' data-avia-related-tooltip='Compartir por correo'><span class='avia_hidden_link_text'>Compartir por correo<\/span><\/a><\/li><\/ul><\/div><\/div>\n<div  style='height:50px' class='hr hr-invisible   avia-builder-el-8  el_after_av_social_share  el_before_av_comments_list '><span class='hr-inner ' ><span class='hr-inner-style'><\/span><\/span><\/div>\n<div  class='av-buildercomment  av-blog-meta-html-info-disabled av-blog-meta-tag-disabled  '><\/div>\n","protected":false},"excerpt":{"rendered":"","protected":false},"author":1,"featured_media":24990,"comment_status":"open","ping_status":"open","sticky":false,"template":"","format":"standard","meta":{"footnotes":""},"categories":[38],"tags":[],"class_list":["post-24989","post","type-post","status-publish","format-standard","has-post-thumbnail","hentry","category-regional"],"jetpack_featured_media_url":"https:\/\/radiorevelacionfm.cl\/wp-content\/uploads\/2022\/12\/escuela-espana-cecrea-3-1-1.jpg","_links":{"self":[{"href":"https:\/\/radiorevelacionfm.cl\/index.php?rest_route=\/wp\/v2\/posts\/24989","targetHints":{"allow":["GET"]}}],"collection":[{"href":"https:\/\/radiorevelacionfm.cl\/index.php?rest_route=\/wp\/v2\/posts"}],"about":[{"href":"https:\/\/radiorevelacionfm.cl\/index.php?rest_route=\/wp\/v2\/types\/post"}],"author":[{"embeddable":true,"href":"https:\/\/radiorevelacionfm.cl\/index.php?rest_route=\/wp\/v2\/users\/1"}],"replies":[{"embeddable":true,"href":"https:\/\/radiorevelacionfm.cl\/index.php?rest_route=%2Fwp%2Fv2%2Fcomments&post=24989"}],"version-history":[{"count":2,"href":"https:\/\/radiorevelacionfm.cl\/index.php?rest_route=\/wp\/v2\/posts\/24989\/revisions"}],"predecessor-version":[{"id":24992,"href":"https:\/\/radiorevelacionfm.cl\/index.php?rest_route=\/wp\/v2\/posts\/24989\/revisions\/24992"}],"wp:featuredmedia":[{"embeddable":true,"href":"https:\/\/radiorevelacionfm.cl\/index.php?rest_route=\/wp\/v2\/media\/24990"}],"wp:attachment":[{"href":"https:\/\/radiorevelacionfm.cl\/index.php?rest_route=%2Fwp%2Fv2%2Fmedia&parent=24989"}],"wp:term":[{"taxonomy":"category","embeddable":true,"href":"https:\/\/radiorevelacionfm.cl\/index.php?rest_route=%2Fwp%2Fv2%2Fcategories&post=24989"},{"taxonomy":"post_tag","embeddable":true,"href":"https:\/\/radiorevelacionfm.cl\/index.php?rest_route=%2Fwp%2Fv2%2Ftags&post=24989"}],"curies":[{"name":"wp","href":"https:\/\/api.w.org\/{rel}","templated":true}]}}