{"id":2497,"date":"2021-02-09T18:50:14","date_gmt":"2021-02-09T21:50:14","guid":{"rendered":"https:\/\/radiorevelacionfm.cl\/?p=2497"},"modified":"2021-02-09T18:50:14","modified_gmt":"2021-02-09T21:50:14","slug":"personal-de-salud-recibe-la-segunda-dosis-de-vacuna-pfizer-contra-covid-19","status":"publish","type":"post","link":"https:\/\/radiorevelacionfm.cl\/?p=2497","title":{"rendered":"Personal de Salud recibe la segunda dosis de vacuna Pfizer contra Covid-19"},"content":{"rendered":"<div class=\"flex_column av_one_full  flex_column_div av-zero-column-padding first  avia-builder-el-0  el_before_av_one_full  avia-builder-el-first  \" style='border-radius:0px; '><div  class='avia-image-container  av-styling-    avia-builder-el-1  avia-builder-el-no-sibling  avia-align-center '  itemprop=\"image\" itemscope=\"itemscope\" itemtype=\"https:\/\/schema.org\/ImageObject\"  ><div class='avia-image-container-inner'><div class='avia-image-overlay-wrap'><img decoding=\"async\" class='wp-image-0 avia-img-lazy-loading-not-0 avia_image' src=\"https:\/\/radiorevelacionfm.cl\/wp-content\/uploads\/2021\/02\/prensa1-1-1_optimized.jpeg\" alt='' title=''   itemprop=\"thumbnailUrl\"  \/><\/div><\/div><\/div><\/div><div class=\"flex_column av_one_full  flex_column_div av-zero-column-padding first  avia-builder-el-2  el_after_av_one_full  el_before_av_one_full  column-top-margin\" style='border-radius:0px; '><section class=\"av_textblock_section \"  itemscope=\"itemscope\" itemtype=\"https:\/\/schema.org\/BlogPosting\" itemprop=\"blogPost\" ><div class='avia_textblock  '   itemprop=\"text\" ><p style=\"text-align: center;\"><span style=\"font-size: 18pt;\"><strong>Personal de Salud recibe la segunda dosis de vacuna Pfizer contra Covid-19<\/strong><\/span><\/p>\n<div id=\"gtx-trans\" style=\"position: absolute; left: -50px; top: 4.31534px;\">\n<div class=\"gtx-trans-icon\"><\/div>\n<\/div>\n<\/div><\/section><\/div><div class=\"flex_column av_one_full  flex_column_div av-zero-column-padding first  avia-builder-el-4  el_after_av_one_full  el_before_av_hr  column-top-margin\" style='border-radius:0px; '><section class=\"av_textblock_section \"  itemscope=\"itemscope\" itemtype=\"https:\/\/schema.org\/BlogPosting\" itemprop=\"blogPost\" ><div class='avia_textblock  '   itemprop=\"text\" ><p style=\"text-align: justify;\"><em>2.050<\/em><em> funcionarios de la Red Asistencial de la Regi\u00f3n de Ays\u00e9n y funcionarios del SENAME completar\u00e1n la inoculaci\u00f3n con la vacuna Pfizer, poniendo t\u00e9rmino as\u00ed a la primera etapa del Plan Nacional de Vacunaci\u00f3n elaborado por el Gobierno<\/em><em>. <\/em><\/p>\n<p style=\"text-align: justify;\">Este lunes comenz\u00f3 el proceso de inoculaci\u00f3n de la segunda dosis de la vacuna contra el COVID-19 para los funcionarios de la Salud en la Regi\u00f3n de Ays\u00e9n y funcionarios del SENAME.<\/p>\n<p style=\"text-align: justify;\">La Intendenta de Ays\u00e9n, Margarita Ossa, enfatiz\u00f3 que \u201cel hecho de que podamos empezar a concluir una parte de este plan de vacunaci\u00f3n masiva, inoculando al personal de salud y de la red Sename, es muy relevante porque significa que vamos en la direcci\u00f3n correcta, en los plazos establecidos por el Gobierno y por sobre todo; continuamos entregando esperanza a nuestra poblaci\u00f3n y no vamos a parar, el pa\u00eds recibir\u00e1 este a\u00f1o m\u00e1s de 30 millones de dosis \u2013seguras- y de esa manera entregar seguridad y confianza de cara al futuro\u201d.<\/p>\n<p style=\"text-align: justify;\">Es importante mencionar que esta vacunaci\u00f3n permitir\u00e1 a los trabajadores de las \u00e1reas hospitalarias de toda la regi\u00f3n, y de la Atenci\u00f3n Primaria de Salud, obtener la ansiada inmunidad o que no enfermen gravemente, lo que posibilitar\u00e1 -a su vez- seguir atendiendo a los pacientes de la Red Asistencial.<\/p>\n<p style=\"text-align: justify;\">Gabriel Burgos, director del Servicio de Salud Ays\u00e9n, manifest\u00f3 que \u201ctal como fue comprometido hoy estamos completando la segunda y \u00faltima dosis de la vacunaci\u00f3n que busca proteger a los funcionarios que han trabajado arduamente atendiendo a la comunidad en medio de la pandemia. Asimismo, seguimos con nuestro Plan de Vacunaci\u00f3n Masiva, de manera de lograr que se vacune a un porcentaje cercano al 80% de la poblaci\u00f3n para que se produzca la inmunidad de reba\u00f1o que permite proteger a las personas no vacunadas. Es por esto que agradecemos a nuestros equipos quienes se han desplegado por toda la regi\u00f3n para ejecutar toda la log\u00edstica que conlleva este proceso\u201d.<\/p>\n<p style=\"text-align: justify;\">Igualmente, la seremi de Salud, Alejandra Valdebenito, se\u00f1al\u00f3 que \u201choy y de manera conjunta con la Federaci\u00f3n A\u00e9rea de Chile se lograron embarcar las 2.050 dosis que ten\u00edamos pendiente. Segunda dosis que permitir\u00e1 completar este proceso de vacunaci\u00f3n en todo el territorio regional, de cada uno de los funcionarios de salud que han estado laborando desde el inicio de esta pandemia. Por esto, agradecemos el trabajo colaborativo y altruista de dos pilotos regionales, ya que est\u00e1n permitiendo que las vacunas lleguen al norte y al sur de nuestra regi\u00f3n. Desde la autoridad sanitaria queremos agradecer su trabajo y la disposici\u00f3n que han tenido para poder apoyarnos en la distribuci\u00f3n de las vacunas\u201d.<\/p>\n<p style=\"text-align: justify;\">Tal como se contempl\u00f3 desde el comienzo del proceso de vacunaci\u00f3n de funcionarios de la salud, la inoculaci\u00f3n ir\u00e1 haci\u00e9ndose extensiva a grupos de riesgo y de manera paulatina al resto de la poblaci\u00f3n.<\/p>\n<p style=\"text-align: justify;\"><strong>Contin\u00faa la vacunaci\u00f3n masiva<\/strong><\/p>\n<p style=\"text-align: justify;\">En forma paralela se sigui\u00f3 adelante con la inmunizaci\u00f3n con la vacuna CoronaVac del laboratorio Sinovac, en los distintos puntos de vacunaci\u00f3n dispuestos en toda la Regi\u00f3n de Ays\u00e9n.<\/p>\n<p style=\"text-align: justify;\">Esta semana se contin\u00faa con la inmunizaci\u00f3n del grupo objetivo -en esta primera etapa- que son los adultos mayores, sumado a personal de farmacia, laboratorios y funcionarios que desarrollan labores cr\u00edticas para el Estado, entre otras.<\/p>\n<p style=\"text-align: justify;\">Igualmente, es importante tener presente que el hecho de recibir la vacuna no implica que de inmediato se pueda derrotar el COVID-19, pero esta inoculaci\u00f3n masiva es el puntapi\u00e9 inicial.<\/p>\n<p style=\"text-align: justify;\">Por lo anterior, no se debe dejar de lado el autocuidado, donde el lavado de manos, el uso de mascarilla, el distanciamiento f\u00edsico y la no sobreexposici\u00f3n en actividades que vayan contra los aforos predefinidos resultan del todo necesarios para complementar esta etapa donde cuidarnos resulta vital para complementar este proceso.<\/p>\n<\/div><\/section><\/div><div  style='height:50px' class='hr hr-invisible   avia-builder-el-6  el_after_av_one_full  el_before_av_social_share '><span class='hr-inner ' ><span class='hr-inner-style'><\/span><\/span><\/div><\/p>\n<div  class='av-social-sharing-box  avia-builder-el-7  el_after_av_hr  el_before_av_hr  '><div class='av-share-box'><h5 class='av-share-link-description av-no-toc '>Compartir esta noticia<\/h5><ul class='av-share-box-list noLightbox'><li class='av-share-link av-social-link-facebook' ><a target=\"_blank\" aria-label=\"Compartir en Facebook\" href='https:\/\/www.facebook.com\/sharer.php?u=https:\/\/radiorevelacionfm.cl\/?p=2497&#038;t=Personal%20de%20Salud%20recibe%20la%20segunda%20dosis%20de%20vacuna%20Pfizer%20contra%20Covid-19' aria-hidden='false' data-av_icon='\ue8f3' data-av_iconfont='entypo-fontello' title='' data-avia-related-tooltip='Compartir en Facebook' rel=\"noopener\"><span class='avia_hidden_link_text'>Compartir en Facebook<\/span><\/a><\/li><li class='av-share-link av-social-link-twitter' ><a target=\"_blank\" aria-label=\"Compartir en Twitter\" href='https:\/\/twitter.com\/share?text=Personal%20de%20Salud%20recibe%20la%20segunda%20dosis%20de%20vacuna%20Pfizer%20contra%20Covid-19&#038;url=https:\/\/radiorevelacionfm.cl\/?p=2497' aria-hidden='false' data-av_icon='\ue8f1' data-av_iconfont='entypo-fontello' title='' data-avia-related-tooltip='Compartir en Twitter' rel=\"noopener\"><span class='avia_hidden_link_text'>Compartir en Twitter<\/span><\/a><\/li><li class='av-share-link av-social-link-whatsapp' ><a target=\"_blank\" aria-label=\"Compartir en Whatsapp\" href='https:\/\/api.whatsapp.com\/send?text=https:\/\/radiorevelacionfm.cl\/?p=2497' aria-hidden='false' data-av_icon='\uf232' data-av_iconfont='entypo-fontello' title='' data-avia-related-tooltip='Compartir en Whatsapp' rel=\"noopener\"><span class='avia_hidden_link_text'>Compartir en Whatsapp<\/span><\/a><\/li><li class='av-share-link av-social-link-linkedin' ><a target=\"_blank\" aria-label=\"Compartir en LinkedIn\" href='https:\/\/linkedin.com\/shareArticle?mini=true&#038;title=Personal%20de%20Salud%20recibe%20la%20segunda%20dosis%20de%20vacuna%20Pfizer%20contra%20Covid-19&#038;url=https:\/\/radiorevelacionfm.cl\/?p=2497' aria-hidden='false' data-av_icon='\ue8fc' data-av_iconfont='entypo-fontello' title='' data-avia-related-tooltip='Compartir en LinkedIn' rel=\"noopener\"><span class='avia_hidden_link_text'>Compartir en LinkedIn<\/span><\/a><\/li><li class='av-share-link av-social-link-mail' ><a  aria-label=\"Compartir por correo\" href='mailto:?subject=Personal%20de%20Salud%20recibe%20la%20segunda%20dosis%20de%20vacuna%20Pfizer%20contra%20Covid-19&#038;body=https:\/\/radiorevelacionfm.cl\/?p=2497' aria-hidden='false' data-av_icon='\ue805' data-av_iconfont='entypo-fontello' title='' data-avia-related-tooltip='Compartir por correo'><span class='avia_hidden_link_text'>Compartir por correo<\/span><\/a><\/li><\/ul><\/div><\/div>\n<div  style='height:50px' class='hr hr-invisible   avia-builder-el-8  el_after_av_social_share  el_before_av_comments_list '><span class='hr-inner ' ><span class='hr-inner-style'><\/span><\/span><\/div>\n<div  class='av-buildercomment  av-blog-meta-html-info-disabled av-blog-meta-tag-disabled  '><\/div>\n","protected":false},"excerpt":{"rendered":"","protected":false},"author":1,"featured_media":0,"comment_status":"open","ping_status":"open","sticky":false,"template":"","format":"standard","meta":{"footnotes":""},"categories":[46],"tags":[],"class_list":["post-2497","post","type-post","status-publish","format-standard","hentry","category-salud"],"jetpack_featured_media_url":"","_links":{"self":[{"href":"https:\/\/radiorevelacionfm.cl\/index.php?rest_route=\/wp\/v2\/posts\/2497","targetHints":{"allow":["GET"]}}],"collection":[{"href":"https:\/\/radiorevelacionfm.cl\/index.php?rest_route=\/wp\/v2\/posts"}],"about":[{"href":"https:\/\/radiorevelacionfm.cl\/index.php?rest_route=\/wp\/v2\/types\/post"}],"author":[{"embeddable":true,"href":"https:\/\/radiorevelacionfm.cl\/index.php?rest_route=\/wp\/v2\/users\/1"}],"replies":[{"embeddable":true,"href":"https:\/\/radiorevelacionfm.cl\/index.php?rest_route=%2Fwp%2Fv2%2Fcomments&post=2497"}],"version-history":[{"count":1,"href":"https:\/\/radiorevelacionfm.cl\/index.php?rest_route=\/wp\/v2\/posts\/2497\/revisions"}],"predecessor-version":[{"id":2499,"href":"https:\/\/radiorevelacionfm.cl\/index.php?rest_route=\/wp\/v2\/posts\/2497\/revisions\/2499"}],"wp:attachment":[{"href":"https:\/\/radiorevelacionfm.cl\/index.php?rest_route=%2Fwp%2Fv2%2Fmedia&parent=2497"}],"wp:term":[{"taxonomy":"category","embeddable":true,"href":"https:\/\/radiorevelacionfm.cl\/index.php?rest_route=%2Fwp%2Fv2%2Fcategories&post=2497"},{"taxonomy":"post_tag","embeddable":true,"href":"https:\/\/radiorevelacionfm.cl\/index.php?rest_route=%2Fwp%2Fv2%2Ftags&post=2497"}],"curies":[{"name":"wp","href":"https:\/\/api.w.org\/{rel}","templated":true}]}}