{"id":24967,"date":"2022-12-04T12:00:52","date_gmt":"2022-12-04T15:00:52","guid":{"rendered":"https:\/\/radiorevelacionfm.cl\/?p=24967"},"modified":"2022-12-04T12:00:52","modified_gmt":"2022-12-04T15:00:52","slug":"autoridades-regionales-expresaron-su-compromiso-de-trabajo-conjunto-para-cumplir-las-metas-locales-del-plan-de-emergencia-habitacional","status":"publish","type":"post","link":"https:\/\/radiorevelacionfm.cl\/?p=24967","title":{"rendered":"Autoridades regionales expresaron su compromiso de trabajo conjunto para Cumplir las metas locales del Plan de Emergencia Habitacional"},"content":{"rendered":"<div class=\"flex_column av_one_full  flex_column_div av-zero-column-padding first  avia-builder-el-0  el_before_av_one_full  avia-builder-el-first  \" style='border-radius:0px; '><div  class='avia-image-container  av-styling-    avia-builder-el-1  avia-builder-el-no-sibling  avia-align-center '  itemprop=\"image\" itemscope=\"itemscope\" itemtype=\"https:\/\/schema.org\/ImageObject\"  ><div class='avia-image-container-inner'><div class='avia-image-overlay-wrap'><img decoding=\"async\" class='wp-image-24968 avia-img-lazy-loading-not-24968 avia_image' src=\"https:\/\/radiorevelacionfm.cl\/wp-content\/uploads\/2022\/12\/Foto-Seremi-Expone-Plan-de-E-Habitacional-1-1.jpg\" alt='' title='Foto Seremi Expone Plan de E Habitacional (1) (1)' height=\"600\" width=\"900\"  itemprop=\"thumbnailUrl\" srcset=\"https:\/\/radiorevelacionfm.cl\/wp-content\/uploads\/2022\/12\/Foto-Seremi-Expone-Plan-de-E-Habitacional-1-1.jpg 900w, https:\/\/radiorevelacionfm.cl\/wp-content\/uploads\/2022\/12\/Foto-Seremi-Expone-Plan-de-E-Habitacional-1-1-300x200.jpg 300w, https:\/\/radiorevelacionfm.cl\/wp-content\/uploads\/2022\/12\/Foto-Seremi-Expone-Plan-de-E-Habitacional-1-1-768x512.jpg 768w, https:\/\/radiorevelacionfm.cl\/wp-content\/uploads\/2022\/12\/Foto-Seremi-Expone-Plan-de-E-Habitacional-1-1-705x470.jpg 705w, https:\/\/radiorevelacionfm.cl\/wp-content\/uploads\/2022\/12\/Foto-Seremi-Expone-Plan-de-E-Habitacional-1-1-600x400.jpg 600w\" sizes=\"(max-width: 900px) 100vw, 900px\" \/><\/div><\/div><\/div><\/div><div class=\"flex_column av_one_full  flex_column_div av-zero-column-padding first  avia-builder-el-2  el_after_av_one_full  el_before_av_one_full  column-top-margin\" style='border-radius:0px; '><section class=\"av_textblock_section \"  itemscope=\"itemscope\" itemtype=\"https:\/\/schema.org\/BlogPosting\" itemprop=\"blogPost\" ><div class='avia_textblock  '   itemprop=\"text\" ><p style=\"text-align: center;\"><span style=\"font-size: 18pt;\"><strong>Autoridades regionales expresaron su compromiso de trabajo conjunto para Cumplir las metas locales del Plan de Emergencia Habitacional<\/strong><\/span><\/p>\n<div id=\"gtx-trans\" style=\"position: absolute; left: -50px; top: 4.31534px;\">\n<div class=\"gtx-trans-icon\"><\/div>\n<\/div>\n<\/div><\/section><\/div><div class=\"flex_column av_one_full  flex_column_div av-zero-column-padding first  avia-builder-el-4  el_after_av_one_full  el_before_av_hr  column-top-margin\" style='border-radius:0px; '><section class=\"av_textblock_section \"  itemscope=\"itemscope\" itemtype=\"https:\/\/schema.org\/BlogPosting\" itemprop=\"blogPost\" ><div class='avia_textblock  '   itemprop=\"text\" ><p style=\"text-align: justify;\">Con participaci\u00f3n de las m\u00e1ximas autoridades de la regi\u00f3n, incluyendo Parlamentarios, Alcaldes, Consejeros regionales y Secretarios Regionales Ministeriales, entre otros, se desarroll\u00f3 el pasado jueves la Jornada de informaci\u00f3n y di\u00e1logo organizada por el Ministerio de Vivienda y Urbanismo (Minvu) para dar a conocer los avances y metas del Plan de Emergencia Habitacional de Gobierno, poniendo \u00e9nfasis en los datos regionales, provinciales y comunales.<\/p>\n<p style=\"text-align: justify;\">El encuentro se bas\u00f3 en una presentaci\u00f3n a cargo de la Seremi de Vivienda, Paulina Ruz; el Director Regional (S) del\u00a0 Serviu, Eduardo Navarro y la encargada del Plan de Emergencia de la Seremi, Natacha Pot, quienes detallaron la realidad actual, presentando adem\u00e1s las metas regionales para el periodo, donde se espera entregar m\u00e1s de 1300 viviendas a trav\u00e9s de los diferentes programas del Minvu y sus l\u00edneas de acci\u00f3n, y donde adicionalmente se contempla tener al menos 694 viviendas en ejecuci\u00f3n en marzo del a\u00f1o 2026.<\/p>\n<p style=\"text-align: justify;\">Para el Delegado Presidencial Regional, Rodrigo Araya, se trata de un tema tremendamente relevante que se abord\u00f3 con el Ministro Carlos Montes hace ya varios meses, coincidiendo en la necesidad de diversificar las opciones de acceso a la vivienda. \u201cEsto significa que esta no sea s\u00f3lo la v\u00eda tradicional y que siga el proceso y los tiempos que todos conocemos. Hay una presentaci\u00f3n s\u00f3lida de esas alternativas, esos planes, esas opciones diferentes que existe la posibilidad de desarrollar en nuestra regi\u00f3n en estos a\u00f1os de Gobierno. Hay un compromiso con una cantidad de viviendas, pero tal como dec\u00eda nuestra Seremi la ambici\u00f3n es superar esas metas y poder darle una mejor calidad de vida a las distintas familias en todas las comunas de nuestra regi\u00f3n\u201d, precis\u00f3.<\/p>\n<p style=\"text-align: justify;\">El plan de acci\u00f3n del Ministerio de Vivienda contempla diversas tareas, como resolver el d\u00e9ficit de financiamiento de obras en ejecuci\u00f3n o postulaci\u00f3n, tema que, para el representante del Gobierno Regional, Oscar del Solar, forma parte de las variables que debemos considerar a corto, mediano y largo plazo. \u201cLos desaf\u00edos marcan una meta importante que, si bien ya est\u00e1 medianamente avanzada con las casas que est\u00e1n en construcci\u00f3n, nos mandatan a ver y coordinar c\u00f3mo se sigue hacia adelante. Nuestras realidades territoriales est\u00e1n claras, tenemos las viviendas de m\u00e1s alto est\u00e1ndar en el pa\u00eds y eso nos pone un piso de calidad que estamos llamados a trabajar para ver como lo sacamos adelante. Una de las acciones m\u00e1s espec\u00edficas que ha realizado el Gobierno Regional con la Seremi es volver a analizar el actual convenio de colaboraci\u00f3n que existe entre ambas unidades y ver desde esa frontera como podemos mover algunas piezas, proyectos que no est\u00e1n muy avanzados o que se deben reemplazar\u201d, advirti\u00f3.<\/p>\n<p style=\"text-align: justify;\">Entre las nuevas l\u00edneas de acci\u00f3n que incluye el Plan de Emergencia Habitacional destaca el Arriendo a Precio Justo (Coyhaique), el Sistema de Ejecuci\u00f3n Directa del Serviu (comuna de Lago Verde), el programa de Autoconstrucci\u00f3n e Industrializaci\u00f3n (comuna de Guaitecas), el Programa de Trabajadoras y Trabajadores (Comuna de Ays\u00e9n) y la gesti\u00f3n de terrenos para proyectos habitacionales (Banco de suelos para toda la regi\u00f3n), a lo que se suma la necesidad de potenciar la coordinaci\u00f3n intersectorial para las diferentes etapas del proceso.<\/p>\n<p style=\"text-align: justify;\">En ese contexto la Seremi de Vivienda, Paulina Ruz, se mostr\u00f3 optimista de cumplir los objetivos trazados, sobre todo cuando han visto una excelente disposici\u00f3n de los otros actores involucrados, tanto del sector p\u00fablico como privado. \u201cEn cuanto a los principales desaf\u00edos tenemos el recuperar el rol del Estado en cuanto al dise\u00f1o y planificaci\u00f3n de la pol\u00edtica habitacional del pa\u00eds, tambi\u00e9n trabajar con otros entes, como lo hemos estado haciendo con el Gobierno Regional, con los municipios a trav\u00e9s de los alcaldes que son fundamentales para nosotros y tambi\u00e9n con el resto de los ministerios donde a trav\u00e9s de nuestro sello de Plan de Emergencia Habitacional podemos acelerar los procesos para que las familias puedan garantizar su derecho a la vivienda digna y adecuada\u201d, indic\u00f3.<\/p>\n<p style=\"text-align: justify;\">Por otra parte, el Presidente de la Asociaci\u00f3n Regional de Municipalidades (Aremu), el alcalde de R\u00edo Ib\u00e1\u00f1ez, Marcelo Santana, agradeci\u00f3 la invitaci\u00f3n a ser parte de esta gran tarea enfocada sobre todo en las familias que m\u00e1s lo necesitan, que son justamente las que llegan a las municipalidades. \u201cAll\u00ed cada municipio liderado por su alcalde aglomera esa demanda, formamos ese comit\u00e9, se realiza el trabajo m\u00e1s social, pero obviamente se necesitan de instrumentos especiales, se necesita tambi\u00e9n de la gesti\u00f3n coordinada no solo con el Ministerio de Vivienda sino con el Ministerio de Bienes Nacionales para la disponibilidad de terrenos, que sean adem\u00e1s adecuados para la construcci\u00f3n, por lo tanto se nos vienen tiempos de mucho trabajo y como alcaldes estamos a completa disposici\u00f3n de la Seremi y del Ministerio de Vivienda para sacar adelante este desaf\u00edo que es no s\u00f3lo de un ministerio sino de toda la regi\u00f3n\u201d, afirm\u00f3.<\/p>\n<p style=\"text-align: justify;\">Otros puntos destacados a nivel regional para afrontar los desaf\u00edos del Plan de Emergencia Habitacional son la soluci\u00f3n para cerca de 200 familias que hoy viven en campamentos, el avance en las etapas del Plan Urbano Habitacional Escuela Agr\u00edcola de Coyhaique y la atenci\u00f3n especial a las comunas m\u00e1s alejadas o con mayores dificultades, como Cochrane, Guaitecas, Tortel y Lago Verde.<\/p>\n<\/div><\/section><\/div><div  style='height:50px' class='hr hr-invisible   avia-builder-el-6  el_after_av_one_full  el_before_av_social_share '><span class='hr-inner ' ><span class='hr-inner-style'><\/span><\/span><\/div><\/p>\n<div  class='av-social-sharing-box  avia-builder-el-7  el_after_av_hr  el_before_av_hr  '><div class='av-share-box'><h5 class='av-share-link-description av-no-toc '>Compartir esta noticia<\/h5><ul class='av-share-box-list noLightbox'><li class='av-share-link av-social-link-facebook' ><a target=\"_blank\" aria-label=\"Compartir en Facebook\" href='https:\/\/www.facebook.com\/sharer.php?u=https:\/\/radiorevelacionfm.cl\/?p=24967&#038;t=Autoridades%20regionales%20expresaron%20su%20compromiso%20de%20trabajo%20conjunto%20para%20Cumplir%20las%20metas%20locales%20del%20Plan%20de%20Emergencia%20Habitacional' aria-hidden='false' data-av_icon='\ue8f3' data-av_iconfont='entypo-fontello' title='' data-avia-related-tooltip='Compartir en Facebook' rel=\"noopener\"><span class='avia_hidden_link_text'>Compartir en Facebook<\/span><\/a><\/li><li class='av-share-link av-social-link-twitter' ><a target=\"_blank\" aria-label=\"Compartir en Twitter\" href='https:\/\/twitter.com\/share?text=Autoridades%20regionales%20expresaron%20su%20compromiso%20de%20trabajo%20conjunto%20para%20Cumplir%20las%20metas%20locales%20del%20Plan%20de%20Emergencia%20Habitacional&#038;url=https:\/\/radiorevelacionfm.cl\/?p=24967' aria-hidden='false' data-av_icon='\ue8f1' data-av_iconfont='entypo-fontello' title='' data-avia-related-tooltip='Compartir en Twitter' rel=\"noopener\"><span class='avia_hidden_link_text'>Compartir en Twitter<\/span><\/a><\/li><li class='av-share-link av-social-link-whatsapp' ><a target=\"_blank\" aria-label=\"Compartir en Whatsapp\" href='https:\/\/api.whatsapp.com\/send?text=https:\/\/radiorevelacionfm.cl\/?p=24967' aria-hidden='false' data-av_icon='\uf232' data-av_iconfont='entypo-fontello' title='' data-avia-related-tooltip='Compartir en Whatsapp' rel=\"noopener\"><span class='avia_hidden_link_text'>Compartir en Whatsapp<\/span><\/a><\/li><li class='av-share-link av-social-link-linkedin' ><a target=\"_blank\" aria-label=\"Compartir en LinkedIn\" href='https:\/\/linkedin.com\/shareArticle?mini=true&#038;title=Autoridades%20regionales%20expresaron%20su%20compromiso%20de%20trabajo%20conjunto%20para%20Cumplir%20las%20metas%20locales%20del%20Plan%20de%20Emergencia%20Habitacional&#038;url=https:\/\/radiorevelacionfm.cl\/?p=24967' aria-hidden='false' data-av_icon='\ue8fc' data-av_iconfont='entypo-fontello' title='' data-avia-related-tooltip='Compartir en LinkedIn' rel=\"noopener\"><span class='avia_hidden_link_text'>Compartir en LinkedIn<\/span><\/a><\/li><li class='av-share-link av-social-link-mail' ><a  aria-label=\"Compartir por correo\" href='mailto:?subject=Autoridades%20regionales%20expresaron%20su%20compromiso%20de%20trabajo%20conjunto%20para%20Cumplir%20las%20metas%20locales%20del%20Plan%20de%20Emergencia%20Habitacional&#038;body=https:\/\/radiorevelacionfm.cl\/?p=24967' aria-hidden='false' data-av_icon='\ue805' data-av_iconfont='entypo-fontello' title='' data-avia-related-tooltip='Compartir por correo'><span class='avia_hidden_link_text'>Compartir por correo<\/span><\/a><\/li><\/ul><\/div><\/div>\n<div  style='height:50px' class='hr hr-invisible   avia-builder-el-8  el_after_av_social_share  el_before_av_comments_list '><span class='hr-inner ' ><span class='hr-inner-style'><\/span><\/span><\/div>\n<div  class='av-buildercomment  av-blog-meta-html-info-disabled av-blog-meta-tag-disabled  '><\/div>\n","protected":false},"excerpt":{"rendered":"","protected":false},"author":1,"featured_media":24968,"comment_status":"open","ping_status":"open","sticky":false,"template":"","format":"standard","meta":{"footnotes":""},"categories":[57],"tags":[],"class_list":["post-24967","post","type-post","status-publish","format-standard","has-post-thumbnail","hentry","category-vivienda"],"jetpack_featured_media_url":"https:\/\/radiorevelacionfm.cl\/wp-content\/uploads\/2022\/12\/Foto-Seremi-Expone-Plan-de-E-Habitacional-1-1.jpg","_links":{"self":[{"href":"https:\/\/radiorevelacionfm.cl\/index.php?rest_route=\/wp\/v2\/posts\/24967","targetHints":{"allow":["GET"]}}],"collection":[{"href":"https:\/\/radiorevelacionfm.cl\/index.php?rest_route=\/wp\/v2\/posts"}],"about":[{"href":"https:\/\/radiorevelacionfm.cl\/index.php?rest_route=\/wp\/v2\/types\/post"}],"author":[{"embeddable":true,"href":"https:\/\/radiorevelacionfm.cl\/index.php?rest_route=\/wp\/v2\/users\/1"}],"replies":[{"embeddable":true,"href":"https:\/\/radiorevelacionfm.cl\/index.php?rest_route=%2Fwp%2Fv2%2Fcomments&post=24967"}],"version-history":[{"count":2,"href":"https:\/\/radiorevelacionfm.cl\/index.php?rest_route=\/wp\/v2\/posts\/24967\/revisions"}],"predecessor-version":[{"id":24970,"href":"https:\/\/radiorevelacionfm.cl\/index.php?rest_route=\/wp\/v2\/posts\/24967\/revisions\/24970"}],"wp:featuredmedia":[{"embeddable":true,"href":"https:\/\/radiorevelacionfm.cl\/index.php?rest_route=\/wp\/v2\/media\/24968"}],"wp:attachment":[{"href":"https:\/\/radiorevelacionfm.cl\/index.php?rest_route=%2Fwp%2Fv2%2Fmedia&parent=24967"}],"wp:term":[{"taxonomy":"category","embeddable":true,"href":"https:\/\/radiorevelacionfm.cl\/index.php?rest_route=%2Fwp%2Fv2%2Fcategories&post=24967"},{"taxonomy":"post_tag","embeddable":true,"href":"https:\/\/radiorevelacionfm.cl\/index.php?rest_route=%2Fwp%2Fv2%2Ftags&post=24967"}],"curies":[{"name":"wp","href":"https:\/\/api.w.org\/{rel}","templated":true}]}}