{"id":24957,"date":"2022-12-02T22:00:01","date_gmt":"2022-12-03T01:00:01","guid":{"rendered":"https:\/\/radiorevelacionfm.cl\/?p=24957"},"modified":"2022-12-02T22:13:57","modified_gmt":"2022-12-03T01:13:57","slug":"anuncian-proxima-operacion-de-nave-la-tehuelche-en-el-lago-general-carrera","status":"publish","type":"post","link":"https:\/\/radiorevelacionfm.cl\/?p=24957","title":{"rendered":"Anuncian pr\u00f3xima operaci\u00f3n de nave La Tehuelche en el Lago General Carrera"},"content":{"rendered":"<div class=\"flex_column av_one_full  flex_column_div av-zero-column-padding first  avia-builder-el-0  el_before_av_one_full  avia-builder-el-first  \" style='border-radius:0px; '><div  class='avia-image-container  av-styling-    avia-builder-el-1  avia-builder-el-no-sibling  avia-align-center '  itemprop=\"image\" itemscope=\"itemscope\" itemtype=\"https:\/\/schema.org\/ImageObject\"  ><div class='avia-image-container-inner'><div class='avia-image-overlay-wrap'><img decoding=\"async\" class='wp-image-24961 avia-img-lazy-loading-not-24961 avia_image' src=\"https:\/\/radiorevelacionfm.cl\/wp-content\/uploads\/2022\/12\/Barcaza-La-Tehuelche-1-1.jpg\" alt='' title='Barcaza La Tehuelche (1) (1)' height=\"600\" width=\"801\"  itemprop=\"thumbnailUrl\" srcset=\"https:\/\/radiorevelacionfm.cl\/wp-content\/uploads\/2022\/12\/Barcaza-La-Tehuelche-1-1.jpg 801w, https:\/\/radiorevelacionfm.cl\/wp-content\/uploads\/2022\/12\/Barcaza-La-Tehuelche-1-1-300x225.jpg 300w, https:\/\/radiorevelacionfm.cl\/wp-content\/uploads\/2022\/12\/Barcaza-La-Tehuelche-1-1-768x575.jpg 768w, https:\/\/radiorevelacionfm.cl\/wp-content\/uploads\/2022\/12\/Barcaza-La-Tehuelche-1-1-705x528.jpg 705w, https:\/\/radiorevelacionfm.cl\/wp-content\/uploads\/2022\/12\/Barcaza-La-Tehuelche-1-1-600x449.jpg 600w\" sizes=\"(max-width: 801px) 100vw, 801px\" \/><\/div><\/div><\/div><\/div><div class=\"flex_column av_one_full  flex_column_div av-zero-column-padding first  avia-builder-el-2  el_after_av_one_full  el_before_av_one_full  column-top-margin\" style='border-radius:0px; '><section class=\"av_textblock_section \"  itemscope=\"itemscope\" itemtype=\"https:\/\/schema.org\/BlogPosting\" itemprop=\"blogPost\" ><div class='avia_textblock  '   itemprop=\"text\" ><p style=\"text-align: center;\"><strong><span style=\"font-size: 18pt;\">Anuncian pr\u00f3xima operaci\u00f3n de nave La Tehuelche en el Lago General Carrera<\/span><\/strong><\/p>\n<div id=\"gtx-trans\" style=\"position: absolute; left: -50px; top: 4.31534px;\">\n<div class=\"gtx-trans-icon\"><\/div>\n<\/div>\n<\/div><\/section><\/div><\/p>\n<div class=\"flex_column av_one_full  flex_column_div av-zero-column-padding first  avia-builder-el-4  el_after_av_one_full  el_before_av_hr  column-top-margin\" style='border-radius:0px; '><section class=\"av_textblock_section \"  itemscope=\"itemscope\" itemtype=\"https:\/\/schema.org\/BlogPosting\" itemprop=\"blogPost\" ><div class='avia_textblock  '   itemprop=\"text\" ><p style=\"text-align: justify;\">Esta ma\u00f1ana el Secretario Regional Ministerial de Obras P\u00fablicas, Patricio Sanhueza Ulloa anunci\u00f3 que la nave La Tehuelche comenzar\u00e1 sus operaciones en el lago General Carrera en el mes de diciembre del a\u00f1o en curso.<\/p>\n<p style=\"text-align: justify;\">\u201cQueremos reiterar el compromiso que tenemos como Direcci\u00f3n de Obras Portuarias del Ministerio de Obras P\u00fablicas respecto a que la nave La Tehuelche va a entrar en operaciones en el mes de diciembre de este a\u00f1o. La empresa ASMAR tuvo inconvenientes y demora con la fabricaci\u00f3n de piezas y por tanto tambi\u00e9n con el transporte e importaci\u00f3n de estas piezas de repuesto que necesita la nave para su operaci\u00f3n. Esa informaci\u00f3n se recibi\u00f3 en forma informal con fecha el 23 de noviembre y de ah\u00ed en adelante hemos tenido numerosas comunicaciones y reuniones con la empresa Asmar y ellos lograron revertir esta situaci\u00f3n. Obtuvieron los repuestos originales en el mercado nacional y realizaron gestiones exitosas con la empresa que fabrica estos repuestos para que estos est\u00e9n a tiempo en Chile y en la nave. Esta informaci\u00f3n la entregamos hoy (viernes 02 de diciembre), porque s\u00f3lo en la tarde del d\u00eda de ayer (jueves 01 de diciembre) la empresa ASMAR formaliz\u00f3 esta situaci\u00f3n. Adem\u00e1s, Asmar nos entreg\u00f3 el cronograma definitivo de las reparaciones, as\u00ed que estamos muy contentos de mantener la fecha comprometida y que esto haya sido fruto de todo el trabajo que hemos estado realizando en todo este tiempo\u201d, afirm\u00f3 el SEREMI del MOP.<\/p>\n<p style=\"text-align: justify;\">Esta noticia la dio a conocer acompa\u00f1ado por el Delegado Presidencial Regional Rodrigo Araya Morales, la Secretaria Regional Ministerial de Transportes y Telecomunicaciones Claudia Cantero y los Directores Regionales de Obras Portuarias MOP \u00c1lvaro D\u00edaz y de Vialidad Fernando Miranda, con quienes hoy la prensa abord\u00f3 el conjunto de medidas que el gobierno ha tomado en materia de mantenci\u00f3n de la conectividad en la comuna de Chile Chico.<\/p>\n<p style=\"text-align: justify;\">Al respecto, Patricio Sanhueza reiter\u00f3 \u201cqueremos hacer un llamado a la tranquilidad, porque nos hemos reunido en muchas ocasiones tanto en Chile Chico como en Coyhaique con representantes y presidente del Directorio de la empresa constructora Flesan, para \u00a0insistir en que ellos deben cumplir con sus obligaciones con los proveedores. Nosotros como ministerio s\u00f3lo tenemos las atribuciones legales para retener y pagar a los trabajadores las remuneraciones y previsionales<strong>. <\/strong>Adem\u00e1s, hoy con las nuevas medidas de reactivaci\u00f3n econ\u00f3mica que estamos tomando y dar seguridad al empleo, existe una gran medida que como gobierno de Gabriel Boric hemos tomado y que es un pago retroactivo que beneficiar\u00e1 a las empresas constructoras que han sufrido por la situaci\u00f3n extraordinaria de pandemia, lo que tambi\u00e9n servir\u00e1 a la empresa Flesan en tres contratos de conservaci\u00f3n global de caminos con un monto aproximado del orden de los $500 millones. Uno de esos contratos se encuentra en Chile Chico, y los recursos en ese caso van a ser del orden de los $200 millones, as\u00ed que hoy me he comunicado con el Gerente Regional de la empresa Flesan y \u00e9l ha comprometido que estos recursos ser\u00e1n destinados para el pago de las deudas con los proveedores, lo que esperamos de cierta tranquilidad a las personas y microempresarios del sector. Estimamos que estos pagos se concreten dentro del mes de diciembre del a\u00f1o en curso. Por nuestra parte, estamos haciendo todas las gestiones necesarias para que las solicitudes de estos pagos retroactivos a las empresas constructoras los podamos pagar en el mes de diciembre\u201d.<\/p>\n<p style=\"text-align: justify;\">Sanhueza adem\u00e1s agreg\u00f3 con relaci\u00f3n al contrato de conservaci\u00f3n mayor al Aer\u00f3dromo de Chile Chico, el que hoy se encuentra paralizado que \u201cnos llama la atenci\u00f3n que autoridades a quienes se les ha entregado la informaci\u00f3n por todos los medios posibles, insistan en situaciones que ya est\u00e1n resueltas. El contrato de conservaci\u00f3n mayor del Aer\u00f3dromo de Chile Chico se le dio t\u00e9rmino anticipado en el mes de octubre del a\u00f1o en curso por incumplimiento, por cuanto no hab\u00eda avances en esa obra. Esta informaci\u00f3n fue entregada a autoridades y representantes de diversos sectores, en reuniones de participaci\u00f3n ciudadana y a trav\u00e9s de los medios de comunicaci\u00f3n. Entonces, no vamos a poder retomar las obras hasta el primer semestre del a\u00f1o 2023, estamos haciendo todos los esfuerzos posibles para que esto avance lo m\u00e1s r\u00e1pido posible, pero tenemos que terminar los tr\u00e1mites administrativos y esperamos que no haya oposici\u00f3n de la empresa o se judicialice el proceso. La situaci\u00f3n del Aer\u00f3dromo de Chile Chico de acuerdo a lo que ha se\u00f1alado la Direcci\u00f3n de Aeron\u00e1utica Civil (DGAC) es que permite la operaci\u00f3n de los aviones que prestan el servicio subsidiado\u201d.<\/p>\n<p style=\"text-align: justify;\">Por su parte, la Secretaria Regional Ministerial de Transportes y Telecomunicaciones Claudia Cantero indic\u00f3 que \u201cComplementando el anuncio realizado por el titular de Obras P\u00fablicas, la SeremiTT Claudia Cantero adelant\u00f3 algunas medidas que permitir\u00e1n dar mayor dinamismo a la conectividad hacia Chile Chico en la temporada estival que se aproxima. Entre ellas destaca un subsidio a\u00e9reo con nuevas condiciones de operaci\u00f3n que funcionar\u00e1 en forma especial durante la temporada alta. Adem\u00e1s, se dar\u00e1 cobertura a los habitantes de la cuenca del Lago General Carrera con un servicio terrestre con recorrido Chile Chico y Coyhaique que permanecer\u00e1 como otra alternativa de transportes que ha tenido una exitosa recepci\u00f3n por parte de vecinos y vecinas\u201d.<\/p>\n<p style=\"text-align: justify;\">\u201cVamos a estar licitando pr\u00f3ximamente entre hoy y el lunes un servicio por Chile entre Coyhaique y Chile Chico, que va ser subsidiado, permanente y financiado por el Ministerio de Transportes. Adem\u00e1s, dar la tranquilidad a las personas que durante toda la temporada estival nosotros vamos a mantener la conectividad a\u00e9rea y estamos evaluando algunas otras alternativas para cuando regrese la barcaza Tehuelche. Estamos calculando, midiendo frecuencia, cantidad de personas que utilizan los servicios para poder tomar las mejores decisiones de conectividad\u201d, indic\u00f3 la Seremi.<\/p>\n<p style=\"text-align: justify;\">Cantero cerr\u00f3 su intervenci\u00f3n con un llamado a confiar en las gestiones realizadas por el Gobierno que ha asumido la responsabilidad de resolver un problema de conectividad estructural en la zona, mediante medidas que han tenido que hacerse cargo de actuar en la contingencia y tambi\u00e9n plantear acciones de m\u00e1s largo plazo que permitan variar la oferta de transporte en el lago y tambi\u00e9n definir con claridad protocolos de mantenci\u00f3n de las naves para asegurar la continuidad de sus servicios a futuro\u201d.<\/p>\n<p style=\"text-align: justify;\"><strong><u>VOTACION DISE\u00d1O DE NAVE COMPLEMENTARIA DE CONECTIVIDAD LACUSTRE <\/u><\/strong><\/p>\n<p style=\"text-align: justify;\">En la oportunidad, el SEREMI del MOP tambi\u00e9n se refiri\u00f3 al proceso de votaci\u00f3n del Dise\u00f1o de nave complementaria de conectividad lacustre Puerto Ib\u00e1\u00f1ez-Chile Chico, destacando que \u201cDesde el 30 de noviembre y hasta el 07 de diciembre estamos realizando una votaci\u00f3n, que es complementaria\u00a0 y se encuentra \u00a0inserta dentro del proceso de participaci\u00f3n ciudadana, \u00a0para definir una nave dentro de tres propuestas de Dise\u00f1o que hemos propuesto a la comunidad de Chile Chico y a todos y todas las y los usuarios. Queremos que esta sea una masiva participaci\u00f3n, y que los chilechiquenses sean due\u00f1os de su propio destino y sean ellos y ellas quienes decidan cu\u00e1l va a ser la futura nave que operar\u00e1 en el lago General Carrera. Agradecemos el inter\u00e9s que ha despertado hasta hoy esta iniciativa. Nuestra percepci\u00f3n es que hemos tenido una importante opini\u00f3n y votaci\u00f3n la que a la fecha ya alcanza los 400 votos. Adem\u00e1s, agradecemos que bajo esta situaci\u00f3n que se vive en materia de conectividad, la comunidad tenga esta mirada de largo plazo y puedan acompa\u00f1arnos en este proceso que la propia comunidad lo ha pedido, porque este proceso de votaci\u00f3n \u00a0responde a la demanda de ella que realiz\u00f3 la comunidad en la segunda participaci\u00f3n ciudadana, en donde quienes participaron manifestaron que elegir una nueva nave es una decisi\u00f3n muy trascendente para ellos y aunque asistieron alrededor de 43 personas, en esa ocasi\u00f3n, le\u00a0 pidieron a nuestra\u00a0 Direcci\u00f3n Regional de Obras Portuarias que realicemos esta votaci\u00f3n, as\u00ed que todo este proceso \u00a0de votaci\u00f3n es una respuesta a la comunidad porque como gobierno escuchamos sus planteamientos\u201d.<\/p>\n<p style=\"text-align: justify;\">Recordamos que esta votaci\u00f3n se est\u00e1 realizando en forma presencial en dependencias de la Delegaci\u00f3n presidencial de la provincia General Carrera ubicada en calle Bernardo O\u00b4Higgins 192, entre las 09.00 y las 17.30 horas y en forma digital en la p\u00e1gina web: <a href=\"http:\/\/aysen.mop.cl\/Paginas\/Encuestas.aspx\">http:\/\/aysen.mop.cl\/Paginas\/Encuestas.aspx<\/a><\/p>\n<\/div><\/section><\/div>\n<div  style='height:50px' class='hr hr-invisible   avia-builder-el-6  el_after_av_one_full  el_before_av_social_share '><span class='hr-inner ' ><span class='hr-inner-style'><\/span><\/span><\/div>\n<div  class='av-social-sharing-box  avia-builder-el-7  el_after_av_hr  el_before_av_hr  '><div class='av-share-box'><h5 class='av-share-link-description av-no-toc '>Compartir esta noticia<\/h5><ul class='av-share-box-list noLightbox'><li class='av-share-link av-social-link-facebook' ><a target=\"_blank\" aria-label=\"Compartir en Facebook\" href='https:\/\/www.facebook.com\/sharer.php?u=https:\/\/radiorevelacionfm.cl\/?p=24957&#038;t=Anuncian%20pr%C3%B3xima%20operaci%C3%B3n%20de%20nave%20La%20Tehuelche%20en%20el%20Lago%20General%20Carrera' aria-hidden='false' data-av_icon='\ue8f3' data-av_iconfont='entypo-fontello' title='' data-avia-related-tooltip='Compartir en Facebook' rel=\"noopener\"><span class='avia_hidden_link_text'>Compartir en Facebook<\/span><\/a><\/li><li class='av-share-link av-social-link-twitter' ><a target=\"_blank\" aria-label=\"Compartir en Twitter\" href='https:\/\/twitter.com\/share?text=Anuncian%20pr%C3%B3xima%20operaci%C3%B3n%20de%20nave%20La%20Tehuelche%20en%20el%20Lago%20General%20Carrera&#038;url=https:\/\/radiorevelacionfm.cl\/?p=24957' aria-hidden='false' data-av_icon='\ue8f1' data-av_iconfont='entypo-fontello' title='' data-avia-related-tooltip='Compartir en Twitter' rel=\"noopener\"><span class='avia_hidden_link_text'>Compartir en Twitter<\/span><\/a><\/li><li class='av-share-link av-social-link-whatsapp' ><a target=\"_blank\" aria-label=\"Compartir en Whatsapp\" href='https:\/\/api.whatsapp.com\/send?text=https:\/\/radiorevelacionfm.cl\/?p=24957' aria-hidden='false' data-av_icon='\uf232' data-av_iconfont='entypo-fontello' title='' data-avia-related-tooltip='Compartir en Whatsapp' rel=\"noopener\"><span class='avia_hidden_link_text'>Compartir en Whatsapp<\/span><\/a><\/li><li class='av-share-link av-social-link-linkedin' ><a target=\"_blank\" aria-label=\"Compartir en LinkedIn\" href='https:\/\/linkedin.com\/shareArticle?mini=true&#038;title=Anuncian%20pr%C3%B3xima%20operaci%C3%B3n%20de%20nave%20La%20Tehuelche%20en%20el%20Lago%20General%20Carrera&#038;url=https:\/\/radiorevelacionfm.cl\/?p=24957' aria-hidden='false' data-av_icon='\ue8fc' data-av_iconfont='entypo-fontello' title='' data-avia-related-tooltip='Compartir en LinkedIn' rel=\"noopener\"><span class='avia_hidden_link_text'>Compartir en LinkedIn<\/span><\/a><\/li><li class='av-share-link av-social-link-mail' ><a  aria-label=\"Compartir por correo\" href='mailto:?subject=Anuncian%20pr%C3%B3xima%20operaci%C3%B3n%20de%20nave%20La%20Tehuelche%20en%20el%20Lago%20General%20Carrera&#038;body=https:\/\/radiorevelacionfm.cl\/?p=24957' aria-hidden='false' data-av_icon='\ue805' data-av_iconfont='entypo-fontello' title='' data-avia-related-tooltip='Compartir por correo'><span class='avia_hidden_link_text'>Compartir por correo<\/span><\/a><\/li><\/ul><\/div><\/div>\n<div  style='height:50px' class='hr hr-invisible   avia-builder-el-8  el_after_av_social_share  el_before_av_comments_list '><span class='hr-inner ' ><span class='hr-inner-style'><\/span><\/span><\/div>\n<div  class='av-buildercomment  av-blog-meta-html-info-disabled av-blog-meta-tag-disabled  '><\/div>\n","protected":false},"excerpt":{"rendered":"","protected":false},"author":1,"featured_media":24961,"comment_status":"open","ping_status":"open","sticky":false,"template":"","format":"standard","meta":{"footnotes":""},"categories":[38],"tags":[],"class_list":["post-24957","post","type-post","status-publish","format-standard","has-post-thumbnail","hentry","category-regional"],"jetpack_featured_media_url":"https:\/\/radiorevelacionfm.cl\/wp-content\/uploads\/2022\/12\/Barcaza-La-Tehuelche-1-1.jpg","_links":{"self":[{"href":"https:\/\/radiorevelacionfm.cl\/index.php?rest_route=\/wp\/v2\/posts\/24957","targetHints":{"allow":["GET"]}}],"collection":[{"href":"https:\/\/radiorevelacionfm.cl\/index.php?rest_route=\/wp\/v2\/posts"}],"about":[{"href":"https:\/\/radiorevelacionfm.cl\/index.php?rest_route=\/wp\/v2\/types\/post"}],"author":[{"embeddable":true,"href":"https:\/\/radiorevelacionfm.cl\/index.php?rest_route=\/wp\/v2\/users\/1"}],"replies":[{"embeddable":true,"href":"https:\/\/radiorevelacionfm.cl\/index.php?rest_route=%2Fwp%2Fv2%2Fcomments&post=24957"}],"version-history":[{"count":3,"href":"https:\/\/radiorevelacionfm.cl\/index.php?rest_route=\/wp\/v2\/posts\/24957\/revisions"}],"predecessor-version":[{"id":24960,"href":"https:\/\/radiorevelacionfm.cl\/index.php?rest_route=\/wp\/v2\/posts\/24957\/revisions\/24960"}],"wp:featuredmedia":[{"embeddable":true,"href":"https:\/\/radiorevelacionfm.cl\/index.php?rest_route=\/wp\/v2\/media\/24961"}],"wp:attachment":[{"href":"https:\/\/radiorevelacionfm.cl\/index.php?rest_route=%2Fwp%2Fv2%2Fmedia&parent=24957"}],"wp:term":[{"taxonomy":"category","embeddable":true,"href":"https:\/\/radiorevelacionfm.cl\/index.php?rest_route=%2Fwp%2Fv2%2Fcategories&post=24957"},{"taxonomy":"post_tag","embeddable":true,"href":"https:\/\/radiorevelacionfm.cl\/index.php?rest_route=%2Fwp%2Fv2%2Ftags&post=24957"}],"curies":[{"name":"wp","href":"https:\/\/api.w.org\/{rel}","templated":true}]}}