{"id":24952,"date":"2022-12-02T17:20:06","date_gmt":"2022-12-02T20:20:06","guid":{"rendered":"https:\/\/radiorevelacionfm.cl\/?p=24952"},"modified":"2022-12-02T17:20:06","modified_gmt":"2022-12-02T20:20:06","slug":"carabineros-moderniza-su-flota-e-incorpora-cinco-carros-al-servicio-policial-en-la-region","status":"publish","type":"post","link":"https:\/\/radiorevelacionfm.cl\/?p=24952","title":{"rendered":"Carabineros moderniza su flota e incorpora cinco carros al servicio policial en la regi\u00f3n"},"content":{"rendered":"<div class=\"flex_column av_one_full  flex_column_div av-zero-column-padding first  avia-builder-el-0  el_before_av_one_full  avia-builder-el-first  \" style='border-radius:0px; '><div  class='avia-image-container  av-styling-    avia-builder-el-1  avia-builder-el-no-sibling  avia-align-center '  itemprop=\"image\" itemscope=\"itemscope\" itemtype=\"https:\/\/schema.org\/ImageObject\"  ><div class='avia-image-container-inner'><div class='avia-image-overlay-wrap'><img decoding=\"async\" class='wp-image-24953 avia-img-lazy-loading-not-24953 avia_image' src=\"https:\/\/radiorevelacionfm.cl\/wp-content\/uploads\/2022\/12\/0ef963f8-c7d2-4f56-a8b8-8d681cfddb66-1-1.jpg\" alt='' title='0ef963f8-c7d2-4f56-a8b8-8d681cfddb66 (1) (1)' height=\"600\" width=\"900\"  itemprop=\"thumbnailUrl\" srcset=\"https:\/\/radiorevelacionfm.cl\/wp-content\/uploads\/2022\/12\/0ef963f8-c7d2-4f56-a8b8-8d681cfddb66-1-1.jpg 900w, https:\/\/radiorevelacionfm.cl\/wp-content\/uploads\/2022\/12\/0ef963f8-c7d2-4f56-a8b8-8d681cfddb66-1-1-300x200.jpg 300w, https:\/\/radiorevelacionfm.cl\/wp-content\/uploads\/2022\/12\/0ef963f8-c7d2-4f56-a8b8-8d681cfddb66-1-1-768x512.jpg 768w, https:\/\/radiorevelacionfm.cl\/wp-content\/uploads\/2022\/12\/0ef963f8-c7d2-4f56-a8b8-8d681cfddb66-1-1-705x470.jpg 705w, https:\/\/radiorevelacionfm.cl\/wp-content\/uploads\/2022\/12\/0ef963f8-c7d2-4f56-a8b8-8d681cfddb66-1-1-600x400.jpg 600w\" sizes=\"(max-width: 900px) 100vw, 900px\" \/><\/div><\/div><\/div><\/div><div class=\"flex_column av_one_full  flex_column_div av-zero-column-padding first  avia-builder-el-2  el_after_av_one_full  el_before_av_one_full  column-top-margin\" style='border-radius:0px; '><section class=\"av_textblock_section \"  itemscope=\"itemscope\" itemtype=\"https:\/\/schema.org\/BlogPosting\" itemprop=\"blogPost\" ><div class='avia_textblock  '   itemprop=\"text\" ><p style=\"text-align: center;\"><strong><span style=\"font-size: 18pt;\">Carabineros moderniza su flota e incorpora cinco carros al servicio policial en la regi\u00f3n<\/span><\/strong><\/p>\n<div id=\"gtx-trans\" style=\"position: absolute; left: -50px; top: 4.31534px;\">\n<div class=\"gtx-trans-icon\"><\/div>\n<\/div>\n<\/div><\/section><\/div><div class=\"flex_column av_one_full  flex_column_div av-zero-column-padding first  avia-builder-el-4  el_after_av_one_full  el_before_av_hr  column-top-margin\" style='border-radius:0px; '><section class=\"av_textblock_section \"  itemscope=\"itemscope\" itemtype=\"https:\/\/schema.org\/BlogPosting\" itemprop=\"blogPost\" ><div class='avia_textblock  '   itemprop=\"text\" ><p class=\"v1MsoNormal\" style=\"text-align: justify;\">El Jefe de Zona destac\u00f3 el trabajo interinstitucional y agradeci\u00f3 a la Delegaci\u00f3n presidencial los esfuerzos del gobierno central en la reposici\u00f3n de la flota vehicular lo cual ser\u00e1 complementado con los aportes que el GORE regional de 3 mil millones de pesos que permitir\u00e1n adquirir el pr\u00f3ximo a\u00f1o 30 nuevas unidades y 2 lanchas para contribuir a la seguridad de la regi\u00f3n.<\/p>\n<p class=\"v1MsoNormal\" style=\"text-align: justify;\">Tras recorrer m\u00e1s de 2 mil kil\u00f3metros por tierra a trav\u00e9s de barcazas, cinco veh\u00edculos policiales arribaron a la regi\u00f3n de Ays\u00e9n, en apoyo a la funci\u00f3n que realiza Carabineros de Chile, orientados brindar m\u00e1s prevenci\u00f3n y seguridad a nuestros vecinos.<\/p>\n<p class=\"v1MsoNormal\" style=\"text-align: justify;\">La ceremonia de entrega desarrollada en el Estadio Regional del IND comenz\u00f3 con un toque de silencio en reconocimiento a los h\u00e9roes o m\u00e1rtires institucionales quienes a lo largo de la historia han rendido la vida en resguardo de la seguridad, el orden y la patria.<\/p>\n<p class=\"v1MsoNormal\" style=\"text-align: justify;\">Dicha actividad cont\u00f3 con la presencia del Delegado Presidencial Regional de Ays\u00e9n, Rodrigo Araya Morales, la Gobernadora Regional Andrea Mac\u00edas Palma entre otras autoridades, dirigentes vecinales, sumado a la instalaci\u00f3n de los servicios especializados de carabineros, su Banda Instrumental y llegada del viejito pascuero a bordo del helic\u00f3ptero institucional sorprendiendo a ni\u00f1os de los distintos jardines infantiles que participaron de una actividad dirig\u00eda a la comunidad.<\/p>\n<p class=\"v1MsoNormal\" style=\"text-align: justify;\"><b>Distribuci\u00f3n\u00a0<\/b><\/p>\n<p class=\"v1MsoNormal\" style=\"text-align: justify;\">Se trata de cinco modernos carros policiales, de los cuales dos est\u00e1n destinados a la ciudad de Coyhaique, uno a Puerto Ays\u00e9n, otro a Melinka y uno a Villa Ortega, unidades que van en directo beneficio de la comunidad, permitiendo optimizar los tiempos de respuesta, brindar m\u00e1s prevenci\u00f3n, m\u00e1s seguridad y en definitiva un mejor servicio policial.<\/p>\n<p class=\"v1MsoNormal\" style=\"text-align: justify;\">El Jefe de Zona de Carabineros Ays\u00e9n, General Patricio Javier Santos Poblete, indic\u00f3 que \u00abeste hito corresponde a un proceso que se est\u00e1 desarrollando a nivel nacional gracias a una iniciativa del gobierno de poder reponer toda la flota vehicular que cumpli\u00f3 su vida \u00fatil y que se encuentra fuera de uso. En una primera etapa se ha adquirido cerca de 1.024 veh\u00edculos de los cuales se entregaron -en la primera partida 236- de esos, cinco est\u00e1n aqu\u00ed y vienen a aportar a nuestra regi\u00f3n. Paralelamente el Gobierno Regional aprob\u00f3 la transferencia de cerca de 3 mil millones de pesos que va a permitir -dentro del primer semestre (de 2023)- la adquisici\u00f3n de cerca de 30 veh\u00edculos y dos lanchas para la regi\u00f3n.<\/p>\n<p class=\"v1MsoNormal\" style=\"text-align: justify;\">\u00abM\u00e1s veh\u00edculos es disminuir los tiempos de respuesta operativa en la atenci\u00f3n de emergencias, es detener m\u00e1s personas en flagrancia y sobre todo es llevar mejores condiciones de seguridad a nuestros carabineros\u00bb, expres\u00f3.<\/p>\n<p class=\"v1MsoNormal\" style=\"text-align: justify;\"><b>\u00abCarabineros previene controlando\u00bb<\/b><\/p>\n<p class=\"v1MsoNormal\" style=\"text-align: justify;\">Se trata de carros dotados de moderna tecnolog\u00eda, los cuales poseen c\u00e1maras tanto frontales como posteriores, posibilitando registrar evidencia y disuadir a quienes tienen la intenci\u00f3n de cometer contravenciones.<\/p>\n<p class=\"v1MsoNormal\" style=\"text-align: justify;\">\u00abEl delito es el efecto observable de la desviaci\u00f3n social y esta tiene origen multicausal\u00bb, complement\u00f3 el Jefe de Zona, quien recalc\u00f3 la necesidad de participar en rutinas de control informal. \u00abQue la familia y la comunidad organizada no abandonen su deber en el proceso de socializaci\u00f3n, como es transferir valores y regular las rutinas cotidianas que desarrollan las personas que integran nuestra comunidad\u00bb, expres\u00f3.<\/p>\n<p class=\"v1MsoNormal\" style=\"text-align: justify;\">Lo anterior requiere de un trabajo articulado entre las diferentes instituciones con la finalidad de controlar aquellos elementos que generan la desviaci\u00f3n social.<\/p>\n<p class=\"v1MsoNormal\" style=\"text-align: justify;\">\u00abCarabineros previene controlando, nos hacemos cargo del control social formal, esa nuestra misi\u00f3n y orientamos el patrullaje preventivo en los focos delictuales definidos a trav\u00e9s del an\u00e1lisis criminal, proceso que complementamos con la informaci\u00f3n que nos entregan las distintas organizaciones comunitarias y los vecinos\u00bb, expres\u00f3.<\/p>\n<p class=\"v1MsoNormal\" style=\"text-align: justify;\"><b>Resultados de la labor<\/b><\/p>\n<p class=\"v1MsoNormal\" style=\"text-align: justify;\">El Jefe de Zona a\u00f1adi\u00f3 que entre un 20 a un 25% de la labor correspondiente al control y detenci\u00f3n, se efectuaron en lugares indicados por la propia comunidad, lo cual corresponde al an\u00e1lisis criminal integrado sumado a la informaci\u00f3n aportada por los vecinos.<\/p>\n<p class=\"v1MsoNormal\" style=\"text-align: justify;\">A un mes de finalizar el presente a\u00f1o, Carabineros ha efectuado 120 mil controles en la regi\u00f3n de Ays\u00e9n, con 2.900 personas detenidas, de las cuales 509 son por delitos de mayor connotaci\u00f3n social, 445 por \u00f3rdenes judiciales pendientes, 439 por conducci\u00f3n bajo la influencia del alcohol y droga, 237 por violencia intrafamiliar (de las cuales el 90% de las v\u00edctimas eran mujeres) logrando contribuir a la prevenci\u00f3n del femicidio en la regi\u00f3n, en tanto que otras 172 personas han sido detenidas por infracci\u00f3n a la ley de armas y drogas y otras cerca de 1.000 personas por incivilidades y delitos menores.<\/p>\n<p class=\"v1MsoNormal\" style=\"text-align: justify;\">\u00abAsimismo hemos informado a los municipio la participaci\u00f3n de alrededor de 650 ni\u00f1os, ni\u00f1as y adolescentes me refiero a personas menores de 18 a\u00f1os que se han involucrado en actividades delictivas como infractores de ley y tambi\u00e9n como personas vulneradas en sus derechos, para articular\u00a0 a la red corresponsable en la intervenci\u00f3n temprana psico social de tal forma de corregir en base aquellos elementos de desviaci\u00f3n social que m\u00e1s adelante los va a llevar por un camino de delincuencia\u00bb, complement\u00f3.<\/p>\n<p class=\"v1MsoNormal\" style=\"text-align: justify;\"><b>\u00abDebemos apostar por la prevenci\u00f3n\u00bb<\/b><\/p>\n<p class=\"v1MsoNormal\" style=\"text-align: justify;\">Por su parte la Gobernadora de Ays\u00e9n, Andrea Mac\u00edas Palma resalt\u00f3 el compromiso con la seguridad tras la aprobaci\u00f3n de m\u00e1s de 3 mil millones de pesos que permitir\u00e1n la adquisici\u00f3n de medios terrestres y lanchas para el servicio policial.<\/p>\n<p class=\"v1MsoNormal\" style=\"text-align: justify;\">\u00abLa seguridad p\u00fablica es una materia que no se puede realizar bajo la responsabilidad de solo una instituci\u00f3n. \u00abDebemos comprender que todos somos necesarios para poder hacer frente a las incivilidades que vivimos de manera permanente a los aumentos de los distintos tipos de delitos, pero tambi\u00e9n debemos tener mucha claridad de que si queremos dar un giro relevante, debemos apostar por la prevenci\u00f3n\u00bb, expres\u00f3 la autoridad quien destac\u00f3 el rol de los dirigentes sociales.<\/p>\n<p class=\"v1MsoNormal\" style=\"text-align: justify;\">\u00abTrabajar por el desarrollo de nuestra regi\u00f3n implica tambi\u00e9n una mejora en la calidad de vida y, esta calidad de vida, mejora cuando vivimos en espacios seguros, espacios donde uno pueda estar tranquilo con su familia y poder ejercer la vida en comunidad\u00bb, a\u00f1adi\u00f3.<\/p>\n<p class=\"v1MsoNormal\" style=\"text-align: justify;\"><b>Modernizaci\u00f3n de la flota<\/b><\/p>\n<p class=\"v1MsoNormal\" style=\"text-align: justify;\">En esta misma l\u00ednea, el Delegado Presidencial Regional de Ays\u00e9n, Rodrigo Araya Morales, coincidi\u00f3 en que \u00abel tema de la seguridad es una labor que tenemos que confeccionar entre todos. Desde el Gobierno Regional y desde la Delegaci\u00f3n Presidencial estamos comprometidos con ello, en seguir actuando coordinadamente y haciendo todo lo posible para que los vecinos est\u00e9n en sus comunidades de manera segura y tranquila\u00bb.<\/p>\n<p class=\"v1MsoNormal\" style=\"text-align: justify;\">\u00abCon la llegada de estos cinco veh\u00edculos nuestro gobierno est\u00e1 cumpliendo con apoyar la modernizaci\u00f3n de la flota (&#8230;). Estos cinco veh\u00edculos vienen \u2013en esta primera fase- a reponer aquellos que estaban fuera de circulaci\u00f3n y esperamos que al t\u00e9rmino de nuestro periodo se puedan seguir incorporando a la flota nuevos veh\u00edculos. Estamos trabajando en conjunto y de manera cohesionada en pos de mejorar la seguridad p\u00fablica en nuestra regi\u00f3n\u00bb, complement\u00f3 la autoridad regional.<\/p>\n<p class=\"v1MsoNormal\" style=\"text-align: justify;\"><b>Inversi\u00f3n en seguridad<\/b><\/p>\n<p class=\"v1MsoNormal\" style=\"text-align: justify;\">El General Santos agradeci\u00f3 de manera p\u00fablica a la Gobernadora Regional Andrea Mac\u00edas Palma y a los Consejeros Regionales por la aprobaci\u00f3n de la transferencia de cerca de 3 mil millones de pesos, para la adquisici\u00f3n de 35 veh\u00edculos y dos lanchas que se sumar\u00e1n al trabajo institucional, permitiendo llevar la presencia del Estado a aquellos rincones donde chilenos hacen soberan\u00eda y viven en condiciones dif\u00edciles de imaginar y donde Carabineros los apoya solidariamente.<\/p>\n<p class=\"v1MsoNormal\" style=\"text-align: justify;\">\u00abEstamos felices porque contamos con mejores herramientas para entregar seguridad y tranquilidad a la comunidad y porque tener veh\u00edculos nuevos implica haber escuchado y responder a las necesidades de la ciudadan\u00eda. Es crecer y avanzar en nuestro proceso de reforma y modernizaci\u00f3n, carabineros mejor preparados y con mejor equipamiento, necesariamente van a efectuar mejores servicios, estrechando el v\u00ednculo con la comunidad\u00bb, expres\u00f3 el jefe de la polic\u00eda uniformada de la regi\u00f3n de Ays\u00e9n.<\/p>\n<\/div><\/section><\/div><div  style='height:50px' class='hr hr-invisible   avia-builder-el-6  el_after_av_one_full  el_before_av_social_share '><span class='hr-inner ' ><span class='hr-inner-style'><\/span><\/span><\/div><\/p>\n<div  class='av-social-sharing-box  avia-builder-el-7  el_after_av_hr  el_before_av_hr  '><div class='av-share-box'><h5 class='av-share-link-description av-no-toc '>Compartir esta noticia<\/h5><ul class='av-share-box-list noLightbox'><li class='av-share-link av-social-link-facebook' ><a target=\"_blank\" aria-label=\"Compartir en Facebook\" href='https:\/\/www.facebook.com\/sharer.php?u=https:\/\/radiorevelacionfm.cl\/?p=24952&#038;t=Carabineros%20moderniza%20su%20flota%20e%20incorpora%20cinco%20carros%20al%20servicio%20policial%20en%20la%20regi%C3%B3n' aria-hidden='false' data-av_icon='\ue8f3' data-av_iconfont='entypo-fontello' title='' data-avia-related-tooltip='Compartir en Facebook' rel=\"noopener\"><span class='avia_hidden_link_text'>Compartir en Facebook<\/span><\/a><\/li><li class='av-share-link av-social-link-twitter' ><a target=\"_blank\" aria-label=\"Compartir en Twitter\" href='https:\/\/twitter.com\/share?text=Carabineros%20moderniza%20su%20flota%20e%20incorpora%20cinco%20carros%20al%20servicio%20policial%20en%20la%20regi%C3%B3n&#038;url=https:\/\/radiorevelacionfm.cl\/?p=24952' aria-hidden='false' data-av_icon='\ue8f1' data-av_iconfont='entypo-fontello' title='' data-avia-related-tooltip='Compartir en Twitter' rel=\"noopener\"><span class='avia_hidden_link_text'>Compartir en Twitter<\/span><\/a><\/li><li class='av-share-link av-social-link-whatsapp' ><a target=\"_blank\" aria-label=\"Compartir en Whatsapp\" href='https:\/\/api.whatsapp.com\/send?text=https:\/\/radiorevelacionfm.cl\/?p=24952' aria-hidden='false' data-av_icon='\uf232' data-av_iconfont='entypo-fontello' title='' data-avia-related-tooltip='Compartir en Whatsapp' rel=\"noopener\"><span class='avia_hidden_link_text'>Compartir en Whatsapp<\/span><\/a><\/li><li class='av-share-link av-social-link-linkedin' ><a target=\"_blank\" aria-label=\"Compartir en LinkedIn\" href='https:\/\/linkedin.com\/shareArticle?mini=true&#038;title=Carabineros%20moderniza%20su%20flota%20e%20incorpora%20cinco%20carros%20al%20servicio%20policial%20en%20la%20regi%C3%B3n&#038;url=https:\/\/radiorevelacionfm.cl\/?p=24952' aria-hidden='false' data-av_icon='\ue8fc' data-av_iconfont='entypo-fontello' title='' data-avia-related-tooltip='Compartir en LinkedIn' rel=\"noopener\"><span class='avia_hidden_link_text'>Compartir en LinkedIn<\/span><\/a><\/li><li class='av-share-link av-social-link-mail' ><a  aria-label=\"Compartir por correo\" href='mailto:?subject=Carabineros%20moderniza%20su%20flota%20e%20incorpora%20cinco%20carros%20al%20servicio%20policial%20en%20la%20regi%C3%B3n&#038;body=https:\/\/radiorevelacionfm.cl\/?p=24952' aria-hidden='false' data-av_icon='\ue805' data-av_iconfont='entypo-fontello' title='' data-avia-related-tooltip='Compartir por correo'><span class='avia_hidden_link_text'>Compartir por correo<\/span><\/a><\/li><\/ul><\/div><\/div>\n<div  style='height:50px' class='hr hr-invisible   avia-builder-el-8  el_after_av_social_share  el_before_av_comments_list '><span class='hr-inner ' ><span class='hr-inner-style'><\/span><\/span><\/div>\n<div  class='av-buildercomment  av-blog-meta-html-info-disabled av-blog-meta-tag-disabled  '><\/div>\n","protected":false},"excerpt":{"rendered":"","protected":false},"author":1,"featured_media":24953,"comment_status":"open","ping_status":"open","sticky":false,"template":"","format":"standard","meta":{"footnotes":""},"categories":[36],"tags":[],"class_list":["post-24952","post","type-post","status-publish","format-standard","has-post-thumbnail","hentry","category-policial"],"jetpack_featured_media_url":"https:\/\/radiorevelacionfm.cl\/wp-content\/uploads\/2022\/12\/0ef963f8-c7d2-4f56-a8b8-8d681cfddb66-1-1.jpg","_links":{"self":[{"href":"https:\/\/radiorevelacionfm.cl\/index.php?rest_route=\/wp\/v2\/posts\/24952","targetHints":{"allow":["GET"]}}],"collection":[{"href":"https:\/\/radiorevelacionfm.cl\/index.php?rest_route=\/wp\/v2\/posts"}],"about":[{"href":"https:\/\/radiorevelacionfm.cl\/index.php?rest_route=\/wp\/v2\/types\/post"}],"author":[{"embeddable":true,"href":"https:\/\/radiorevelacionfm.cl\/index.php?rest_route=\/wp\/v2\/users\/1"}],"replies":[{"embeddable":true,"href":"https:\/\/radiorevelacionfm.cl\/index.php?rest_route=%2Fwp%2Fv2%2Fcomments&post=24952"}],"version-history":[{"count":2,"href":"https:\/\/radiorevelacionfm.cl\/index.php?rest_route=\/wp\/v2\/posts\/24952\/revisions"}],"predecessor-version":[{"id":24955,"href":"https:\/\/radiorevelacionfm.cl\/index.php?rest_route=\/wp\/v2\/posts\/24952\/revisions\/24955"}],"wp:featuredmedia":[{"embeddable":true,"href":"https:\/\/radiorevelacionfm.cl\/index.php?rest_route=\/wp\/v2\/media\/24953"}],"wp:attachment":[{"href":"https:\/\/radiorevelacionfm.cl\/index.php?rest_route=%2Fwp%2Fv2%2Fmedia&parent=24952"}],"wp:term":[{"taxonomy":"category","embeddable":true,"href":"https:\/\/radiorevelacionfm.cl\/index.php?rest_route=%2Fwp%2Fv2%2Fcategories&post=24952"},{"taxonomy":"post_tag","embeddable":true,"href":"https:\/\/radiorevelacionfm.cl\/index.php?rest_route=%2Fwp%2Fv2%2Ftags&post=24952"}],"curies":[{"name":"wp","href":"https:\/\/api.w.org\/{rel}","templated":true}]}}