{"id":24939,"date":"2022-12-02T15:11:43","date_gmt":"2022-12-02T18:11:43","guid":{"rendered":"https:\/\/radiorevelacionfm.cl\/?p=24939"},"modified":"2022-12-02T15:59:32","modified_gmt":"2022-12-02T18:59:32","slug":"emprendedora-de-aysen-recibe-distincion-a-nivel-nacional-mujer-exporta-2022","status":"publish","type":"post","link":"https:\/\/radiorevelacionfm.cl\/?p=24939","title":{"rendered":"Emprendedora de Ays\u00e9n recibe distinci\u00f3n a nivel nacional \u00abMujer Exporta 2022\u00bb"},"content":{"rendered":"<div class=\"flex_column av_one_full  flex_column_div av-zero-column-padding first  avia-builder-el-0  el_before_av_one_full  avia-builder-el-first  \" style='border-radius:0px; '><div  class='avia-image-container  av-styling-    avia-builder-el-1  avia-builder-el-no-sibling  avia-align-center '  itemprop=\"image\" itemscope=\"itemscope\" itemtype=\"https:\/\/schema.org\/ImageObject\"  ><div class='avia-image-container-inner'><div class='avia-image-overlay-wrap'><img decoding=\"async\" class='wp-image-24940 avia-img-lazy-loading-not-24940 avia_image' src=\"https:\/\/radiorevelacionfm.cl\/wp-content\/uploads\/2022\/12\/317092320_633797808536077_22338204942013636_n-1.jpg\" alt='' title='317092320_633797808536077_22338204942013636_n (1)' height=\"610\" width=\"720\"  itemprop=\"thumbnailUrl\" srcset=\"https:\/\/radiorevelacionfm.cl\/wp-content\/uploads\/2022\/12\/317092320_633797808536077_22338204942013636_n-1.jpg 720w, https:\/\/radiorevelacionfm.cl\/wp-content\/uploads\/2022\/12\/317092320_633797808536077_22338204942013636_n-1-300x254.jpg 300w, https:\/\/radiorevelacionfm.cl\/wp-content\/uploads\/2022\/12\/317092320_633797808536077_22338204942013636_n-1-705x597.jpg 705w, https:\/\/radiorevelacionfm.cl\/wp-content\/uploads\/2022\/12\/317092320_633797808536077_22338204942013636_n-1-600x508.jpg 600w\" sizes=\"(max-width: 720px) 100vw, 720px\" \/><\/div><\/div><\/div><\/div>\n<div class=\"flex_column av_one_full  flex_column_div av-zero-column-padding first  avia-builder-el-2  el_after_av_one_full  el_before_av_one_full  column-top-margin\" style='border-radius:0px; '><section class=\"av_textblock_section \"  itemscope=\"itemscope\" itemtype=\"https:\/\/schema.org\/BlogPosting\" itemprop=\"blogPost\" ><div class='avia_textblock  '   itemprop=\"text\" ><p style=\"text-align: center;\"><strong><span style=\"font-size: 18pt;\">Emprendedora de Ays\u00e9n recibe distinci\u00f3n a nivel nacional \u00abMujer Exporta 2022\u00bb<\/span><\/strong><\/p>\n<div id=\"gtx-trans\" style=\"position: absolute; left: -50px; top: 4.31534px;\">\n<div class=\"gtx-trans-icon\"><\/div>\n<\/div>\n<\/div><\/section><\/div>\n<div class=\"flex_column av_one_full  flex_column_div av-zero-column-padding first  avia-builder-el-4  el_after_av_one_full  el_before_av_hr  column-top-margin\" style='border-radius:0px; '><section class=\"av_textblock_section \"  itemscope=\"itemscope\" itemtype=\"https:\/\/schema.org\/BlogPosting\" itemprop=\"blogPost\" ><div class='avia_textblock  '   itemprop=\"text\" ><p style=\"text-align: justify;\">Un total de 16 empresas lideradas por mujeres, una por cada regi\u00f3n del pa\u00eds, fueron premiadas en la <strong>primera edici\u00f3n de la Distinci\u00f3n Mujer Exporta<\/strong>, organizada por ProChile.<\/p>\n<p style=\"text-align: justify;\">Por la regi\u00f3n de Ays\u00e9n recibi\u00f3 el reconocimiento Carolina Jara Sanhueza, de la reconocida marca regional de jugos, SUR YUIS, en la categor\u00eda Compromiso con la internacionalizaci\u00f3n, galard\u00f3n que destaca el trabajo como empresaria, su constancia e innovaci\u00f3n.<\/p>\n<p style=\"text-align: justify;\">Se trata de un programa de la instituci\u00f3n que, a trav\u00e9s de las etapas de formaci\u00f3n, promoci\u00f3n e internacionalizaci\u00f3n, busca disminuir las brechas y las inequidades que afectan a la mujer en los \u00e1mbitos: social, cultural y comercial a nivel local e internacional.<\/p>\n<p style=\"text-align: justify;\">En el Centro Cultural La Moneda se dieron cita la Subsecretaria de la Mujer y la Equidad de G\u00e9nero, Luz Vidal, la Directora General de Asuntos Multilaterales de Subrei, Marcela Otero y la Directora General (s) de ProChile, Paulina Valderrama; adem\u00e1s de emprendedoras y empresarias de todo el pa\u00eds y representantes del mundo p\u00fablico y privado.<\/p>\n<p style=\"text-align: justify;\">Asimismo, en el contexto de la premiaci\u00f3n, la primera chilena mic\u00f3loga e investigadora Giuliana Furci encant\u00f3 a los presentes con su reflexi\u00f3n acerca del mundo de los hongos y la actividad cerr\u00f3 con la exhibici\u00f3n del premiado cortometraje Estrellas del Desierto, de la directora iquique\u00f1a Katherine Harder.<\/p>\n<p style=\"text-align: justify;\">El encuentro se realiz\u00f3 en la Cineteca Nacional como una se\u00f1al clara de la importancia de la colaboraci\u00f3n entre organizaciones de diferentes \u00e1mbitos a los que une el compromiso con una sociedad menos hostil, m\u00e1s amable y comprometida con la disminuci\u00f3n de las brechas que afectan a las mujeres y con la valoraci\u00f3n del protagonismo de estas en todo \u00e1mbito de la sociedad.<\/p>\n<p style=\"text-align: justify;\">\u201cHoy iniciamos la entrega anual de la Distinci\u00f3n Mujer Exporta a emprendedoras que representan diferentes territorios a lo largo del pa\u00eds y que fueron seleccionadas desde sus regiones de origen. Queremos que la oferta de productos y servicios de empresas chilenas lideradas por mujeres salgan al mundo de la mano de sus realidades y territorios\u201d, explic\u00f3 la Directora General (s) de ProChile, Paulina Valderrama.<\/p>\n<p style=\"text-align: justify;\">Y agreg\u00f3 que \u201cpara el a\u00f1o que viene, se espera focalizar las acciones en la internacionalizaci\u00f3n, generando espacios y acciones que den oportunidades de negocios y prospecci\u00f3n de mercados. En paralelo, continuaremos con los espacios de formaci\u00f3n que permitan abordar las exportaciones de manera sostenible, aportando informaci\u00f3n id\u00f3nea en el proceso de toma de decisiones. Y con exportaciones sostenibles, me refiero a incorporar el modelo de triple impacto a la vez de fomentar su permanencia en el tiempo\u201d.<\/p>\n<p style=\"text-align: justify;\">El premio Mujer exporta se eligi\u00f3 en base a seis categor\u00edas que responden al compromiso de ProChile con proponer medidas que incidan en el cumplimiento de los Objetivos de Desarrollo Sostenibles 2030 propuestos por la Organizaci\u00f3n de Naciones Unidas\u201d. As\u00ed, las categor\u00edas fueron:<\/p>\n<ol style=\"text-align: justify;\">\n<li>Compromiso con la internacionalizaci\u00f3n<\/li>\n<li>Aporte al empleo femenino<\/li>\n<li>Relevancia en el territorio (trabajo con comunidades)<\/li>\n<li>Compromiso con el triple impacto<\/li>\n<li>Transformaci\u00f3n digital y gesti\u00f3n del cambio<\/li>\n<li>Ciencia, Tecnolog\u00eda e Innovaci\u00f3n<\/li>\n<\/ol>\n<p style=\"text-align: justify;\">\u201cUno de los principales objetivos de la Subsecretar\u00eda de Relaciones Econ\u00f3micas Internacionales es promover una pol\u00edtica comercial sostenible e inclusiva. Estamos trabajando para que los beneficios del comercio y la inversi\u00f3n se compartan de manera m\u00e1s amplia, y que puedan tener un impacto positivo en el crecimiento econ\u00f3mico y en la reducci\u00f3n de la desigualdad\u201d, declar\u00f3\u00a0Marcela Otero, Directora General de Asuntos Econ\u00f3micos Multilaterales de SUBREI.<\/p>\n<p style=\"text-align: justify;\">Por su parte, la\u00a0Subsecretaria de la Mujer y la Equidad de G\u00e9nero, Luz Vidal,\u00a0se\u00f1al\u00f3 que \u00abtenemos el compromiso de apoyar a las mujeres en todos los planos en que est\u00e9n subrepresentadas, siendo el comercio exterior uno de ellos. Las mujeres debemos acceder a todos las actividades humanas, en igualdad de condiciones que los hombres, y si no estamos representadas en todos los espacios, debemos ocuparnos en atender los factores que inciden en las brechas con las que nos podamos encontrar. Brechas en acceso a financiamiento, innovaci\u00f3n, mercados, asistencia y apoyo de las instituciones estatales\u00bb.<\/p>\n<\/div><\/section><\/div><div  style='height:50px' class='hr hr-invisible   avia-builder-el-6  el_after_av_one_full  el_before_av_social_share '><span class='hr-inner ' ><span class='hr-inner-style'><\/span><\/span><\/div><\/p>\n<div  class='av-social-sharing-box  avia-builder-el-7  el_after_av_hr  el_before_av_hr  '><div class='av-share-box'><h5 class='av-share-link-description av-no-toc '>Compartir esta noticia<\/h5><ul class='av-share-box-list noLightbox'><li class='av-share-link av-social-link-facebook' ><a target=\"_blank\" aria-label=\"Compartir en Facebook\" href='https:\/\/www.facebook.com\/sharer.php?u=https:\/\/radiorevelacionfm.cl\/?p=24939&#038;t=Emprendedora%20de%20Ays%C3%A9n%20recibe%20distinci%C3%B3n%20a%20nivel%20nacional%20%C2%ABMujer%20Exporta%202022%C2%BB' aria-hidden='false' data-av_icon='\ue8f3' data-av_iconfont='entypo-fontello' title='' data-avia-related-tooltip='Compartir en Facebook' rel=\"noopener\"><span class='avia_hidden_link_text'>Compartir en Facebook<\/span><\/a><\/li><li class='av-share-link av-social-link-twitter' ><a target=\"_blank\" aria-label=\"Compartir en Twitter\" href='https:\/\/twitter.com\/share?text=Emprendedora%20de%20Ays%C3%A9n%20recibe%20distinci%C3%B3n%20a%20nivel%20nacional%20%C2%ABMujer%20Exporta%202022%C2%BB&#038;url=https:\/\/radiorevelacionfm.cl\/?p=24939' aria-hidden='false' data-av_icon='\ue8f1' data-av_iconfont='entypo-fontello' title='' data-avia-related-tooltip='Compartir en Twitter' rel=\"noopener\"><span class='avia_hidden_link_text'>Compartir en Twitter<\/span><\/a><\/li><li class='av-share-link av-social-link-whatsapp' ><a target=\"_blank\" aria-label=\"Compartir en Whatsapp\" href='https:\/\/api.whatsapp.com\/send?text=https:\/\/radiorevelacionfm.cl\/?p=24939' aria-hidden='false' data-av_icon='\uf232' data-av_iconfont='entypo-fontello' title='' data-avia-related-tooltip='Compartir en Whatsapp' rel=\"noopener\"><span class='avia_hidden_link_text'>Compartir en Whatsapp<\/span><\/a><\/li><li class='av-share-link av-social-link-linkedin' ><a target=\"_blank\" aria-label=\"Compartir en LinkedIn\" href='https:\/\/linkedin.com\/shareArticle?mini=true&#038;title=Emprendedora%20de%20Ays%C3%A9n%20recibe%20distinci%C3%B3n%20a%20nivel%20nacional%20%C2%ABMujer%20Exporta%202022%C2%BB&#038;url=https:\/\/radiorevelacionfm.cl\/?p=24939' aria-hidden='false' data-av_icon='\ue8fc' data-av_iconfont='entypo-fontello' title='' data-avia-related-tooltip='Compartir en LinkedIn' rel=\"noopener\"><span class='avia_hidden_link_text'>Compartir en LinkedIn<\/span><\/a><\/li><li class='av-share-link av-social-link-mail' ><a  aria-label=\"Compartir por correo\" href='mailto:?subject=Emprendedora%20de%20Ays%C3%A9n%20recibe%20distinci%C3%B3n%20a%20nivel%20nacional%20%C2%ABMujer%20Exporta%202022%C2%BB&#038;body=https:\/\/radiorevelacionfm.cl\/?p=24939' aria-hidden='false' data-av_icon='\ue805' data-av_iconfont='entypo-fontello' title='' data-avia-related-tooltip='Compartir por correo'><span class='avia_hidden_link_text'>Compartir por correo<\/span><\/a><\/li><\/ul><\/div><\/div>\n<div  style='height:50px' class='hr hr-invisible   avia-builder-el-8  el_after_av_social_share  el_before_av_comments_list '><span class='hr-inner ' ><span class='hr-inner-style'><\/span><\/span><\/div>\n<div  class='av-buildercomment  av-blog-meta-html-info-disabled av-blog-meta-tag-disabled  '><\/div>\n","protected":false},"excerpt":{"rendered":"","protected":false},"author":1,"featured_media":24940,"comment_status":"open","ping_status":"open","sticky":false,"template":"","format":"standard","meta":{"footnotes":""},"categories":[38],"tags":[],"class_list":["post-24939","post","type-post","status-publish","format-standard","has-post-thumbnail","hentry","category-regional"],"jetpack_featured_media_url":"https:\/\/radiorevelacionfm.cl\/wp-content\/uploads\/2022\/12\/317092320_633797808536077_22338204942013636_n-1.jpg","_links":{"self":[{"href":"https:\/\/radiorevelacionfm.cl\/index.php?rest_route=\/wp\/v2\/posts\/24939","targetHints":{"allow":["GET"]}}],"collection":[{"href":"https:\/\/radiorevelacionfm.cl\/index.php?rest_route=\/wp\/v2\/posts"}],"about":[{"href":"https:\/\/radiorevelacionfm.cl\/index.php?rest_route=\/wp\/v2\/types\/post"}],"author":[{"embeddable":true,"href":"https:\/\/radiorevelacionfm.cl\/index.php?rest_route=\/wp\/v2\/users\/1"}],"replies":[{"embeddable":true,"href":"https:\/\/radiorevelacionfm.cl\/index.php?rest_route=%2Fwp%2Fv2%2Fcomments&post=24939"}],"version-history":[{"count":4,"href":"https:\/\/radiorevelacionfm.cl\/index.php?rest_route=\/wp\/v2\/posts\/24939\/revisions"}],"predecessor-version":[{"id":24943,"href":"https:\/\/radiorevelacionfm.cl\/index.php?rest_route=\/wp\/v2\/posts\/24939\/revisions\/24943"}],"wp:featuredmedia":[{"embeddable":true,"href":"https:\/\/radiorevelacionfm.cl\/index.php?rest_route=\/wp\/v2\/media\/24940"}],"wp:attachment":[{"href":"https:\/\/radiorevelacionfm.cl\/index.php?rest_route=%2Fwp%2Fv2%2Fmedia&parent=24939"}],"wp:term":[{"taxonomy":"category","embeddable":true,"href":"https:\/\/radiorevelacionfm.cl\/index.php?rest_route=%2Fwp%2Fv2%2Fcategories&post=24939"},{"taxonomy":"post_tag","embeddable":true,"href":"https:\/\/radiorevelacionfm.cl\/index.php?rest_route=%2Fwp%2Fv2%2Ftags&post=24939"}],"curies":[{"name":"wp","href":"https:\/\/api.w.org\/{rel}","templated":true}]}}