{"id":24935,"date":"2022-12-02T11:23:19","date_gmt":"2022-12-02T14:23:19","guid":{"rendered":"https:\/\/radiorevelacionfm.cl\/?p=24935"},"modified":"2022-12-02T11:23:19","modified_gmt":"2022-12-02T14:23:19","slug":"juzgado-de-garantia-declaro-admisible-querella-por-femicidio-frustrado-en-coyhaique-interpuesta-por-la-delegacion-presidencial-regional","status":"publish","type":"post","link":"https:\/\/radiorevelacionfm.cl\/?p=24935","title":{"rendered":"Juzgado de Garant\u00eda declar\u00f3 admisible querella por femicidio frustrado en Coyhaique interpuesta por la Delegaci\u00f3n Presidencial Regional"},"content":{"rendered":"<div class=\"flex_column av_one_full  flex_column_div av-zero-column-padding first  avia-builder-el-0  el_before_av_one_full  avia-builder-el-first  \" style='border-radius:0px; '><div  class='avia-image-container  av-styling-    avia-builder-el-1  avia-builder-el-no-sibling  avia-align-center '  itemprop=\"image\" itemscope=\"itemscope\" itemtype=\"https:\/\/schema.org\/ImageObject\"  ><div class='avia-image-container-inner'><div class='avia-image-overlay-wrap'><img decoding=\"async\" class='wp-image-24936 avia-img-lazy-loading-not-24936 avia_image' src=\"https:\/\/radiorevelacionfm.cl\/wp-content\/uploads\/2022\/12\/IMG_7744-1-1.jpg\" alt='' title='IMG_7744 (1) (1)' height=\"600\" width=\"919\"  itemprop=\"thumbnailUrl\" srcset=\"https:\/\/radiorevelacionfm.cl\/wp-content\/uploads\/2022\/12\/IMG_7744-1-1.jpg 919w, https:\/\/radiorevelacionfm.cl\/wp-content\/uploads\/2022\/12\/IMG_7744-1-1-300x196.jpg 300w, https:\/\/radiorevelacionfm.cl\/wp-content\/uploads\/2022\/12\/IMG_7744-1-1-768x501.jpg 768w, https:\/\/radiorevelacionfm.cl\/wp-content\/uploads\/2022\/12\/IMG_7744-1-1-705x460.jpg 705w, https:\/\/radiorevelacionfm.cl\/wp-content\/uploads\/2022\/12\/IMG_7744-1-1-600x392.jpg 600w\" sizes=\"(max-width: 919px) 100vw, 919px\" \/><\/div><\/div><\/div><\/div><div class=\"flex_column av_one_full  flex_column_div av-zero-column-padding first  avia-builder-el-2  el_after_av_one_full  el_before_av_one_full  column-top-margin\" style='border-radius:0px; '><section class=\"av_textblock_section \"  itemscope=\"itemscope\" itemtype=\"https:\/\/schema.org\/BlogPosting\" itemprop=\"blogPost\" ><div class='avia_textblock  '   itemprop=\"text\" ><p style=\"text-align: center;\"><strong><span style=\"font-size: 18pt;\">Juzgado de Garant\u00eda declar\u00f3 admisible querella por femicidio frustrado en Coyhaique interpuesta por la Delegaci\u00f3n Presidencial Regional <\/span><\/strong><\/p>\n<div id=\"gtx-trans\" style=\"position: absolute; left: -50px; top: 4.31534px;\">\n<div class=\"gtx-trans-icon\"><\/div>\n<\/div>\n<\/div><\/section><\/div><div class=\"flex_column av_one_full  flex_column_div av-zero-column-padding first  avia-builder-el-4  el_after_av_one_full  el_before_av_hr  column-top-margin\" style='border-radius:0px; '><section class=\"av_textblock_section \"  itemscope=\"itemscope\" itemtype=\"https:\/\/schema.org\/BlogPosting\" itemprop=\"blogPost\" ><div class='avia_textblock  '   itemprop=\"text\" ><p style=\"font-weight: 400; text-align: justify;\">El Juzgado de Garant\u00eda de Coyhaique declar\u00f3 admisible la querella interpuesta por el Delegado Presidencial Regional de Ays\u00e9n, Rodrigo Araya Morales, por el delito de Femicidio Frustrado, registrado la madrugada del 22 de noviembre pasado en Coyhaique.<\/p>\n<p style=\"font-weight: 400; text-align: justify;\">La querella establece que el delito est\u00e1 contemplado en el art\u00edculo 390 Bis, inciso 1\u00b0 del C\u00f3digo Penal, adem\u00e1s de alterar la seguridad p\u00fablica, tranquilidad y orden p\u00fablico en la poblaci\u00f3n, lo que sucedi\u00f3 de manera coincidente con las actividades de la campa\u00f1a de prevenci\u00f3n de la violencia contra las mujeres que desarrolla el Gobierno.<\/p>\n<p style=\"font-weight: 400; text-align: justify;\">\u201cDentro de los cinco delitos principales por los cuales estamos trabajando en conjunto, no solo con los municipios, sino que con Carabineros, con PDI, tambi\u00e9n con las juntas vecinales y la comunidad, est\u00e1 la violencia intrafamiliar y la violencia hacia la mujer. Por lo tanto, nosotros enmarcamos dentro de nuestro compromiso como gobierno, no tolerar acciones de este tipo y por eso hemos presentado esta querella\u201d, afirm\u00f3 Rodrigo Araya.<\/p>\n<p style=\"font-weight: 400; text-align: justify;\">En la Regi\u00f3n de Ays\u00e9n la violencia intrafamiliar y violencia de g\u00e9nero est\u00e1n dentro de los cinco delitos prioritarios del Plan Regional de Seguridad P\u00fablica, aprobado por las municipalidades e instituciones participantes que han concordado un fortalecimiento del trabajo intersectorial en esta y otras materias de seguridad ciudadana.<\/p>\n<p style=\"font-weight: 400; text-align: justify;\">\u201cEstamos coordin\u00e1ndonos todas las semanas en nuestro Comit\u00e9 Policial y estamos justamente revisando estos temas. La violencia de g\u00e9nero y la violencia hacia la mujer, la violencia intrafamiliar, donde las mujeres son las principales v\u00edctimas, es uno de los delitos de mayor connotaci\u00f3n en nuestra regi\u00f3n. Por eso, lo hemos incorporado tambi\u00e9n en nuestro Plan de Seguridad Regional y cada comuna que ha trabajado en este tema tambi\u00e9n lo ha implementado. Nosotros reafirmamos esta posici\u00f3n presentando una querella contra quien resulte responsable\u201d, puntualiz\u00f3 el Delegado Presidencial Regional.<\/p>\n<p style=\"font-weight: 400; text-align: justify;\">Desde enero a la fecha, Carabineros registra m\u00e1s de 700 casos de violencia intrafamiliar en la regi\u00f3n, parte de ellos en flagrancia, muy similar al a\u00f1o 2021 cuando se produjeron 837 procedimientos por este tipo de hechos. En tanto, la Polic\u00eda de Investigaciones (PDI) registra 42 procedimientos, 35 denuncias y siete hechos en flagrancia entre enero y noviembre.<\/p>\n<p style=\"font-weight: 400; text-align: justify;\">Cabe se\u00f1alar que la querella se suma al patrocinio legal y querella del Servicio Nacional de la Mujer y la Equidad de G\u00e9nero (SernamEG), servicio que dispone del fono de orientaci\u00f3n 1455, destinado a informar a las mujeres sobre sus derechos, procesos de denuncia y servicios de apoyo, entre otros.<\/p>\n<\/div><\/section><\/div><div  style='height:50px' class='hr hr-invisible   avia-builder-el-6  el_after_av_one_full  el_before_av_social_share '><span class='hr-inner ' ><span class='hr-inner-style'><\/span><\/span><\/div><\/p>\n<div  class='av-social-sharing-box  avia-builder-el-7  el_after_av_hr  el_before_av_hr  '><div class='av-share-box'><h5 class='av-share-link-description av-no-toc '>Compartir esta noticia<\/h5><ul class='av-share-box-list noLightbox'><li class='av-share-link av-social-link-facebook' ><a target=\"_blank\" aria-label=\"Compartir en Facebook\" href='https:\/\/www.facebook.com\/sharer.php?u=https:\/\/radiorevelacionfm.cl\/?p=24935&#038;t=Juzgado%20de%20Garant%C3%ADa%20declar%C3%B3%20admisible%20querella%20por%20femicidio%20frustrado%20en%20Coyhaique%20interpuesta%20por%20la%20Delegaci%C3%B3n%20Presidencial%20Regional' aria-hidden='false' data-av_icon='\ue8f3' data-av_iconfont='entypo-fontello' title='' data-avia-related-tooltip='Compartir en Facebook' rel=\"noopener\"><span class='avia_hidden_link_text'>Compartir en Facebook<\/span><\/a><\/li><li class='av-share-link av-social-link-twitter' ><a target=\"_blank\" aria-label=\"Compartir en Twitter\" href='https:\/\/twitter.com\/share?text=Juzgado%20de%20Garant%C3%ADa%20declar%C3%B3%20admisible%20querella%20por%20femicidio%20frustrado%20en%20Coyhaique%20interpuesta%20por%20la%20Delegaci%C3%B3n%20Presidencial%20Regional&#038;url=https:\/\/radiorevelacionfm.cl\/?p=24935' aria-hidden='false' data-av_icon='\ue8f1' data-av_iconfont='entypo-fontello' title='' data-avia-related-tooltip='Compartir en Twitter' rel=\"noopener\"><span class='avia_hidden_link_text'>Compartir en Twitter<\/span><\/a><\/li><li class='av-share-link av-social-link-whatsapp' ><a target=\"_blank\" aria-label=\"Compartir en Whatsapp\" href='https:\/\/api.whatsapp.com\/send?text=https:\/\/radiorevelacionfm.cl\/?p=24935' aria-hidden='false' data-av_icon='\uf232' data-av_iconfont='entypo-fontello' title='' data-avia-related-tooltip='Compartir en Whatsapp' rel=\"noopener\"><span class='avia_hidden_link_text'>Compartir en Whatsapp<\/span><\/a><\/li><li class='av-share-link av-social-link-linkedin' ><a target=\"_blank\" aria-label=\"Compartir en LinkedIn\" href='https:\/\/linkedin.com\/shareArticle?mini=true&#038;title=Juzgado%20de%20Garant%C3%ADa%20declar%C3%B3%20admisible%20querella%20por%20femicidio%20frustrado%20en%20Coyhaique%20interpuesta%20por%20la%20Delegaci%C3%B3n%20Presidencial%20Regional&#038;url=https:\/\/radiorevelacionfm.cl\/?p=24935' aria-hidden='false' data-av_icon='\ue8fc' data-av_iconfont='entypo-fontello' title='' data-avia-related-tooltip='Compartir en LinkedIn' rel=\"noopener\"><span class='avia_hidden_link_text'>Compartir en LinkedIn<\/span><\/a><\/li><li class='av-share-link av-social-link-mail' ><a  aria-label=\"Compartir por correo\" href='mailto:?subject=Juzgado%20de%20Garant%C3%ADa%20declar%C3%B3%20admisible%20querella%20por%20femicidio%20frustrado%20en%20Coyhaique%20interpuesta%20por%20la%20Delegaci%C3%B3n%20Presidencial%20Regional&#038;body=https:\/\/radiorevelacionfm.cl\/?p=24935' aria-hidden='false' data-av_icon='\ue805' data-av_iconfont='entypo-fontello' title='' data-avia-related-tooltip='Compartir por correo'><span class='avia_hidden_link_text'>Compartir por correo<\/span><\/a><\/li><\/ul><\/div><\/div>\n<div  style='height:50px' class='hr hr-invisible   avia-builder-el-8  el_after_av_social_share  el_before_av_comments_list '><span class='hr-inner ' ><span class='hr-inner-style'><\/span><\/span><\/div>\n<div  class='av-buildercomment  av-blog-meta-html-info-disabled av-blog-meta-tag-disabled  '><\/div>\n","protected":false},"excerpt":{"rendered":"","protected":false},"author":1,"featured_media":24936,"comment_status":"open","ping_status":"open","sticky":false,"template":"","format":"standard","meta":{"footnotes":""},"categories":[38],"tags":[],"class_list":["post-24935","post","type-post","status-publish","format-standard","has-post-thumbnail","hentry","category-regional"],"jetpack_featured_media_url":"https:\/\/radiorevelacionfm.cl\/wp-content\/uploads\/2022\/12\/IMG_7744-1-1.jpg","_links":{"self":[{"href":"https:\/\/radiorevelacionfm.cl\/index.php?rest_route=\/wp\/v2\/posts\/24935","targetHints":{"allow":["GET"]}}],"collection":[{"href":"https:\/\/radiorevelacionfm.cl\/index.php?rest_route=\/wp\/v2\/posts"}],"about":[{"href":"https:\/\/radiorevelacionfm.cl\/index.php?rest_route=\/wp\/v2\/types\/post"}],"author":[{"embeddable":true,"href":"https:\/\/radiorevelacionfm.cl\/index.php?rest_route=\/wp\/v2\/users\/1"}],"replies":[{"embeddable":true,"href":"https:\/\/radiorevelacionfm.cl\/index.php?rest_route=%2Fwp%2Fv2%2Fcomments&post=24935"}],"version-history":[{"count":2,"href":"https:\/\/radiorevelacionfm.cl\/index.php?rest_route=\/wp\/v2\/posts\/24935\/revisions"}],"predecessor-version":[{"id":24938,"href":"https:\/\/radiorevelacionfm.cl\/index.php?rest_route=\/wp\/v2\/posts\/24935\/revisions\/24938"}],"wp:featuredmedia":[{"embeddable":true,"href":"https:\/\/radiorevelacionfm.cl\/index.php?rest_route=\/wp\/v2\/media\/24936"}],"wp:attachment":[{"href":"https:\/\/radiorevelacionfm.cl\/index.php?rest_route=%2Fwp%2Fv2%2Fmedia&parent=24935"}],"wp:term":[{"taxonomy":"category","embeddable":true,"href":"https:\/\/radiorevelacionfm.cl\/index.php?rest_route=%2Fwp%2Fv2%2Fcategories&post=24935"},{"taxonomy":"post_tag","embeddable":true,"href":"https:\/\/radiorevelacionfm.cl\/index.php?rest_route=%2Fwp%2Fv2%2Ftags&post=24935"}],"curies":[{"name":"wp","href":"https:\/\/api.w.org\/{rel}","templated":true}]}}