{"id":24928,"date":"2022-12-01T22:10:23","date_gmt":"2022-12-02T01:10:23","guid":{"rendered":"https:\/\/radiorevelacionfm.cl\/?p=24928"},"modified":"2022-12-01T22:10:23","modified_gmt":"2022-12-02T01:10:23","slug":"carabineros-junto-a-sinapred-onemi-sobrevuelan-zona-de-afectacion-tras-incendio-forestal-camino-a-coyhaique-alto","status":"publish","type":"post","link":"https:\/\/radiorevelacionfm.cl\/?p=24928","title":{"rendered":"Carabineros junto a Sinapred | Onemi sobrevuelan zona de afectaci\u00f3n tras incendio forestal camino a Coyhaique Alto"},"content":{"rendered":"<div class=\"flex_column av_one_full  flex_column_div av-zero-column-padding first  avia-builder-el-0  el_before_av_one_full  avia-builder-el-first  \" style='border-radius:0px; '><div  class='avia-image-container  av-styling-    avia-builder-el-1  avia-builder-el-no-sibling  avia-align-center '  itemprop=\"image\" itemscope=\"itemscope\" itemtype=\"https:\/\/schema.org\/ImageObject\"  ><div class='avia-image-container-inner'><div class='avia-image-overlay-wrap'><img decoding=\"async\" class='wp-image-24929 avia-img-lazy-loading-not-24929 avia_image' src=\"https:\/\/radiorevelacionfm.cl\/wp-content\/uploads\/2022\/12\/Fi7PYQkXoAI5yg5-1-1.jpg\" alt='' title='Fi7PYQkXoAI5yg5 (1) (1)' height=\"600\" width=\"1067\"  itemprop=\"thumbnailUrl\" srcset=\"https:\/\/radiorevelacionfm.cl\/wp-content\/uploads\/2022\/12\/Fi7PYQkXoAI5yg5-1-1.jpg 1067w, https:\/\/radiorevelacionfm.cl\/wp-content\/uploads\/2022\/12\/Fi7PYQkXoAI5yg5-1-1-300x169.jpg 300w, https:\/\/radiorevelacionfm.cl\/wp-content\/uploads\/2022\/12\/Fi7PYQkXoAI5yg5-1-1-1030x579.jpg 1030w, https:\/\/radiorevelacionfm.cl\/wp-content\/uploads\/2022\/12\/Fi7PYQkXoAI5yg5-1-1-768x432.jpg 768w, https:\/\/radiorevelacionfm.cl\/wp-content\/uploads\/2022\/12\/Fi7PYQkXoAI5yg5-1-1-705x396.jpg 705w, https:\/\/radiorevelacionfm.cl\/wp-content\/uploads\/2022\/12\/Fi7PYQkXoAI5yg5-1-1-600x337.jpg 600w\" sizes=\"(max-width: 1067px) 100vw, 1067px\" \/><\/div><\/div><\/div><\/div><div class=\"flex_column av_one_full  flex_column_div av-zero-column-padding first  avia-builder-el-2  el_after_av_one_full  el_before_av_one_full  column-top-margin\" style='border-radius:0px; '><section class=\"av_textblock_section \"  itemscope=\"itemscope\" itemtype=\"https:\/\/schema.org\/BlogPosting\" itemprop=\"blogPost\" ><div class='avia_textblock  '   itemprop=\"text\" ><p style=\"text-align: center;\"><span style=\"font-size: 18pt;\"><b><span lang=\"ES\">Carabineros junto a Sinapred | Onemi sobrevuelan zona de afectaci\u00f3n tras incendio forestal camino a Coyhaique Alto<\/span><\/b><\/span><\/p>\n<div id=\"gtx-trans\" style=\"position: absolute; left: -50px; top: 4.31534px;\">\n<div class=\"gtx-trans-icon\"><\/div>\n<\/div>\n<\/div><\/section><\/div><div class=\"flex_column av_one_full  flex_column_div av-zero-column-padding first  avia-builder-el-4  el_after_av_one_full  el_before_av_hr  column-top-margin\" style='border-radius:0px; '><section class=\"av_textblock_section \"  itemscope=\"itemscope\" itemtype=\"https:\/\/schema.org\/BlogPosting\" itemprop=\"blogPost\" ><div class='avia_textblock  '   itemprop=\"text\" ><p class=\"v1MsoNormal\" style=\"text-align: justify;\"><span lang=\"ES\">Verificar la zona de afectaci\u00f3n y proyecci\u00f3n de incendio forestal que se registra camino a Coyhaique Alto para coordinar la respuesta ante la emergencia, fue el objetivo de un sobrevuelo que realiz\u00f3 esta tarde del Jefe de la XI Zona de Carabineros Ays\u00e9n General Patricio Javier Santos Poblete junto al Director Regional de Sinapred | Onemi, Sidi Bravo Donoso.<\/span><\/p>\n<p class=\"v1MsoNormal\" style=\"text-align: justify;\"><span lang=\"ES\">A bordo del helic\u00f3ptero de Carabineros de Chile, ambas autoridades se trasladaron hasta el lugar del foco de incendio ubicado camino hacia Coyhaique Alto, a unos 42 km hacia el oriente de la capital regional de Ays\u00e9n.<\/span><\/p>\n<p class=\"v1MsoNormal\" style=\"text-align: justify;\"><span lang=\"ES\">\u00abSe puedo evaluar las condiciones topogr\u00e1ficas, el frente de avance del siniestro, su ubicaci\u00f3n y el tipo de combustible, sumado a si hab\u00eda o no viviendas u otros sectores que puedan verse afectados, lo cual se evalu\u00f3 y solo hay una dependencia del propietario del terreno\u00bb, expres\u00f3 el Director Regional de Sinapred | Onemi, Sidi Bravo Donoso.<\/span><\/p>\n<p class=\"v1MsoNormal\" style=\"text-align: justify;\"><span lang=\"ES\">\u00abEs de muy dif\u00edcil acceso, no pueden llegar carros bomba de Bomberos de Coyhaique, por lo tanto, ha desplazado su plan base de Conaf con otras unidades de Ma\u00f1ihuales para combatir este incendio activo\u00bb, a\u00f1adi\u00f3.<\/span><\/p>\n<p class=\"v1MsoNormal\" style=\"text-align: justify;\"><span lang=\"ES\">Bravo precis\u00f3 que, en el transcurso de la tarde, especialistas del organismo de protecci\u00f3n civil junto a Conaf evaluar\u00e1n la situaci\u00f3n con la finalidad de determinar la necesidad o no de solicitar nuevos recursos como las Brifes del Ej\u00e9rcito de Chile.<\/span><\/p>\n<p class=\"v1MsoNormal\" style=\"text-align: justify;\"><span lang=\"ES\">El fuego afecta una zona escarpada con abundante vegetaci\u00f3n, no obstante, las condiciones meteorol\u00f3gicas dan cuenta de una probabilidad de precipitaciones d\u00e9biles en la tarde noche, no obstante, la condici\u00f3n de viento podr\u00eda aumentar el avance del fuego en el sector.\u00a0<\/span><\/p>\n<p class=\"v1MsoNormal\" style=\"text-align: justify;\"><b><span lang=\"ES\">Hecho ser\u00e1 informado a la Fiscal\u00eda<\/span><\/b><\/p>\n<p class=\"v1MsoNormal\" style=\"text-align: justify;\"><span lang=\"ES\">Por su parte el Jefe de la XI Zona de Carabineros Ays\u00e9n General Patricio Javier Santos Poblete, indic\u00f3 que seg\u00fan las primeras estimaciones la superficie de afectaci\u00f3n alcanza a 11,6 hect\u00e1reas, sin que exista riesgo para personas.<\/span><\/p>\n<p class=\"v1MsoNormal\" style=\"text-align: justify;\"><span lang=\"ES\">Los antecedentes de esta emergencia ser\u00e1n puestos en conocimiento de la Fiscal\u00eda con la finalidad de iniciar las diligencias investigativas y determinar eventuales responsabilidades.<\/span><\/p>\n<p class=\"v1MsoNormal\" style=\"text-align: justify;\"><span lang=\"ES\">\u00abSe van a dar las cuentas respectivas a trav\u00e9s de la Tenencia Coyhaique Alto (F) al Ministerio P\u00fablicos a objeto de que investigue y persiga \u2013si es necesario- esta figura penal y en definitiva se logre \u2013si es que es consecuencia humana- encontrar a los responsables de ello\u00bb, expres\u00f3 el Jefe Zonal.<\/span><\/p>\n<p class=\"v1MsoNormal\" style=\"text-align: justify;\"><span lang=\"ES\">\u00abLa destrucci\u00f3n del ecosistema en una zona como la nuestra es tremendamente lamentable. Esto se puede evitar, estos no son accidentes, son siniestros y la gran mayor\u00eda el 98% son causados por la acci\u00f3n humana. El llamado es a mantener las medidas de precauci\u00f3n, de seguridad y a trabajar de manera responsable\u00bb, indic\u00f3 el General Santos Poblete.<\/span><\/p>\n<\/div><\/section><\/div><div  style='height:50px' class='hr hr-invisible   avia-builder-el-6  el_after_av_one_full  el_before_av_social_share '><span class='hr-inner ' ><span class='hr-inner-style'><\/span><\/span><\/div><\/p>\n<div  class='av-social-sharing-box  avia-builder-el-7  el_after_av_hr  el_before_av_hr  '><div class='av-share-box'><h5 class='av-share-link-description av-no-toc '>Compartir esta noticia<\/h5><ul class='av-share-box-list noLightbox'><li class='av-share-link av-social-link-facebook' ><a target=\"_blank\" aria-label=\"Compartir en Facebook\" href='https:\/\/www.facebook.com\/sharer.php?u=https:\/\/radiorevelacionfm.cl\/?p=24928&#038;t=Carabineros%20junto%20a%20Sinapred%20%7C%20Onemi%20sobrevuelan%20zona%20de%20afectaci%C3%B3n%20tras%20incendio%20forestal%20camino%20a%20Coyhaique%20Alto' aria-hidden='false' data-av_icon='\ue8f3' data-av_iconfont='entypo-fontello' title='' data-avia-related-tooltip='Compartir en Facebook' rel=\"noopener\"><span class='avia_hidden_link_text'>Compartir en Facebook<\/span><\/a><\/li><li class='av-share-link av-social-link-twitter' ><a target=\"_blank\" aria-label=\"Compartir en Twitter\" href='https:\/\/twitter.com\/share?text=Carabineros%20junto%20a%20Sinapred%20%7C%20Onemi%20sobrevuelan%20zona%20de%20afectaci%C3%B3n%20tras%20incendio%20forestal%20camino%20a%20Coyhaique%20Alto&#038;url=https:\/\/radiorevelacionfm.cl\/?p=24928' aria-hidden='false' data-av_icon='\ue8f1' data-av_iconfont='entypo-fontello' title='' data-avia-related-tooltip='Compartir en Twitter' rel=\"noopener\"><span class='avia_hidden_link_text'>Compartir en Twitter<\/span><\/a><\/li><li class='av-share-link av-social-link-whatsapp' ><a target=\"_blank\" aria-label=\"Compartir en Whatsapp\" href='https:\/\/api.whatsapp.com\/send?text=https:\/\/radiorevelacionfm.cl\/?p=24928' aria-hidden='false' data-av_icon='\uf232' data-av_iconfont='entypo-fontello' title='' data-avia-related-tooltip='Compartir en Whatsapp' rel=\"noopener\"><span class='avia_hidden_link_text'>Compartir en Whatsapp<\/span><\/a><\/li><li class='av-share-link av-social-link-linkedin' ><a target=\"_blank\" aria-label=\"Compartir en LinkedIn\" href='https:\/\/linkedin.com\/shareArticle?mini=true&#038;title=Carabineros%20junto%20a%20Sinapred%20%7C%20Onemi%20sobrevuelan%20zona%20de%20afectaci%C3%B3n%20tras%20incendio%20forestal%20camino%20a%20Coyhaique%20Alto&#038;url=https:\/\/radiorevelacionfm.cl\/?p=24928' aria-hidden='false' data-av_icon='\ue8fc' data-av_iconfont='entypo-fontello' title='' data-avia-related-tooltip='Compartir en LinkedIn' rel=\"noopener\"><span class='avia_hidden_link_text'>Compartir en LinkedIn<\/span><\/a><\/li><li class='av-share-link av-social-link-mail' ><a  aria-label=\"Compartir por correo\" href='mailto:?subject=Carabineros%20junto%20a%20Sinapred%20%7C%20Onemi%20sobrevuelan%20zona%20de%20afectaci%C3%B3n%20tras%20incendio%20forestal%20camino%20a%20Coyhaique%20Alto&#038;body=https:\/\/radiorevelacionfm.cl\/?p=24928' aria-hidden='false' data-av_icon='\ue805' data-av_iconfont='entypo-fontello' title='' data-avia-related-tooltip='Compartir por correo'><span class='avia_hidden_link_text'>Compartir por correo<\/span><\/a><\/li><\/ul><\/div><\/div>\n<div  style='height:50px' class='hr hr-invisible   avia-builder-el-8  el_after_av_social_share  el_before_av_comments_list '><span class='hr-inner ' ><span class='hr-inner-style'><\/span><\/span><\/div>\n<div  class='av-buildercomment  av-blog-meta-html-info-disabled av-blog-meta-tag-disabled  '><\/div>\n","protected":false},"excerpt":{"rendered":"","protected":false},"author":1,"featured_media":24929,"comment_status":"open","ping_status":"open","sticky":false,"template":"","format":"standard","meta":{"footnotes":""},"categories":[36],"tags":[],"class_list":["post-24928","post","type-post","status-publish","format-standard","has-post-thumbnail","hentry","category-policial"],"jetpack_featured_media_url":"https:\/\/radiorevelacionfm.cl\/wp-content\/uploads\/2022\/12\/Fi7PYQkXoAI5yg5-1-1.jpg","_links":{"self":[{"href":"https:\/\/radiorevelacionfm.cl\/index.php?rest_route=\/wp\/v2\/posts\/24928","targetHints":{"allow":["GET"]}}],"collection":[{"href":"https:\/\/radiorevelacionfm.cl\/index.php?rest_route=\/wp\/v2\/posts"}],"about":[{"href":"https:\/\/radiorevelacionfm.cl\/index.php?rest_route=\/wp\/v2\/types\/post"}],"author":[{"embeddable":true,"href":"https:\/\/radiorevelacionfm.cl\/index.php?rest_route=\/wp\/v2\/users\/1"}],"replies":[{"embeddable":true,"href":"https:\/\/radiorevelacionfm.cl\/index.php?rest_route=%2Fwp%2Fv2%2Fcomments&post=24928"}],"version-history":[{"count":2,"href":"https:\/\/radiorevelacionfm.cl\/index.php?rest_route=\/wp\/v2\/posts\/24928\/revisions"}],"predecessor-version":[{"id":24931,"href":"https:\/\/radiorevelacionfm.cl\/index.php?rest_route=\/wp\/v2\/posts\/24928\/revisions\/24931"}],"wp:featuredmedia":[{"embeddable":true,"href":"https:\/\/radiorevelacionfm.cl\/index.php?rest_route=\/wp\/v2\/media\/24929"}],"wp:attachment":[{"href":"https:\/\/radiorevelacionfm.cl\/index.php?rest_route=%2Fwp%2Fv2%2Fmedia&parent=24928"}],"wp:term":[{"taxonomy":"category","embeddable":true,"href":"https:\/\/radiorevelacionfm.cl\/index.php?rest_route=%2Fwp%2Fv2%2Fcategories&post=24928"},{"taxonomy":"post_tag","embeddable":true,"href":"https:\/\/radiorevelacionfm.cl\/index.php?rest_route=%2Fwp%2Fv2%2Ftags&post=24928"}],"curies":[{"name":"wp","href":"https:\/\/api.w.org\/{rel}","templated":true}]}}