{"id":24923,"date":"2022-12-02T10:29:22","date_gmt":"2022-12-02T13:29:22","guid":{"rendered":"https:\/\/radiorevelacionfm.cl\/?p=24923"},"modified":"2022-12-02T10:29:22","modified_gmt":"2022-12-02T13:29:22","slug":"patagonman-triatlon-mas-extremo-del-mundo-tendra-lugar-este-domingo-en-la-region-de-aysen","status":"publish","type":"post","link":"https:\/\/radiorevelacionfm.cl\/?p=24923","title":{"rendered":"Patagonman: Triatl\u00f3n m\u00e1s extremo del mundo tendr\u00e1 lugar este domingo en la Regi\u00f3n de Ays\u00e9n"},"content":{"rendered":"<div class=\"flex_column av_one_full  flex_column_div av-zero-column-padding first  avia-builder-el-0  el_before_av_one_full  avia-builder-el-first  \" style='border-radius:0px; '><div  class='avia-image-container  av-styling-    avia-builder-el-1  avia-builder-el-no-sibling  avia-align-center '  itemprop=\"image\" itemscope=\"itemscope\" itemtype=\"https:\/\/schema.org\/ImageObject\"  ><div class='avia-image-container-inner'><div class='avia-image-overlay-wrap'><img decoding=\"async\" class='wp-image-24924 avia-img-lazy-loading-not-24924 avia_image' src=\"https:\/\/radiorevelacionfm.cl\/wp-content\/uploads\/2022\/12\/imagen-archivo-patagon-man-4-1_optimized-1.jpg\" alt='' title='imagen-archivo-patagon-man-4-(1)_optimized (1)' height=\"600\" width=\"900\"  itemprop=\"thumbnailUrl\" srcset=\"https:\/\/radiorevelacionfm.cl\/wp-content\/uploads\/2022\/12\/imagen-archivo-patagon-man-4-1_optimized-1.jpg 900w, https:\/\/radiorevelacionfm.cl\/wp-content\/uploads\/2022\/12\/imagen-archivo-patagon-man-4-1_optimized-1-300x200.jpg 300w, https:\/\/radiorevelacionfm.cl\/wp-content\/uploads\/2022\/12\/imagen-archivo-patagon-man-4-1_optimized-1-768x512.jpg 768w, https:\/\/radiorevelacionfm.cl\/wp-content\/uploads\/2022\/12\/imagen-archivo-patagon-man-4-1_optimized-1-705x470.jpg 705w, https:\/\/radiorevelacionfm.cl\/wp-content\/uploads\/2022\/12\/imagen-archivo-patagon-man-4-1_optimized-1-600x400.jpg 600w\" sizes=\"(max-width: 900px) 100vw, 900px\" \/><\/div><\/div><\/div><\/div><div class=\"flex_column av_one_full  flex_column_div av-zero-column-padding first  avia-builder-el-2  el_after_av_one_full  el_before_av_one_full  column-top-margin\" style='border-radius:0px; '><section class=\"av_textblock_section \"  itemscope=\"itemscope\" itemtype=\"https:\/\/schema.org\/BlogPosting\" itemprop=\"blogPost\" ><div class='avia_textblock  '   itemprop=\"text\" ><p style=\"text-align: center;\"><strong><span style=\"font-size: 18pt;\">Patagonman: Triatl\u00f3n m\u00e1s extremo del mundo tendr\u00e1 lugar este domingo en la Regi\u00f3n de Ays\u00e9n<\/span><\/strong><\/p>\n<div id=\"gtx-trans\" style=\"position: absolute; left: -50px; top: 4.31534px;\">\n<div class=\"gtx-trans-icon\"><\/div>\n<\/div>\n<\/div><\/section><\/div><div class=\"flex_column av_one_full  flex_column_div av-zero-column-padding first  avia-builder-el-4  el_after_av_one_full  el_before_av_hr  column-top-margin\" style='border-radius:0px; '><section class=\"av_textblock_section \"  itemscope=\"itemscope\" itemtype=\"https:\/\/schema.org\/BlogPosting\" itemprop=\"blogPost\" ><div class='avia_textblock  '   itemprop=\"text\" ><p dir=\"ltr\" style=\"text-align: justify;\">Este domingo 4 de diciembre en las comunas de Ays\u00e9n, Coyhaique y R\u00edo Ib\u00e1\u00f1ez, ubicadas en la Regi\u00f3n de Ays\u00e9n, se llevar\u00e1 a cabo el triatl\u00f3n m\u00e1s extremo del mundo: el Patagonman Xtrail, que recibir\u00e1 a 300 atletas provenientes de 51 pa\u00edses, quienes buscar\u00e1n coronarse campeones\/as en la bella e indomable Patagonia.<\/p>\n<p dir=\"ltr\" style=\"text-align: justify;\">Esta carrera tiene financiamiento del Gobierno Regional de Ays\u00e9n para promover el deporte, propiciar y destacar el turismo a trav\u00e9s de \u00abAys\u00e9n Patagonia\u00bb, relevando la identidad y las caracter\u00edsticas naturales del territorio, en pos de contribuir al crecimiento de la econom\u00eda local.<\/p>\n<p dir=\"ltr\" style=\"text-align: justify;\">En esta l\u00ednea, la Gobernadora Regional Andrea Mac\u00edas Palma inst\u00f3 a los habitantes de estas tres comunas y a quienes est\u00e9n en el sector a hacerse parte de esta gran jornada deportiva. \u00abEstas localidades tienen un tremendo potencial tur\u00edstico, y con alegr\u00eda vamos a recibir a los 300 competidores, que adem\u00e1s vienen con sus equipos, por lo que tendremos un mega evento. Los dejamos a todos y a todas invitadas, nosotros estaremos en la localidad de Puerto Ingeniero Ib\u00e1\u00f1ez donde finalizar\u00e1 la carrera a eso de las 16.00 horas seg\u00fan lo que se espera, as\u00ed que ac\u00e1 nos vemos\u00bb, dijo la m\u00e1xima autoridad de la Regi\u00f3n de Ays\u00e9n.<\/p>\n<p dir=\"ltr\" style=\"text-align: justify;\">La competencia, que en total se compone de un circuito de m\u00e1s de 220 kil\u00f3metros, comenzar\u00e1 con un salto a las cinco de la ma\u00f1ana desde un ferry a las g\u00e9lidas aguas del Fiordo Ays\u00e9n, donde los deportistas deber\u00e1n nadar hacia la localidad de Puerto Chacabuco (3,8 kil\u00f3metros) para luego dar paso a la ruta en bicicleta (180 kil\u00f3metros), que contar\u00e1 con tres puntos de hidrataci\u00f3n a lo largo de la Carretera Austral hasta llegar a Villa Cerro Castillo. El \u00faltimo tramo ser\u00e1 la carrera a pie o running a trav\u00e9s de bosques, lagos y cascadas, que culminar\u00e1 con la l\u00ednea de meta en la costanera de Puerto Ingeniero Ib\u00e1\u00f1ez, capital de la comuna de R\u00edo Ib\u00e1\u00f1ez que queda a la orilla del Lago General Carrera.<\/p>\n<p dir=\"ltr\" style=\"text-align: justify;\">\u00abQueremos invitarlos a participar en la carrera que se va a desarrollar este fin de semana, Patagonman, un evento deportivo que trae deportistas de m\u00e1s cincuenta pa\u00edses. Comienzan en Puerto Chacabuco, nadando, luego en bicicleta hasta Cerro Castillo para llegar a R\u00edo Ib\u00e1\u00f1ez trotando, as\u00ed que, todos invitados en familia a participar de este evento deportivo y poder apoyar a sus favoritos\u00bb, manifest\u00f3 la Secretaria Regional Ministerial (Seremi) de Econom\u00eda, Rosa Machac\u00e1n.<\/p>\n<p dir=\"ltr\" style=\"text-align: justify;\">Las y los corredores inscritos y confirmados proceden de los distintos continentes y diversas naciones como, por ejemplo, Francia, Alemania, USA, Israel, Brasil y Argentina, Noruega, Reino Unido, Suiza, China, Sud\u00e1frica, Letonia, Lituania, Rusia, Tailandia, Eslovaquia, Malasia, Vietnam, Bulgaria, Kuwait, India, Gales y Jordania, entre otras.<\/p>\n<p dir=\"ltr\" style=\"text-align: justify;\">\u00abEstamos muy contentos de que por fin este evento p\u00fablico privado, donde tenemos un gran trabajo en equipo, junto con Sernatur y todo el Gobierno Regional se va a llevar a cabo despu\u00e9s de tres a\u00f1os, luego de un suspenso que tuvimos por la pandemia. Estamos muy emocionados tambi\u00e9n por la llegada de los atletas internacionales, que vienen desde todo el mundo, para competir aqu\u00ed, en la bella Regi\u00f3n de Ays\u00e9n\u00bb, expres\u00f3 el triatleta, cofundador y director de Carrera de Patagonman, Ignacio Valdivieso.<\/p>\n<p dir=\"ltr\" style=\"text-align: justify;\">Esta versi\u00f3n 2022 del Patagonman contar\u00e1 con nueve atletas locales de la Regi\u00f3n de Ays\u00e9n, donde destaca la \u00fanica mujer inscrita de la zona, Vanessa Garrido, quien ya ha representado al territorio en competencias a nivel nacional. Tambi\u00e9n participar\u00e1n por Ays\u00e9n: Patricio Figueroa, John Medina, Gabriel Matamoros, Cristian Pedreros, Fidel Pinilla, Yonatan Vargas, Martin Rodr\u00edguez y Alexander Vermhren.<\/p>\n<\/div><\/section><\/div><div  style='height:50px' class='hr hr-invisible   avia-builder-el-6  el_after_av_one_full  el_before_av_social_share '><span class='hr-inner ' ><span class='hr-inner-style'><\/span><\/span><\/div><\/p>\n<div  class='av-social-sharing-box  avia-builder-el-7  el_after_av_hr  el_before_av_hr  '><div class='av-share-box'><h5 class='av-share-link-description av-no-toc '>Compartir esta noticia<\/h5><ul class='av-share-box-list noLightbox'><li class='av-share-link av-social-link-facebook' ><a target=\"_blank\" aria-label=\"Compartir en Facebook\" href='https:\/\/www.facebook.com\/sharer.php?u=https:\/\/radiorevelacionfm.cl\/?p=24923&#038;t=Patagonman%3A%20Triatl%C3%B3n%20m%C3%A1s%20extremo%20del%20mundo%20tendr%C3%A1%20lugar%20este%20domingo%20en%20la%20Regi%C3%B3n%20de%20Ays%C3%A9n' aria-hidden='false' data-av_icon='\ue8f3' data-av_iconfont='entypo-fontello' title='' data-avia-related-tooltip='Compartir en Facebook' rel=\"noopener\"><span class='avia_hidden_link_text'>Compartir en Facebook<\/span><\/a><\/li><li class='av-share-link av-social-link-twitter' ><a target=\"_blank\" aria-label=\"Compartir en Twitter\" href='https:\/\/twitter.com\/share?text=Patagonman%3A%20Triatl%C3%B3n%20m%C3%A1s%20extremo%20del%20mundo%20tendr%C3%A1%20lugar%20este%20domingo%20en%20la%20Regi%C3%B3n%20de%20Ays%C3%A9n&#038;url=https:\/\/radiorevelacionfm.cl\/?p=24923' aria-hidden='false' data-av_icon='\ue8f1' data-av_iconfont='entypo-fontello' title='' data-avia-related-tooltip='Compartir en Twitter' rel=\"noopener\"><span class='avia_hidden_link_text'>Compartir en Twitter<\/span><\/a><\/li><li class='av-share-link av-social-link-whatsapp' ><a target=\"_blank\" aria-label=\"Compartir en Whatsapp\" href='https:\/\/api.whatsapp.com\/send?text=https:\/\/radiorevelacionfm.cl\/?p=24923' aria-hidden='false' data-av_icon='\uf232' data-av_iconfont='entypo-fontello' title='' data-avia-related-tooltip='Compartir en Whatsapp' rel=\"noopener\"><span class='avia_hidden_link_text'>Compartir en Whatsapp<\/span><\/a><\/li><li class='av-share-link av-social-link-linkedin' ><a target=\"_blank\" aria-label=\"Compartir en LinkedIn\" href='https:\/\/linkedin.com\/shareArticle?mini=true&#038;title=Patagonman%3A%20Triatl%C3%B3n%20m%C3%A1s%20extremo%20del%20mundo%20tendr%C3%A1%20lugar%20este%20domingo%20en%20la%20Regi%C3%B3n%20de%20Ays%C3%A9n&#038;url=https:\/\/radiorevelacionfm.cl\/?p=24923' aria-hidden='false' data-av_icon='\ue8fc' data-av_iconfont='entypo-fontello' title='' data-avia-related-tooltip='Compartir en LinkedIn' rel=\"noopener\"><span class='avia_hidden_link_text'>Compartir en LinkedIn<\/span><\/a><\/li><li class='av-share-link av-social-link-mail' ><a  aria-label=\"Compartir por correo\" href='mailto:?subject=Patagonman%3A%20Triatl%C3%B3n%20m%C3%A1s%20extremo%20del%20mundo%20tendr%C3%A1%20lugar%20este%20domingo%20en%20la%20Regi%C3%B3n%20de%20Ays%C3%A9n&#038;body=https:\/\/radiorevelacionfm.cl\/?p=24923' aria-hidden='false' data-av_icon='\ue805' data-av_iconfont='entypo-fontello' title='' data-avia-related-tooltip='Compartir por correo'><span class='avia_hidden_link_text'>Compartir por correo<\/span><\/a><\/li><\/ul><\/div><\/div>\n<div  style='height:50px' class='hr hr-invisible   avia-builder-el-8  el_after_av_social_share  el_before_av_comments_list '><span class='hr-inner ' ><span class='hr-inner-style'><\/span><\/span><\/div>\n<div  class='av-buildercomment  av-blog-meta-html-info-disabled av-blog-meta-tag-disabled  '><\/div>\n","protected":false},"excerpt":{"rendered":"","protected":false},"author":1,"featured_media":24924,"comment_status":"open","ping_status":"open","sticky":false,"template":"","format":"standard","meta":{"footnotes":""},"categories":[40],"tags":[],"class_list":["post-24923","post","type-post","status-publish","format-standard","has-post-thumbnail","hentry","category-deportes"],"jetpack_featured_media_url":"https:\/\/radiorevelacionfm.cl\/wp-content\/uploads\/2022\/12\/imagen-archivo-patagon-man-4-1_optimized-1.jpg","_links":{"self":[{"href":"https:\/\/radiorevelacionfm.cl\/index.php?rest_route=\/wp\/v2\/posts\/24923","targetHints":{"allow":["GET"]}}],"collection":[{"href":"https:\/\/radiorevelacionfm.cl\/index.php?rest_route=\/wp\/v2\/posts"}],"about":[{"href":"https:\/\/radiorevelacionfm.cl\/index.php?rest_route=\/wp\/v2\/types\/post"}],"author":[{"embeddable":true,"href":"https:\/\/radiorevelacionfm.cl\/index.php?rest_route=\/wp\/v2\/users\/1"}],"replies":[{"embeddable":true,"href":"https:\/\/radiorevelacionfm.cl\/index.php?rest_route=%2Fwp%2Fv2%2Fcomments&post=24923"}],"version-history":[{"count":2,"href":"https:\/\/radiorevelacionfm.cl\/index.php?rest_route=\/wp\/v2\/posts\/24923\/revisions"}],"predecessor-version":[{"id":24933,"href":"https:\/\/radiorevelacionfm.cl\/index.php?rest_route=\/wp\/v2\/posts\/24923\/revisions\/24933"}],"wp:featuredmedia":[{"embeddable":true,"href":"https:\/\/radiorevelacionfm.cl\/index.php?rest_route=\/wp\/v2\/media\/24924"}],"wp:attachment":[{"href":"https:\/\/radiorevelacionfm.cl\/index.php?rest_route=%2Fwp%2Fv2%2Fmedia&parent=24923"}],"wp:term":[{"taxonomy":"category","embeddable":true,"href":"https:\/\/radiorevelacionfm.cl\/index.php?rest_route=%2Fwp%2Fv2%2Fcategories&post=24923"},{"taxonomy":"post_tag","embeddable":true,"href":"https:\/\/radiorevelacionfm.cl\/index.php?rest_route=%2Fwp%2Fv2%2Ftags&post=24923"}],"curies":[{"name":"wp","href":"https:\/\/api.w.org\/{rel}","templated":true}]}}