{"id":24918,"date":"2022-12-01T20:50:16","date_gmt":"2022-12-01T23:50:16","guid":{"rendered":"https:\/\/radiorevelacionfm.cl\/?p=24918"},"modified":"2022-12-01T20:53:55","modified_gmt":"2022-12-01T23:53:55","slug":"incendio-forestal-en-sector-el-pedregoso-en-coyhaique-alto-ha-consumido-11-6-hectareas","status":"publish","type":"post","link":"https:\/\/radiorevelacionfm.cl\/?p=24918","title":{"rendered":"Incendio Forestal en sector \u00abEl Pedregoso\u00bb en Coyhaique Alto ha consumido 11.6 hect\u00e1reas"},"content":{"rendered":"<div class=\"flex_column av_one_full  flex_column_div av-zero-column-padding first  avia-builder-el-0  el_before_av_one_full  avia-builder-el-first  \" style='border-radius:0px; '><div  class='avia-image-container  av-styling-    avia-builder-el-1  avia-builder-el-no-sibling  avia-align-center '  itemprop=\"image\" itemscope=\"itemscope\" itemtype=\"https:\/\/schema.org\/ImageObject\"  ><div class='avia-image-container-inner'><div class='avia-image-overlay-wrap'><img decoding=\"async\" class='wp-image-24919 avia-img-lazy-loading-not-24919 avia_image' src=\"https:\/\/radiorevelacionfm.cl\/wp-content\/uploads\/2022\/12\/20221201_170700-1-1.jpg\" alt='' title='20221201_170700 (1) (1)' height=\"600\" width=\"1067\"  itemprop=\"thumbnailUrl\" srcset=\"https:\/\/radiorevelacionfm.cl\/wp-content\/uploads\/2022\/12\/20221201_170700-1-1.jpg 1067w, https:\/\/radiorevelacionfm.cl\/wp-content\/uploads\/2022\/12\/20221201_170700-1-1-300x169.jpg 300w, https:\/\/radiorevelacionfm.cl\/wp-content\/uploads\/2022\/12\/20221201_170700-1-1-1030x579.jpg 1030w, https:\/\/radiorevelacionfm.cl\/wp-content\/uploads\/2022\/12\/20221201_170700-1-1-768x432.jpg 768w, https:\/\/radiorevelacionfm.cl\/wp-content\/uploads\/2022\/12\/20221201_170700-1-1-705x396.jpg 705w, https:\/\/radiorevelacionfm.cl\/wp-content\/uploads\/2022\/12\/20221201_170700-1-1-600x337.jpg 600w\" sizes=\"(max-width: 1067px) 100vw, 1067px\" \/><\/div><\/div><\/div><\/div>\n<div class=\"flex_column av_one_full  flex_column_div av-zero-column-padding first  avia-builder-el-2  el_after_av_one_full  el_before_av_one_full  column-top-margin\" style='border-radius:0px; '><section class=\"av_textblock_section \"  itemscope=\"itemscope\" itemtype=\"https:\/\/schema.org\/BlogPosting\" itemprop=\"blogPost\" ><div class='avia_textblock  '   itemprop=\"text\" ><p style=\"text-align: center;\"><strong><span style=\"font-size: 18pt;\">Incendio Forestal en sector \u00abEl Pedregoso\u00bb en Coyhaique Alto ha consumido 11.6 hect\u00e1reas<\/span><\/strong><\/p>\n<div id=\"gtx-trans\" style=\"position: absolute; left: -50px; top: 4.31534px;\">\n<div class=\"gtx-trans-icon\"><\/div>\n<\/div>\n<\/div><\/section><\/div>\n<div class=\"flex_column av_one_full  flex_column_div av-zero-column-padding first  avia-builder-el-4  el_after_av_one_full  el_before_av_hr  column-top-margin\" style='border-radius:0px; '><section class=\"av_textblock_section \"  itemscope=\"itemscope\" itemtype=\"https:\/\/schema.org\/BlogPosting\" itemprop=\"blogPost\" ><div class='avia_textblock  '   itemprop=\"text\" ><p style=\"text-align: justify;\">Durante esta tarde -01 de diciembre 2022- se activ\u00f3 el ABC de la emergencia, informaci\u00f3n preliminar daba cuenta de un incendio estructural en una vivienda camino a Coyhaique Alto, con peligro de propagaci\u00f3n.<\/p>\n<p style=\"text-align: justify;\">Posteriormente, tanto el Jefe XI Zona de Carabineros Ays\u00e9n, General Patricio Santos Poblete y el Director Regional de Sinapred (ex-Onemi), Sidi Bravo Donoso realizaron un sobrevuelo en la zona, entregando informaci\u00f3n de la emergencia.<\/p>\n<p style=\"text-align: justify;\">De acuerdo con la informaci\u00f3n proporcionada por la plataforma SIDCO-CONAF, en COMBATE se mantiene incendio forestal \u201cEl Pedregoso\u201d, ubicado en la ruta CH243 sector El Pedregoso, camino a Coyhaique Alto. Al momento la superficie afectada es de 11.6 hect\u00e1reas.<\/p>\n<p style=\"text-align: justify;\">El d\u00eda de hoy los recursos desplegados en lugar trabajaron en construcci\u00f3n de l\u00edneas de control y enfriamiento con uso de mangueras y trabajo de motobomba.<\/p>\n<p style=\"text-align: justify;\">Personal de CONAF indica que la condici\u00f3n clim\u00e1tica para ma\u00f1ana se prev\u00e9 temperatura m\u00e1xima de 20 grados, viento noroeste con velocidad de 37 km y rachas de intensidad de hasta 65 km hora, con presencia de precipitaci\u00f3n cercano a los 15mm. Informaci\u00f3n emanada de secci\u00f3n de An\u00e1lisis y predicci\u00f3n de Incendios Forestales de CONAF.<\/p>\n<p style=\"text-align: justify;\">Trabajaron en el lugar el d\u00eda de hoy 02 brigadas, 05 t\u00e9cnicos y 01 PC CODE de CONAF, apoyados por 02 unidades de Bomberos Coyhaique.<\/p>\n<p style=\"text-align: justify;\">Por parte de CONAF se gestion\u00f3 a nivel de Cenco Central el apoyo de un helic\u00f3ptero para el combate con aeronave de este incendio.<\/p>\n<p style=\"text-align: justify;\">Los trabajos se reanudar\u00e1n el d\u00eda de ma\u00f1ana a las 07:00 con apoyo de la Brigada de Ma\u00f1ihuales.<\/p>\n<\/div><\/section><\/div><div  style='height:50px' class='hr hr-invisible   avia-builder-el-6  el_after_av_one_full  el_before_av_social_share '><span class='hr-inner ' ><span class='hr-inner-style'><\/span><\/span><\/div><\/p>\n<div  class='av-social-sharing-box  avia-builder-el-7  el_after_av_hr  el_before_av_hr  '><div class='av-share-box'><h5 class='av-share-link-description av-no-toc '>Compartir esta noticia<\/h5><ul class='av-share-box-list noLightbox'><li class='av-share-link av-social-link-facebook' ><a target=\"_blank\" aria-label=\"Compartir en Facebook\" href='https:\/\/www.facebook.com\/sharer.php?u=https:\/\/radiorevelacionfm.cl\/?p=24918&#038;t=Incendio%20Forestal%20en%20sector%20%C2%ABEl%20Pedregoso%C2%BB%20en%20Coyhaique%20Alto%20ha%20consumido%2011.6%20hect%C3%A1reas' aria-hidden='false' data-av_icon='\ue8f3' data-av_iconfont='entypo-fontello' title='' data-avia-related-tooltip='Compartir en Facebook' rel=\"noopener\"><span class='avia_hidden_link_text'>Compartir en Facebook<\/span><\/a><\/li><li class='av-share-link av-social-link-twitter' ><a target=\"_blank\" aria-label=\"Compartir en Twitter\" href='https:\/\/twitter.com\/share?text=Incendio%20Forestal%20en%20sector%20%C2%ABEl%20Pedregoso%C2%BB%20en%20Coyhaique%20Alto%20ha%20consumido%2011.6%20hect%C3%A1reas&#038;url=https:\/\/radiorevelacionfm.cl\/?p=24918' aria-hidden='false' data-av_icon='\ue8f1' data-av_iconfont='entypo-fontello' title='' data-avia-related-tooltip='Compartir en Twitter' rel=\"noopener\"><span class='avia_hidden_link_text'>Compartir en Twitter<\/span><\/a><\/li><li class='av-share-link av-social-link-whatsapp' ><a target=\"_blank\" aria-label=\"Compartir en Whatsapp\" href='https:\/\/api.whatsapp.com\/send?text=https:\/\/radiorevelacionfm.cl\/?p=24918' aria-hidden='false' data-av_icon='\uf232' data-av_iconfont='entypo-fontello' title='' data-avia-related-tooltip='Compartir en Whatsapp' rel=\"noopener\"><span class='avia_hidden_link_text'>Compartir en Whatsapp<\/span><\/a><\/li><li class='av-share-link av-social-link-linkedin' ><a target=\"_blank\" aria-label=\"Compartir en LinkedIn\" href='https:\/\/linkedin.com\/shareArticle?mini=true&#038;title=Incendio%20Forestal%20en%20sector%20%C2%ABEl%20Pedregoso%C2%BB%20en%20Coyhaique%20Alto%20ha%20consumido%2011.6%20hect%C3%A1reas&#038;url=https:\/\/radiorevelacionfm.cl\/?p=24918' aria-hidden='false' data-av_icon='\ue8fc' data-av_iconfont='entypo-fontello' title='' data-avia-related-tooltip='Compartir en LinkedIn' rel=\"noopener\"><span class='avia_hidden_link_text'>Compartir en LinkedIn<\/span><\/a><\/li><li class='av-share-link av-social-link-mail' ><a  aria-label=\"Compartir por correo\" href='mailto:?subject=Incendio%20Forestal%20en%20sector%20%C2%ABEl%20Pedregoso%C2%BB%20en%20Coyhaique%20Alto%20ha%20consumido%2011.6%20hect%C3%A1reas&#038;body=https:\/\/radiorevelacionfm.cl\/?p=24918' aria-hidden='false' data-av_icon='\ue805' data-av_iconfont='entypo-fontello' title='' data-avia-related-tooltip='Compartir por correo'><span class='avia_hidden_link_text'>Compartir por correo<\/span><\/a><\/li><\/ul><\/div><\/div>\n<div  style='height:50px' class='hr hr-invisible   avia-builder-el-8  el_after_av_social_share  el_before_av_comments_list '><span class='hr-inner ' ><span class='hr-inner-style'><\/span><\/span><\/div>\n<div  class='av-buildercomment  av-blog-meta-html-info-disabled av-blog-meta-tag-disabled  '><\/div>\n","protected":false},"excerpt":{"rendered":"","protected":false},"author":1,"featured_media":24919,"comment_status":"open","ping_status":"open","sticky":false,"template":"","format":"standard","meta":{"footnotes":""},"categories":[38],"tags":[],"class_list":["post-24918","post","type-post","status-publish","format-standard","has-post-thumbnail","hentry","category-regional"],"jetpack_featured_media_url":"https:\/\/radiorevelacionfm.cl\/wp-content\/uploads\/2022\/12\/20221201_170700-1-1.jpg","_links":{"self":[{"href":"https:\/\/radiorevelacionfm.cl\/index.php?rest_route=\/wp\/v2\/posts\/24918","targetHints":{"allow":["GET"]}}],"collection":[{"href":"https:\/\/radiorevelacionfm.cl\/index.php?rest_route=\/wp\/v2\/posts"}],"about":[{"href":"https:\/\/radiorevelacionfm.cl\/index.php?rest_route=\/wp\/v2\/types\/post"}],"author":[{"embeddable":true,"href":"https:\/\/radiorevelacionfm.cl\/index.php?rest_route=\/wp\/v2\/users\/1"}],"replies":[{"embeddable":true,"href":"https:\/\/radiorevelacionfm.cl\/index.php?rest_route=%2Fwp%2Fv2%2Fcomments&post=24918"}],"version-history":[{"count":3,"href":"https:\/\/radiorevelacionfm.cl\/index.php?rest_route=\/wp\/v2\/posts\/24918\/revisions"}],"predecessor-version":[{"id":24921,"href":"https:\/\/radiorevelacionfm.cl\/index.php?rest_route=\/wp\/v2\/posts\/24918\/revisions\/24921"}],"wp:featuredmedia":[{"embeddable":true,"href":"https:\/\/radiorevelacionfm.cl\/index.php?rest_route=\/wp\/v2\/media\/24919"}],"wp:attachment":[{"href":"https:\/\/radiorevelacionfm.cl\/index.php?rest_route=%2Fwp%2Fv2%2Fmedia&parent=24918"}],"wp:term":[{"taxonomy":"category","embeddable":true,"href":"https:\/\/radiorevelacionfm.cl\/index.php?rest_route=%2Fwp%2Fv2%2Fcategories&post=24918"},{"taxonomy":"post_tag","embeddable":true,"href":"https:\/\/radiorevelacionfm.cl\/index.php?rest_route=%2Fwp%2Fv2%2Ftags&post=24918"}],"curies":[{"name":"wp","href":"https:\/\/api.w.org\/{rel}","templated":true}]}}