{"id":24909,"date":"2022-12-01T18:45:51","date_gmt":"2022-12-01T21:45:51","guid":{"rendered":"https:\/\/radiorevelacionfm.cl\/?p=24909"},"modified":"2022-12-01T18:45:51","modified_gmt":"2022-12-01T21:45:51","slug":"finalizan-jornadas-de-trabajo-con-la-comunidad-del-programa-elige-vivir-sano-en-coyhaique-y-puerto-aysen","status":"publish","type":"post","link":"https:\/\/radiorevelacionfm.cl\/?p=24909","title":{"rendered":"Finalizan jornadas de trabajo con la comunidad del programa Elige Vivir Sano en Coyhaique y Puerto Ays\u00e9n"},"content":{"rendered":"<div class=\"flex_column av_one_full  flex_column_div av-zero-column-padding first  avia-builder-el-0  el_before_av_one_full  avia-builder-el-first  \" style='border-radius:0px; '><div  class='avia-image-container  av-styling-    avia-builder-el-1  avia-builder-el-no-sibling  avia-align-center '  itemprop=\"image\" itemscope=\"itemscope\" itemtype=\"https:\/\/schema.org\/ImageObject\"  ><div class='avia-image-container-inner'><div class='avia-image-overlay-wrap'><img decoding=\"async\" class='wp-image-24910 avia-img-lazy-loading-not-24910 avia_image' src=\"https:\/\/radiorevelacionfm.cl\/wp-content\/uploads\/2022\/12\/actividad-recreativa-1_optimized.jpg\" alt='' title='actividad-recreativa-(1)_optimized' height=\"600\" width=\"1067\"  itemprop=\"thumbnailUrl\" srcset=\"https:\/\/radiorevelacionfm.cl\/wp-content\/uploads\/2022\/12\/actividad-recreativa-1_optimized.jpg 1067w, https:\/\/radiorevelacionfm.cl\/wp-content\/uploads\/2022\/12\/actividad-recreativa-1_optimized-300x169.jpg 300w, https:\/\/radiorevelacionfm.cl\/wp-content\/uploads\/2022\/12\/actividad-recreativa-1_optimized-1030x579.jpg 1030w, https:\/\/radiorevelacionfm.cl\/wp-content\/uploads\/2022\/12\/actividad-recreativa-1_optimized-768x432.jpg 768w, https:\/\/radiorevelacionfm.cl\/wp-content\/uploads\/2022\/12\/actividad-recreativa-1_optimized-705x396.jpg 705w, https:\/\/radiorevelacionfm.cl\/wp-content\/uploads\/2022\/12\/actividad-recreativa-1_optimized-600x337.jpg 600w\" sizes=\"(max-width: 1067px) 100vw, 1067px\" \/><\/div><\/div><\/div><\/div><div class=\"flex_column av_one_full  flex_column_div av-zero-column-padding first  avia-builder-el-2  el_after_av_one_full  el_before_av_one_full  column-top-margin\" style='border-radius:0px; '><section class=\"av_textblock_section \"  itemscope=\"itemscope\" itemtype=\"https:\/\/schema.org\/BlogPosting\" itemprop=\"blogPost\" ><div class='avia_textblock  '   itemprop=\"text\" ><p style=\"text-align: center;\"><strong><span style=\"font-size: 18pt;\">Finalizan jornadas de trabajo con la comunidad del programa Elige Vivir Sano en Coyhaique y Puerto Ays\u00e9n<\/span><\/strong><\/p>\n<div id=\"gtx-trans\" style=\"position: absolute; left: -50px; top: 4.31534px;\">\n<div class=\"gtx-trans-icon\"><\/div>\n<\/div>\n<\/div><\/section><\/div><div class=\"flex_column av_one_full  flex_column_div av-zero-column-padding first  avia-builder-el-4  el_after_av_one_full  el_before_av_hr  column-top-margin\" style='border-radius:0px; '><section class=\"av_textblock_section \"  itemscope=\"itemscope\" itemtype=\"https:\/\/schema.org\/BlogPosting\" itemprop=\"blogPost\" ><div class='avia_textblock  '   itemprop=\"text\" ><p style=\"text-align: justify;\">Con una serie de actividades desarrolladas junto al r\u00edo Ays\u00e9n, se llev\u00f3 a cabo el cierre de las jornadas de trabajo con la comunidad del programa Elige Vivir Sano de la Seremi de Salud Ays\u00e9n, iniciativas que se lograron concretar a trav\u00e9s de un trabajo intersectorial con el Programa de Recuperaci\u00f3n de Barrios de las municipalidades de Coyhaique y Puerto Ays\u00e9n, lo que permiti\u00f3 la ejecuci\u00f3n de talleres en distintos puntos de ambas ciudades.<\/p>\n<p style=\"text-align: justify;\">T\u00e9rmino de estas jornadas que fueron destacadas por el Coordinador del Programa Quiero Mi Barrio de la Municipalidad de Puerto Ays\u00e9n, Juan Pablo Altamirano.\u00a0 \u201cEstamos finalizando toda la parrilla program\u00e1tica que pudimos llevar a cabo en alianza en el programa Elige Vivir Sano de la Seremi de Salud Ays\u00e9n, durante los meses de agosto, septiembre, octubre y noviembre, estamos contentos de esta actividad piloto donde se sumaron varios actores locales con la participaci\u00f3n de la comunidad\u201d.<\/p>\n<p style=\"text-align: justify;\">Fue as\u00ed como en esta oportunidad, en el sector ribera sur de Puerto Ays\u00e9n se realiz\u00f3 un taller de kayak, adem\u00e1s de un operativo de zoonosis que incluy\u00f3 la instalaci\u00f3n de microchips a mascotas y su desparasitaci\u00f3n, adem\u00e1s de una cl\u00ednica de skate y la limpieza de los alrededores del lugar, con el fin de lograr entornos saludables.\u00a0 Un hecho que fue valorado por el Alcalde de Puerto Ays\u00e9n, Julio Uribe.\u00a0 \u201cEstamos muy contentos con esta actividad del Quiero Mi Barrio con el Elige Vivir Sano y los funcionarios de la municipalidad, quiero felicitar a todos quienes han organizado esta actividad, ac\u00e1 tenemos los kayak que est\u00e1n capacitando a los j\u00f3venes y ni\u00f1os, estuvo la desparasitaci\u00f3n de mascotas, el trencito ecol\u00f3gico para la limpieza de la playa, y en nuestro polideportivo tenemos una cl\u00ednica de skate, estamos muy contentos como municipio de darle vida a nuestras diferentes actividades que realizamos y eso nos mantiene muy motivados para seguir con nuestro trabajo,\u201d puntualiz\u00f3.<\/p>\n<p style=\"text-align: justify;\">Trabajo y actividades orientadas hacia la comunidad, que fueron destacadas por los asistentes a esta jornada, como lo manifest\u00f3 M\u00f3nica Chiguay, quien agradeci\u00f3 el operativo de zoonosis.\u00a0 \u201cTraje a mis perritos que fueron dados en adopci\u00f3n, la actividad fue super buena porque fue con implante de microchip gratuito, as\u00ed que muy bien la instancia para que uno pueda acceder a esto de manera gratuita, as\u00ed que esperamos que se siga repitiendo por la tenencia responsable de mascotas\u201d.<\/p>\n<p style=\"text-align: justify;\">Finalmente, el profesional del Departamento de Salud P\u00fablica de la Seremi de Salud Ays\u00e9n, Luis Rodr\u00edguez, tambi\u00e9n expres\u00f3 su satisfacci\u00f3n por la forma en que se desarrollaron estas jornadas y la buena recepci\u00f3n de la ciudadan\u00eda en cada una de las actividades programadas. \u201cEstamos bastante felices por lo logrado, fue un trabajo extenso de coordinaci\u00f3n con los equipos de recuperaci\u00f3n de barrios de las municipalidades de Coyhaique y Ays\u00e9n, en el contexto del programa Elige Vivir Sano 2022, donde hemos desarrollado una serie de actividades en terreno con la comunidad, tanto en Coyhaique con el sector Quebrada la Cruz y el Bosque Patagonia, y en Puerto Ays\u00e9n, con los sectores de Villa Espa\u00f1a, La Balsa y Rivera Sur Costanera. Estas acciones han involucrado diversas actividades tendientes a instalar estilos de vida saludable en la poblaci\u00f3n, uso de los entornos, los espacios, vincularlos con el medio, actividades familiares como talleres de alimentaci\u00f3n saludable, tardes recreativas con los j\u00f3venes, talleres de f\u00fatbol, de skate, tardes ecol\u00f3gicas, etc. Todas acciones que se enmarcan en el programa Elige Vivir Sano de ir cambiando conductas y ocupando espacios comunes, donde esperamos seguir trabajando con el programa Quiero Mi Barrio por un Ays\u00e9n m\u00e1s sano\u201d.<\/p>\n<p style=\"text-align: justify;\">Las acciones desarrolladas por el Programa Elige Vivir Sano Salud, se caracteriz\u00f3 por promover una intervenci\u00f3n territorial comunitaria, utilizando los espacios p\u00fablicos, junto a un trabajo conjunto con los equipos del Programa Recuperaci\u00f3n de Barrios del Municipio de Ays\u00e9n y de Coyhaique, sumando a las Juntas de Vecinos del territorio para generar cambios conductuales hacia la promoci\u00f3n de estilos de vida saludables en la comunidad.<\/p>\n<\/div><\/section><\/div><div  style='height:50px' class='hr hr-invisible   avia-builder-el-6  el_after_av_one_full  el_before_av_social_share '><span class='hr-inner ' ><span class='hr-inner-style'><\/span><\/span><\/div><\/p>\n<div  class='av-social-sharing-box  avia-builder-el-7  el_after_av_hr  el_before_av_hr  '><div class='av-share-box'><h5 class='av-share-link-description av-no-toc '>Compartir esta noticia<\/h5><ul class='av-share-box-list noLightbox'><li class='av-share-link av-social-link-facebook' ><a target=\"_blank\" aria-label=\"Compartir en Facebook\" href='https:\/\/www.facebook.com\/sharer.php?u=https:\/\/radiorevelacionfm.cl\/?p=24909&#038;t=Finalizan%20jornadas%20de%20trabajo%20con%20la%20comunidad%20del%20programa%20Elige%20Vivir%20Sano%20en%20Coyhaique%20y%20Puerto%20Ays%C3%A9n' aria-hidden='false' data-av_icon='\ue8f3' data-av_iconfont='entypo-fontello' title='' data-avia-related-tooltip='Compartir en Facebook' rel=\"noopener\"><span class='avia_hidden_link_text'>Compartir en Facebook<\/span><\/a><\/li><li class='av-share-link av-social-link-twitter' ><a target=\"_blank\" aria-label=\"Compartir en Twitter\" href='https:\/\/twitter.com\/share?text=Finalizan%20jornadas%20de%20trabajo%20con%20la%20comunidad%20del%20programa%20Elige%20Vivir%20Sano%20en%20Coyhaique%20y%20Puerto%20Ays%C3%A9n&#038;url=https:\/\/radiorevelacionfm.cl\/?p=24909' aria-hidden='false' data-av_icon='\ue8f1' data-av_iconfont='entypo-fontello' title='' data-avia-related-tooltip='Compartir en Twitter' rel=\"noopener\"><span class='avia_hidden_link_text'>Compartir en Twitter<\/span><\/a><\/li><li class='av-share-link av-social-link-whatsapp' ><a target=\"_blank\" aria-label=\"Compartir en Whatsapp\" href='https:\/\/api.whatsapp.com\/send?text=https:\/\/radiorevelacionfm.cl\/?p=24909' aria-hidden='false' data-av_icon='\uf232' data-av_iconfont='entypo-fontello' title='' data-avia-related-tooltip='Compartir en Whatsapp' rel=\"noopener\"><span class='avia_hidden_link_text'>Compartir en Whatsapp<\/span><\/a><\/li><li class='av-share-link av-social-link-linkedin' ><a target=\"_blank\" aria-label=\"Compartir en LinkedIn\" href='https:\/\/linkedin.com\/shareArticle?mini=true&#038;title=Finalizan%20jornadas%20de%20trabajo%20con%20la%20comunidad%20del%20programa%20Elige%20Vivir%20Sano%20en%20Coyhaique%20y%20Puerto%20Ays%C3%A9n&#038;url=https:\/\/radiorevelacionfm.cl\/?p=24909' aria-hidden='false' data-av_icon='\ue8fc' data-av_iconfont='entypo-fontello' title='' data-avia-related-tooltip='Compartir en LinkedIn' rel=\"noopener\"><span class='avia_hidden_link_text'>Compartir en LinkedIn<\/span><\/a><\/li><li class='av-share-link av-social-link-mail' ><a  aria-label=\"Compartir por correo\" href='mailto:?subject=Finalizan%20jornadas%20de%20trabajo%20con%20la%20comunidad%20del%20programa%20Elige%20Vivir%20Sano%20en%20Coyhaique%20y%20Puerto%20Ays%C3%A9n&#038;body=https:\/\/radiorevelacionfm.cl\/?p=24909' aria-hidden='false' data-av_icon='\ue805' data-av_iconfont='entypo-fontello' title='' data-avia-related-tooltip='Compartir por correo'><span class='avia_hidden_link_text'>Compartir por correo<\/span><\/a><\/li><\/ul><\/div><\/div>\n<div  style='height:50px' class='hr hr-invisible   avia-builder-el-8  el_after_av_social_share  el_before_av_comments_list '><span class='hr-inner ' ><span class='hr-inner-style'><\/span><\/span><\/div>\n<div  class='av-buildercomment  av-blog-meta-html-info-disabled av-blog-meta-tag-disabled  '><\/div>\n","protected":false},"excerpt":{"rendered":"","protected":false},"author":1,"featured_media":24910,"comment_status":"open","ping_status":"open","sticky":false,"template":"","format":"standard","meta":{"footnotes":""},"categories":[46],"tags":[],"class_list":["post-24909","post","type-post","status-publish","format-standard","has-post-thumbnail","hentry","category-salud"],"jetpack_featured_media_url":"https:\/\/radiorevelacionfm.cl\/wp-content\/uploads\/2022\/12\/actividad-recreativa-1_optimized.jpg","_links":{"self":[{"href":"https:\/\/radiorevelacionfm.cl\/index.php?rest_route=\/wp\/v2\/posts\/24909","targetHints":{"allow":["GET"]}}],"collection":[{"href":"https:\/\/radiorevelacionfm.cl\/index.php?rest_route=\/wp\/v2\/posts"}],"about":[{"href":"https:\/\/radiorevelacionfm.cl\/index.php?rest_route=\/wp\/v2\/types\/post"}],"author":[{"embeddable":true,"href":"https:\/\/radiorevelacionfm.cl\/index.php?rest_route=\/wp\/v2\/users\/1"}],"replies":[{"embeddable":true,"href":"https:\/\/radiorevelacionfm.cl\/index.php?rest_route=%2Fwp%2Fv2%2Fcomments&post=24909"}],"version-history":[{"count":2,"href":"https:\/\/radiorevelacionfm.cl\/index.php?rest_route=\/wp\/v2\/posts\/24909\/revisions"}],"predecessor-version":[{"id":24917,"href":"https:\/\/radiorevelacionfm.cl\/index.php?rest_route=\/wp\/v2\/posts\/24909\/revisions\/24917"}],"wp:featuredmedia":[{"embeddable":true,"href":"https:\/\/radiorevelacionfm.cl\/index.php?rest_route=\/wp\/v2\/media\/24910"}],"wp:attachment":[{"href":"https:\/\/radiorevelacionfm.cl\/index.php?rest_route=%2Fwp%2Fv2%2Fmedia&parent=24909"}],"wp:term":[{"taxonomy":"category","embeddable":true,"href":"https:\/\/radiorevelacionfm.cl\/index.php?rest_route=%2Fwp%2Fv2%2Fcategories&post=24909"},{"taxonomy":"post_tag","embeddable":true,"href":"https:\/\/radiorevelacionfm.cl\/index.php?rest_route=%2Fwp%2Fv2%2Ftags&post=24909"}],"curies":[{"name":"wp","href":"https:\/\/api.w.org\/{rel}","templated":true}]}}