{"id":24903,"date":"2022-12-01T17:57:09","date_gmt":"2022-12-01T20:57:09","guid":{"rendered":"https:\/\/radiorevelacionfm.cl\/?p=24903"},"modified":"2022-12-01T17:57:09","modified_gmt":"2022-12-01T20:57:09","slug":"tens-y-paramedicos-de-postas-de-salud-rural-de-la-region-fueron-capacitados-en-telemedicina","status":"publish","type":"post","link":"https:\/\/radiorevelacionfm.cl\/?p=24903","title":{"rendered":"TENS y param\u00e9dicos de Postas de Salud Rural de la regi\u00f3n fueron capacitados en telemedicina"},"content":{"rendered":"<div class=\"flex_column av_one_full  flex_column_div av-zero-column-padding first  avia-builder-el-0  el_before_av_one_full  avia-builder-el-first  \" style='border-radius:0px; '><div  class='avia-image-container  av-styling-    avia-builder-el-1  avia-builder-el-no-sibling  avia-align-center '  itemprop=\"image\" itemscope=\"itemscope\" itemtype=\"https:\/\/schema.org\/ImageObject\"  ><div class='avia-image-container-inner'><div class='avia-image-overlay-wrap'><img decoding=\"async\" class='wp-image-24904 avia-img-lazy-loading-not-24904 avia_image' src=\"https:\/\/radiorevelacionfm.cl\/wp-content\/uploads\/2022\/12\/HOSP-DIGITAL-1-1-1.jpeg\" alt='' title='HOSP DIGITAL (1) (1) (1)' height=\"600\" width=\"1067\"  itemprop=\"thumbnailUrl\" srcset=\"https:\/\/radiorevelacionfm.cl\/wp-content\/uploads\/2022\/12\/HOSP-DIGITAL-1-1-1.jpeg 1067w, https:\/\/radiorevelacionfm.cl\/wp-content\/uploads\/2022\/12\/HOSP-DIGITAL-1-1-1-300x169.jpeg 300w, https:\/\/radiorevelacionfm.cl\/wp-content\/uploads\/2022\/12\/HOSP-DIGITAL-1-1-1-1030x579.jpeg 1030w, https:\/\/radiorevelacionfm.cl\/wp-content\/uploads\/2022\/12\/HOSP-DIGITAL-1-1-1-768x432.jpeg 768w, https:\/\/radiorevelacionfm.cl\/wp-content\/uploads\/2022\/12\/HOSP-DIGITAL-1-1-1-705x396.jpeg 705w, https:\/\/radiorevelacionfm.cl\/wp-content\/uploads\/2022\/12\/HOSP-DIGITAL-1-1-1-600x337.jpeg 600w\" sizes=\"(max-width: 1067px) 100vw, 1067px\" \/><\/div><\/div><\/div><\/div><div class=\"flex_column av_one_full  flex_column_div av-zero-column-padding first  avia-builder-el-2  el_after_av_one_full  el_before_av_one_full  column-top-margin\" style='border-radius:0px; '><section class=\"av_textblock_section \"  itemscope=\"itemscope\" itemtype=\"https:\/\/schema.org\/BlogPosting\" itemprop=\"blogPost\" ><div class='avia_textblock  '   itemprop=\"text\" ><p style=\"text-align: center;\"><span style=\"font-size: 18pt;\"><b><span lang=\"ES\">TENS y param\u00e9dicos de Postas de Salud Rural de la regi\u00f3n fueron capacitados en telemedicina<\/span><\/b><\/span><\/p>\n<div id=\"gtx-trans\" style=\"position: absolute; left: -50px; top: 4.31534px;\">\n<div class=\"gtx-trans-icon\"><\/div>\n<\/div>\n<\/div><\/section><\/div><div class=\"flex_column av_one_full  flex_column_div av-zero-column-padding first  avia-builder-el-4  el_after_av_one_full  el_before_av_hr  column-top-margin\" style='border-radius:0px; '><section class=\"av_textblock_section \"  itemscope=\"itemscope\" itemtype=\"https:\/\/schema.org\/BlogPosting\" itemprop=\"blogPost\" ><div class='avia_textblock  '   itemprop=\"text\" ><p style=\"font-weight: 400; text-align: justify;\">Casi cien personas participaron de las capacitaciones en l\u00ednea destinada a todos y todas las T\u00e9cnicos de Nivel Superior (TENS) de las 28 postas de salud rural de la regi\u00f3n, organizada por la unidad de Hospital Digital del Servicio de Salud Ays\u00e9n.<\/p>\n<p style=\"font-weight: 400; text-align: justify;\">La actividad estuvo enfocada en fortalecer herramientas digitales, a trav\u00e9s de v\u00eda telef\u00f3nica y digital respectivamente, con presencia de psic\u00f3logos y otras especialidades. Se abordaron temas de la contingencia, escogidos seg\u00fan las estad\u00edsticas regionales, para mantener a los equipos preparados para situaciones complejas. \u201cPudimos ver algunas brechas pendientes, con muy buena disposici\u00f3n de los profesionales m\u00e9dicos con los param\u00e9dicos para acercar y solucionar la salud de las personas, adquirimos nuevos conocimientos y repasamos otros. Adem\u00e1s, pudimos opinar y aunque falten algunas cosas y se nota que hay una preocupaci\u00f3n de parte de las personas que est\u00e1n coordinando para con los TENS\u201d, especific\u00f3 Blanca Caro, t\u00e9cnico de enfermer\u00eda de nivel superior de Puerto Tranquilo.<\/p>\n<p style=\"font-weight: 400; text-align: justify;\">Valor\u00f3 adem\u00e1s la coordinaci\u00f3n del equipo organizador, el respeto por los horarios, \u201ctodo excelente\u201d, dijo la profesional.<\/p>\n<p style=\"font-weight: 400; text-align: justify;\">\u201cEsto con la finalidad de aumentar las prestaciones de telemedicina y teleasistencia, lo que busca aumentar las prestaciones a trav\u00e9s del hospital digital que tiene plataformas m\u00e9dicas al servicio de la comunidad y nos permiten atenciones en lugares apartados del territorio, sincr\u00f3nicas en tiempo real o asincr\u00f3nicas, es decir, en tiempo diferido y responden m\u00e9dicos generales y especialistas\u201d, a\u00f1adi\u00f3 Lorena Guerrero, directora de Atenci\u00f3n Primaria (APS).<\/p>\n<p style=\"font-weight: 400; text-align: justify;\">Se espera replicar este tipo de capacitaciones que exigen adecuaciones y esfuerzos para coincidir horarios, de acuerdo a requerimientos y necesidades de los equipos, cuyo fin es otorgar una salud digna, oportuna, de calidad y segura.<\/p>\n<p style=\"font-weight: 400; text-align: justify;\">La idea era que los equipos de APS pudieran conversar de algunas tem\u00e1ticas un poco desarticuladas y acordamos temas importantes para ellos como categorizaci\u00f3n, funci\u00f3n subcut\u00e1nea, estrategias digitales, c\u00f3mo manejarlas. Invitamos a m\u00e9dicos de hospital digital, lo que signific\u00f3 coordinar horas de m\u00e9dicos de nuestras plataformas y solicitar colaboraci\u00f3n a enfermero de oncolog\u00eda y autoridades de atenci\u00f3n primaria que respaldaron la actividad y nuestras autoridades del magisterio\u201d, agreg\u00f3 Jenny Obando Latorre, encargada unidad de Hospital Digital.<\/p>\n<p style=\"font-weight: 400; text-align: justify;\">Participaron todos los TENS de las 28 postas de salud rural, pero resguardando la atenci\u00f3n correspondiente en cada una de las aisladas localidades de la desmembrada regi\u00f3n de Ays\u00e9n. \u201cTodos los integrantes del equipo son importantes y todos suman para la atenci\u00f3n de los usuarios, sobre todo en zonas lejanas y aisladas, donde requieren apoyo de m\u00e9dicos y especialistas. Nuestro foco est\u00e1 centrado en el usuario o paciente\u201d, remat\u00f3 Jenny Obando.<\/p>\n<p style=\"font-weight: 400; text-align: justify;\">La profesional Obando Latorre reiter\u00f3 su agradecimiento a todos quienes fueron parte de este operativo y capacitaci\u00f3n, entre ellos Crist\u00f3bal Carmona y Sandra Tapia.<\/p>\n<\/div><\/section><\/div><div  style='height:50px' class='hr hr-invisible   avia-builder-el-6  el_after_av_one_full  el_before_av_social_share '><span class='hr-inner ' ><span class='hr-inner-style'><\/span><\/span><\/div><\/p>\n<div  class='av-social-sharing-box  avia-builder-el-7  el_after_av_hr  el_before_av_hr  '><div class='av-share-box'><h5 class='av-share-link-description av-no-toc '>Compartir esta noticia<\/h5><ul class='av-share-box-list noLightbox'><li class='av-share-link av-social-link-facebook' ><a target=\"_blank\" aria-label=\"Compartir en Facebook\" href='https:\/\/www.facebook.com\/sharer.php?u=https:\/\/radiorevelacionfm.cl\/?p=24903&#038;t=TENS%20y%20param%C3%A9dicos%20de%20Postas%20de%20Salud%20Rural%20de%20la%20regi%C3%B3n%20fueron%20capacitados%20en%20telemedicina' aria-hidden='false' data-av_icon='\ue8f3' data-av_iconfont='entypo-fontello' title='' data-avia-related-tooltip='Compartir en Facebook' rel=\"noopener\"><span class='avia_hidden_link_text'>Compartir en Facebook<\/span><\/a><\/li><li class='av-share-link av-social-link-twitter' ><a target=\"_blank\" aria-label=\"Compartir en Twitter\" href='https:\/\/twitter.com\/share?text=TENS%20y%20param%C3%A9dicos%20de%20Postas%20de%20Salud%20Rural%20de%20la%20regi%C3%B3n%20fueron%20capacitados%20en%20telemedicina&#038;url=https:\/\/radiorevelacionfm.cl\/?p=24903' aria-hidden='false' data-av_icon='\ue8f1' data-av_iconfont='entypo-fontello' title='' data-avia-related-tooltip='Compartir en Twitter' rel=\"noopener\"><span class='avia_hidden_link_text'>Compartir en Twitter<\/span><\/a><\/li><li class='av-share-link av-social-link-whatsapp' ><a target=\"_blank\" aria-label=\"Compartir en Whatsapp\" href='https:\/\/api.whatsapp.com\/send?text=https:\/\/radiorevelacionfm.cl\/?p=24903' aria-hidden='false' data-av_icon='\uf232' data-av_iconfont='entypo-fontello' title='' data-avia-related-tooltip='Compartir en Whatsapp' rel=\"noopener\"><span class='avia_hidden_link_text'>Compartir en Whatsapp<\/span><\/a><\/li><li class='av-share-link av-social-link-linkedin' ><a target=\"_blank\" aria-label=\"Compartir en LinkedIn\" href='https:\/\/linkedin.com\/shareArticle?mini=true&#038;title=TENS%20y%20param%C3%A9dicos%20de%20Postas%20de%20Salud%20Rural%20de%20la%20regi%C3%B3n%20fueron%20capacitados%20en%20telemedicina&#038;url=https:\/\/radiorevelacionfm.cl\/?p=24903' aria-hidden='false' data-av_icon='\ue8fc' data-av_iconfont='entypo-fontello' title='' data-avia-related-tooltip='Compartir en LinkedIn' rel=\"noopener\"><span class='avia_hidden_link_text'>Compartir en LinkedIn<\/span><\/a><\/li><li class='av-share-link av-social-link-mail' ><a  aria-label=\"Compartir por correo\" href='mailto:?subject=TENS%20y%20param%C3%A9dicos%20de%20Postas%20de%20Salud%20Rural%20de%20la%20regi%C3%B3n%20fueron%20capacitados%20en%20telemedicina&#038;body=https:\/\/radiorevelacionfm.cl\/?p=24903' aria-hidden='false' data-av_icon='\ue805' data-av_iconfont='entypo-fontello' title='' data-avia-related-tooltip='Compartir por correo'><span class='avia_hidden_link_text'>Compartir por correo<\/span><\/a><\/li><\/ul><\/div><\/div>\n<div  style='height:50px' class='hr hr-invisible   avia-builder-el-8  el_after_av_social_share  el_before_av_comments_list '><span class='hr-inner ' ><span class='hr-inner-style'><\/span><\/span><\/div>\n<div  class='av-buildercomment  av-blog-meta-html-info-disabled av-blog-meta-tag-disabled  '><\/div>\n","protected":false},"excerpt":{"rendered":"","protected":false},"author":1,"featured_media":24904,"comment_status":"open","ping_status":"open","sticky":false,"template":"","format":"standard","meta":{"footnotes":""},"categories":[46],"tags":[],"class_list":["post-24903","post","type-post","status-publish","format-standard","has-post-thumbnail","hentry","category-salud"],"jetpack_featured_media_url":"https:\/\/radiorevelacionfm.cl\/wp-content\/uploads\/2022\/12\/HOSP-DIGITAL-1-1-1.jpeg","_links":{"self":[{"href":"https:\/\/radiorevelacionfm.cl\/index.php?rest_route=\/wp\/v2\/posts\/24903","targetHints":{"allow":["GET"]}}],"collection":[{"href":"https:\/\/radiorevelacionfm.cl\/index.php?rest_route=\/wp\/v2\/posts"}],"about":[{"href":"https:\/\/radiorevelacionfm.cl\/index.php?rest_route=\/wp\/v2\/types\/post"}],"author":[{"embeddable":true,"href":"https:\/\/radiorevelacionfm.cl\/index.php?rest_route=\/wp\/v2\/users\/1"}],"replies":[{"embeddable":true,"href":"https:\/\/radiorevelacionfm.cl\/index.php?rest_route=%2Fwp%2Fv2%2Fcomments&post=24903"}],"version-history":[{"count":2,"href":"https:\/\/radiorevelacionfm.cl\/index.php?rest_route=\/wp\/v2\/posts\/24903\/revisions"}],"predecessor-version":[{"id":24907,"href":"https:\/\/radiorevelacionfm.cl\/index.php?rest_route=\/wp\/v2\/posts\/24903\/revisions\/24907"}],"wp:featuredmedia":[{"embeddable":true,"href":"https:\/\/radiorevelacionfm.cl\/index.php?rest_route=\/wp\/v2\/media\/24904"}],"wp:attachment":[{"href":"https:\/\/radiorevelacionfm.cl\/index.php?rest_route=%2Fwp%2Fv2%2Fmedia&parent=24903"}],"wp:term":[{"taxonomy":"category","embeddable":true,"href":"https:\/\/radiorevelacionfm.cl\/index.php?rest_route=%2Fwp%2Fv2%2Fcategories&post=24903"},{"taxonomy":"post_tag","embeddable":true,"href":"https:\/\/radiorevelacionfm.cl\/index.php?rest_route=%2Fwp%2Fv2%2Ftags&post=24903"}],"curies":[{"name":"wp","href":"https:\/\/api.w.org\/{rel}","templated":true}]}}