{"id":24900,"date":"2022-12-02T09:30:18","date_gmt":"2022-12-02T12:30:18","guid":{"rendered":"https:\/\/radiorevelacionfm.cl\/?p=24900"},"modified":"2022-12-02T09:30:18","modified_gmt":"2022-12-02T12:30:18","slug":"vecinos-de-puerto-aysen-se-informaron-sobre-programa-familia-de-acogida-especializada","status":"publish","type":"post","link":"https:\/\/radiorevelacionfm.cl\/?p=24900","title":{"rendered":"Vecinos de Puerto Ays\u00e9n se informaron sobre programa Familia de Acogida Especializada"},"content":{"rendered":"<div class=\"flex_column av_one_full  flex_column_div av-zero-column-padding first  avia-builder-el-0  el_before_av_one_full  avia-builder-el-first  \" style='border-radius:0px; '><div  class='avia-image-container  av-styling-    avia-builder-el-1  avia-builder-el-no-sibling  avia-align-center '  itemprop=\"image\" itemscope=\"itemscope\" itemtype=\"https:\/\/schema.org\/ImageObject\"  ><div class='avia-image-container-inner'><div class='avia-image-overlay-wrap'><img decoding=\"async\" class='wp-image-24901 avia-img-lazy-loading-not-24901 avia_image' src=\"https:\/\/radiorevelacionfm.cl\/wp-content\/uploads\/2022\/12\/DIFUSION-FAE-PUERTO-AYSEN-1a-1-1.jpg\" alt='' title='DIFUSI\u00d3N FAE PUERTO AYS\u00c9N (1)a (1) (1)' height=\"600\" width=\"846\"  itemprop=\"thumbnailUrl\" srcset=\"https:\/\/radiorevelacionfm.cl\/wp-content\/uploads\/2022\/12\/DIFUSION-FAE-PUERTO-AYSEN-1a-1-1.jpg 846w, https:\/\/radiorevelacionfm.cl\/wp-content\/uploads\/2022\/12\/DIFUSION-FAE-PUERTO-AYSEN-1a-1-1-300x213.jpg 300w, https:\/\/radiorevelacionfm.cl\/wp-content\/uploads\/2022\/12\/DIFUSION-FAE-PUERTO-AYSEN-1a-1-1-768x545.jpg 768w, https:\/\/radiorevelacionfm.cl\/wp-content\/uploads\/2022\/12\/DIFUSION-FAE-PUERTO-AYSEN-1a-1-1-260x185.jpg 260w, https:\/\/radiorevelacionfm.cl\/wp-content\/uploads\/2022\/12\/DIFUSION-FAE-PUERTO-AYSEN-1a-1-1-705x500.jpg 705w, https:\/\/radiorevelacionfm.cl\/wp-content\/uploads\/2022\/12\/DIFUSION-FAE-PUERTO-AYSEN-1a-1-1-600x426.jpg 600w\" sizes=\"(max-width: 846px) 100vw, 846px\" \/><\/div><\/div><\/div><\/div><div class=\"flex_column av_one_full  flex_column_div av-zero-column-padding first  avia-builder-el-2  el_after_av_one_full  el_before_av_one_full  column-top-margin\" style='border-radius:0px; '><section class=\"av_textblock_section \"  itemscope=\"itemscope\" itemtype=\"https:\/\/schema.org\/BlogPosting\" itemprop=\"blogPost\" ><div class='avia_textblock  '   itemprop=\"text\" ><p style=\"text-align: center;\"><span style=\"font-size: 18pt;\"><b>Vecinos de Puerto Ays\u00e9n se informaron sobre programa Familia de Acogida Especializada<\/b><\/span><\/p>\n<div id=\"gtx-trans\" style=\"position: absolute; left: -50px; top: 4.31534px;\">\n<div class=\"gtx-trans-icon\"><\/div>\n<\/div>\n<\/div><\/section><\/div><div class=\"flex_column av_one_full  flex_column_div av-zero-column-padding first  avia-builder-el-4  el_after_av_one_full  el_before_av_hr  column-top-margin\" style='border-radius:0px; '><section class=\"av_textblock_section \"  itemscope=\"itemscope\" itemtype=\"https:\/\/schema.org\/BlogPosting\" itemprop=\"blogPost\" ><div class='avia_textblock  '   itemprop=\"text\" ><p style=\"text-align: justify;\">Como una manera de sensibilizar, difundir y entregar informaci\u00f3n a la comunidad sobre el programa Familia de Acogida Especializada, la jefa del departamento de servicios y prestaciones del Servicio de Protecci\u00f3n Especializada a la Ni\u00f1ez y la Adolescencia Gabriela Opazo, se desplaz\u00f3 hasta Puerto Ays\u00e9n para conversar con la comunidad y entregar material informativo sobre esta iniciativa.<\/p>\n<p style=\"text-align: justify;\">Al respecto Opazo se\u00f1al\u00f3 que \u201cel programa Familia de Acogida Especializada, es una iniciativa central dentro de nuestro Servicio. Se trata de hacer part\u00edcipes a la comunidad de apoyar a los ni\u00f1os, ni\u00f1as y adolescentes que han sido vulnerados en sus derechos determinados por el tribunal respectivo y que requieran ser acogidos por un tiempo determinado y as\u00ed entregarles contenci\u00f3n, cuidados, amor y protecci\u00f3n mientras se regulariza su situaci\u00f3n definitiva\u201d.<\/p>\n<p style=\"text-align: justify;\">Finalmente, la jefa del departamento de servicios y prestaciones que trabaja en la Direcci\u00f3n Regional de Mejor Ni\u00f1ez agreg\u00f3 que \u201cel programa FAE (familia de acogida especializada) requiere contar con familias que est\u00e9n dispuestas a acoger a ni\u00f1os, ni\u00f1as y adolescentes y es por eso que durante este a\u00f1o nos hemos desplegado en diversas comunas, tal como lo hicimos esta jornada en Puerto Ays\u00e9n para entregar informaci\u00f3n a la comunidad y as\u00ed sensibilizar sobre esta hermosa iniciativa\u201d.<\/p>\n<p style=\"text-align: justify;\">Si quieres ser parte de las familias de acogida que existen en la regi\u00f3n de Ays\u00e9n, puedes inscribirte en la web\u00a0<a href=\"http:\/\/www.mejorninez.cl\/\" data-saferedirecturl=\"https:\/\/www.google.com\/url?q=http:\/\/www.mejorninez.cl&amp;source=gmail&amp;ust=1670012131798000&amp;usg=AOvVaw0Nm9ViqvuIvBGkCGk72wjj\">www.mejorninez.cl<\/a>, secci\u00f3n familia de acogida o dirigirse en las oficinas de la organizaci\u00f3n que est\u00e1 a cargo del proceso \u201cFae Pro Amig\u00f3\u201d, el cual est\u00e1 est\u00e1 ubicado en calle Barroso 816 en la ciudad de Coyhaique.<\/p>\n<\/div><\/section><\/div><div  style='height:50px' class='hr hr-invisible   avia-builder-el-6  el_after_av_one_full  el_before_av_social_share '><span class='hr-inner ' ><span class='hr-inner-style'><\/span><\/span><\/div><\/p>\n<div  class='av-social-sharing-box  avia-builder-el-7  el_after_av_hr  el_before_av_hr  '><div class='av-share-box'><h5 class='av-share-link-description av-no-toc '>Compartir esta noticia<\/h5><ul class='av-share-box-list noLightbox'><li class='av-share-link av-social-link-facebook' ><a target=\"_blank\" aria-label=\"Compartir en Facebook\" href='https:\/\/www.facebook.com\/sharer.php?u=https:\/\/radiorevelacionfm.cl\/?p=24900&#038;t=Vecinos%20de%20Puerto%20Ays%C3%A9n%20se%20informaron%20sobre%20programa%20Familia%20de%20Acogida%20Especializada' aria-hidden='false' data-av_icon='\ue8f3' data-av_iconfont='entypo-fontello' title='' data-avia-related-tooltip='Compartir en Facebook' rel=\"noopener\"><span class='avia_hidden_link_text'>Compartir en Facebook<\/span><\/a><\/li><li class='av-share-link av-social-link-twitter' ><a target=\"_blank\" aria-label=\"Compartir en Twitter\" href='https:\/\/twitter.com\/share?text=Vecinos%20de%20Puerto%20Ays%C3%A9n%20se%20informaron%20sobre%20programa%20Familia%20de%20Acogida%20Especializada&#038;url=https:\/\/radiorevelacionfm.cl\/?p=24900' aria-hidden='false' data-av_icon='\ue8f1' data-av_iconfont='entypo-fontello' title='' data-avia-related-tooltip='Compartir en Twitter' rel=\"noopener\"><span class='avia_hidden_link_text'>Compartir en Twitter<\/span><\/a><\/li><li class='av-share-link av-social-link-whatsapp' ><a target=\"_blank\" aria-label=\"Compartir en Whatsapp\" href='https:\/\/api.whatsapp.com\/send?text=https:\/\/radiorevelacionfm.cl\/?p=24900' aria-hidden='false' data-av_icon='\uf232' data-av_iconfont='entypo-fontello' title='' data-avia-related-tooltip='Compartir en Whatsapp' rel=\"noopener\"><span class='avia_hidden_link_text'>Compartir en Whatsapp<\/span><\/a><\/li><li class='av-share-link av-social-link-linkedin' ><a target=\"_blank\" aria-label=\"Compartir en LinkedIn\" href='https:\/\/linkedin.com\/shareArticle?mini=true&#038;title=Vecinos%20de%20Puerto%20Ays%C3%A9n%20se%20informaron%20sobre%20programa%20Familia%20de%20Acogida%20Especializada&#038;url=https:\/\/radiorevelacionfm.cl\/?p=24900' aria-hidden='false' data-av_icon='\ue8fc' data-av_iconfont='entypo-fontello' title='' data-avia-related-tooltip='Compartir en LinkedIn' rel=\"noopener\"><span class='avia_hidden_link_text'>Compartir en LinkedIn<\/span><\/a><\/li><li class='av-share-link av-social-link-mail' ><a  aria-label=\"Compartir por correo\" href='mailto:?subject=Vecinos%20de%20Puerto%20Ays%C3%A9n%20se%20informaron%20sobre%20programa%20Familia%20de%20Acogida%20Especializada&#038;body=https:\/\/radiorevelacionfm.cl\/?p=24900' aria-hidden='false' data-av_icon='\ue805' data-av_iconfont='entypo-fontello' title='' data-avia-related-tooltip='Compartir por correo'><span class='avia_hidden_link_text'>Compartir por correo<\/span><\/a><\/li><\/ul><\/div><\/div>\n<div  style='height:50px' class='hr hr-invisible   avia-builder-el-8  el_after_av_social_share  el_before_av_comments_list '><span class='hr-inner ' ><span class='hr-inner-style'><\/span><\/span><\/div>\n<div  class='av-buildercomment  av-blog-meta-html-info-disabled av-blog-meta-tag-disabled  '><\/div>\n","protected":false},"excerpt":{"rendered":"","protected":false},"author":1,"featured_media":24901,"comment_status":"open","ping_status":"open","sticky":false,"template":"","format":"standard","meta":{"footnotes":""},"categories":[38],"tags":[],"class_list":["post-24900","post","type-post","status-publish","format-standard","has-post-thumbnail","hentry","category-regional"],"jetpack_featured_media_url":"https:\/\/radiorevelacionfm.cl\/wp-content\/uploads\/2022\/12\/DIFUSION-FAE-PUERTO-AYSEN-1a-1-1.jpg","_links":{"self":[{"href":"https:\/\/radiorevelacionfm.cl\/index.php?rest_route=\/wp\/v2\/posts\/24900","targetHints":{"allow":["GET"]}}],"collection":[{"href":"https:\/\/radiorevelacionfm.cl\/index.php?rest_route=\/wp\/v2\/posts"}],"about":[{"href":"https:\/\/radiorevelacionfm.cl\/index.php?rest_route=\/wp\/v2\/types\/post"}],"author":[{"embeddable":true,"href":"https:\/\/radiorevelacionfm.cl\/index.php?rest_route=\/wp\/v2\/users\/1"}],"replies":[{"embeddable":true,"href":"https:\/\/radiorevelacionfm.cl\/index.php?rest_route=%2Fwp%2Fv2%2Fcomments&post=24900"}],"version-history":[{"count":2,"href":"https:\/\/radiorevelacionfm.cl\/index.php?rest_route=\/wp\/v2\/posts\/24900\/revisions"}],"predecessor-version":[{"id":24932,"href":"https:\/\/radiorevelacionfm.cl\/index.php?rest_route=\/wp\/v2\/posts\/24900\/revisions\/24932"}],"wp:featuredmedia":[{"embeddable":true,"href":"https:\/\/radiorevelacionfm.cl\/index.php?rest_route=\/wp\/v2\/media\/24901"}],"wp:attachment":[{"href":"https:\/\/radiorevelacionfm.cl\/index.php?rest_route=%2Fwp%2Fv2%2Fmedia&parent=24900"}],"wp:term":[{"taxonomy":"category","embeddable":true,"href":"https:\/\/radiorevelacionfm.cl\/index.php?rest_route=%2Fwp%2Fv2%2Fcategories&post=24900"},{"taxonomy":"post_tag","embeddable":true,"href":"https:\/\/radiorevelacionfm.cl\/index.php?rest_route=%2Fwp%2Fv2%2Ftags&post=24900"}],"curies":[{"name":"wp","href":"https:\/\/api.w.org\/{rel}","templated":true}]}}