{"id":24893,"date":"2022-12-02T17:00:09","date_gmt":"2022-12-02T20:00:09","guid":{"rendered":"https:\/\/radiorevelacionfm.cl\/?p=24893"},"modified":"2022-12-02T17:10:25","modified_gmt":"2022-12-02T20:10:25","slug":"encuentro-ciudadano-de-las-culturas-comunitarias-reune-expresiones-artisticas-sabores-y-saberes-territoriales-en-el-gam","status":"publish","type":"post","link":"https:\/\/radiorevelacionfm.cl\/?p=24893","title":{"rendered":"Encuentro Ciudadano de las Culturas Comunitarias re\u00fane expresiones art\u00edsticas, sabores y saberes territoriales en el GAM"},"content":{"rendered":"<div class=\"flex_column av_one_full  flex_column_div av-zero-column-padding first  avia-builder-el-0  el_before_av_one_full  avia-builder-el-first  \" style='border-radius:0px; '><div  class='avia-image-container  av-styling-    avia-builder-el-1  avia-builder-el-no-sibling  avia-align-center '  itemprop=\"image\" itemscope=\"itemscope\" itemtype=\"https:\/\/schema.org\/ImageObject\"  ><div class='avia-image-container-inner'><div class='avia-image-overlay-wrap'><img decoding=\"async\" class='wp-image-24945 avia-img-lazy-loading-not-24945 avia_image' src=\"https:\/\/radiorevelacionfm.cl\/wp-content\/uploads\/2022\/12\/foto-2-22-1_optimized.jpg\" alt='' title='foto-2-(22)-(1)_optimized' height=\"600\" width=\"1065\"  itemprop=\"thumbnailUrl\" srcset=\"https:\/\/radiorevelacionfm.cl\/wp-content\/uploads\/2022\/12\/foto-2-22-1_optimized.jpg 1065w, https:\/\/radiorevelacionfm.cl\/wp-content\/uploads\/2022\/12\/foto-2-22-1_optimized-300x169.jpg 300w, https:\/\/radiorevelacionfm.cl\/wp-content\/uploads\/2022\/12\/foto-2-22-1_optimized-1030x580.jpg 1030w, https:\/\/radiorevelacionfm.cl\/wp-content\/uploads\/2022\/12\/foto-2-22-1_optimized-768x433.jpg 768w, https:\/\/radiorevelacionfm.cl\/wp-content\/uploads\/2022\/12\/foto-2-22-1_optimized-705x397.jpg 705w, https:\/\/radiorevelacionfm.cl\/wp-content\/uploads\/2022\/12\/foto-2-22-1_optimized-600x338.jpg 600w\" sizes=\"(max-width: 1065px) 100vw, 1065px\" \/><\/div><\/div><\/div><\/div><div class=\"flex_column av_one_full  flex_column_div av-zero-column-padding first  avia-builder-el-2  el_after_av_one_full  el_before_av_one_full  column-top-margin\" style='border-radius:0px; '><section class=\"av_textblock_section \"  itemscope=\"itemscope\" itemtype=\"https:\/\/schema.org\/BlogPosting\" itemprop=\"blogPost\" ><div class='avia_textblock  '   itemprop=\"text\" ><p style=\"text-align: center;\"><span style=\"font-size: 18pt;\"><strong>Encuentro Ciudadano de las Culturas Comunitarias re\u00fane expresiones art\u00edsticas, sabores y saberes territoriales en el GAM<\/strong><\/span><\/p>\n<div id=\"gtx-trans\" style=\"position: absolute; left: -50px; top: 4.31534px;\">\n<div class=\"gtx-trans-icon\"><\/div>\n<\/div>\n<\/div><\/section><\/div><\/p>\n<div class=\"flex_column av_one_full  flex_column_div av-zero-column-padding first  avia-builder-el-4  el_after_av_one_full  el_before_av_hr  column-top-margin\" style='border-radius:0px; '><section class=\"av_textblock_section \"  itemscope=\"itemscope\" itemtype=\"https:\/\/schema.org\/BlogPosting\" itemprop=\"blogPost\" ><div class='avia_textblock  '   itemprop=\"text\" ><p style=\"text-align: justify;\">Con una Pawa, ritual ancestral de los pueblos andinos a cargo del Yatiri Aymara, Francisco Rivera, miembro de la comunidad ind\u00edgena de Codpa en la Regi\u00f3n de Arica y Parinacota, la ministra de las Culturas, las Artes y el Patrimonio, Julieta Brodsky Hern\u00e1ndez, junto a la subsecretaria de las Culturas y las Artes, Andrea Guti\u00e9rrez V\u00e1squez, y el director ejecutivo del Centro Gabriela Mistral GAM, Felipe Mella, inauguraron este jueves el Encuentro Ciudadano de las Culturas Comunitarias, uno de los hitos m\u00e1s importantes en su g\u00e9nero celebrado en el pa\u00eds.<\/p>\n<p style=\"text-align: justify;\">El encuentro, que se extiende este jueves y viernes en el GAM, constituye el hito de finalizaci\u00f3n de la fase de instalaci\u00f3n del programa Puntos de Cultura, proceso participativo desarrollado durante este a\u00f1o y que forma parte de los compromisos del Programa de Gobierno del Presidente Gabriel Boric.<\/p>\n<p style=\"text-align: justify;\">\u201cEste encuentro viene a coronar el gran proceso participativo que hemos tenido en todas las regiones del pa\u00eds, donde se han sumado cientos de comunidades, con reuniones y encuentros, muchos de ellos autoconvocados, en torno a la elaboraci\u00f3n del programa Puntos de Cultura Comunitaria, que ya cuenta con un presupuesto asignado para ello y cuya implementaci\u00f3n estamos definiendo justamente con las organizaciones\u201d, dijo la ministra Julieta Brodsky. Adem\u00e1s agreg\u00f3 que \u201cLo m\u00e1s importante de Punto de Cultura es que viene a resarcir una deuda hist\u00f3rica de las pol\u00edticas p\u00fablicas con las organizaciones comunitarias y a poner el \u00e9nfasis en el rol social de las culturas y las artes en la recuperaci\u00f3n del espacio p\u00fablico, en mejorar la cohesi\u00f3n social, trabajar y compartir en comunidad\u201d.<\/p>\n<p style=\"text-align: justify;\">En el Encuentro Ciudadano participan m\u00e1s de 48 comunidades representadas por delegaciones de todo el pa\u00eds buscando compartir sus experiencias sobre cultura, expresiones art\u00edsticas y la gesti\u00f3n cultural comunitaria que desarrollan en sus territorios. A la cita fueron convocadas m\u00e1s de 51 agrupaciones culturales comunitarias, nueve presentaciones art\u00edsticas comunitarias, comunidades migrantes y representantes de asociaciones de memoria y derechos humanos.<\/p>\n<p style=\"text-align: justify;\">\u201cCuando hablamos de Puntos de Cultura hablamos del reconocimiento de las organizaciones comunitarias de todo el pa\u00eds y el trabajo que han venido realizando por muchos a\u00f1os. Hoy el Estado se hace parte de ese reconocimiento, valora el rol que cumplen en los distintos territorios y que desde el Ministerio de las Culturas impulsamos como \u00e9nfasis de la recuperaci\u00f3n de las confianzas\u201d, explic\u00f3 la subsecretaria Andrea Guti\u00e9rrez.<\/p>\n<p style=\"text-align: justify;\">En la Feria de las Artes y las Culturas Comunitarias dispuesta en el Z\u00f3calo del GAM y con acceso liberado, se presentan m\u00e1s de 14 talleres demostrativos de las diversas expresiones art\u00edsticas comunitarias provenientes de todo el pa\u00eds, tales como: m\u00fasica mapuche, pawa andina, bandas de bronce, flores de hojalata, danzas, teatro inclusivo, tradiciones orales, declamaciones, rap y grafitti, fotograf\u00eda, biodanza, serigraf\u00eda, artesan\u00edas tradicionales, t\u00e9cnicas del vell\u00f3n, fieltro, carboncillo y grafito. Tambi\u00e9n se ofrecen degustaciones de platos tradicionales comunitarios y gastronom\u00eda migrante.<\/p>\n<p style=\"text-align: justify;\">El Encuentro Ciudadano contin\u00faa este viernes con la Feria de Culturas Comunitarias y el coloquio \u201cPuntos de Cultura Comunitaria: Experiencias, conocimientos locales y pol\u00edticas para el desarrollo comunitario\u201d, que se desarrollar\u00e1 en la Sala A1 y ser\u00e1 transmitido por <a href=\"https:\/\/www.facebook.com\/ciudadaniaculturas\">Facebook Live<\/a>\u00a0y\u00a0<a href=\"https:\/\/www.youtube.com\/MinisteriodelasCulturas\">YouTube Live<\/a>.<\/p>\n<p style=\"text-align: justify;\"><strong>Fase de implementaci\u00f3n<\/strong><\/p>\n<p style=\"text-align: justify;\">El programa Puntos de Cultura Comunitaria se ha forjado con el trabajo sostenido de equipos regionales del programa Red Cultura del Ministerio de las Culturas, en conjunto con las Organizaciones Culturales Comunitarias.<\/p>\n<p style=\"text-align: justify;\">La implementaci\u00f3n se inici\u00f3 en marzo de 2022 con un diagn\u00f3stico interno a cargo de 150 funcionarias y funcionarios de todo el pa\u00eds, quienes elaboraron el material metodol\u00f3gico que sirvi\u00f3 de base para la implementaci\u00f3n de Di\u00e1logos Ciudadanos.<\/p>\n<p style=\"text-align: justify;\">En julio, la ministra Julieta Brodsky invit\u00f3 a Chile al escritor investigador, C\u00e9lio Turino, creador de la pol\u00edtica p\u00fablica Puntos de Cultura en Brasil, quien conoci\u00f3 la diversidad y el trabajo de organizaciones culturales comunitarias en las regiones de Valpara\u00edso, Maule y Metropolitana. Tambi\u00e9n en este periodo se levant\u00f3 el sitio <a href=\"https:\/\/puntos.cultura.gob.cl\">puntos.cultura.gob.cl<\/a> donde las comunidades han conocido el proceso y hecho aportes al dise\u00f1o program\u00e1tico colaborativo y colectivo del programa.<\/p>\n<p style=\"text-align: justify;\">Se llev\u00f3 a cabo adem\u00e1s un ciclo internacional de conversaci\u00f3n virtual con la colaboraci\u00f3n del programa Ibercultura Viva, el que cont\u00f3 con la participaci\u00f3n de instancias de gobierno, municipios y puntos de cultura de Argentina, Per\u00fa, Costa Rica, Uruguay y Brasil, e incluy\u00f3 el testimonio de la Presidenta del Consejo Intergubernamental de ese programa de cooperaci\u00f3n internacional, Esther Hern\u00e1ndez, quien habl\u00f3 de la pol\u00edtica de cultura comunitaria implementada en M\u00e9xico.<\/p>\n<p style=\"text-align: justify;\">Con el apoyo del Ministerio de las Culturas, una delegaci\u00f3n nacional pudo participar en octubre en el 5to Congreso Latinoamericano de Cultura Viva Comunitaria. Finalmente, entre octubre y noviembre se convoc\u00f3 a las comunidades a aportar al programa en procesos participativos, pudiendo concretarse 151 Di\u00e1logos Ciudadanos en 110 comunas de todas las regiones del pa\u00eds, con la participaci\u00f3n de 845 organizaciones culturales comunitarias y 1.427 personas participantes.<\/p>\n<\/div><\/section><\/div>\n<div  style='height:50px' class='hr hr-invisible   avia-builder-el-6  el_after_av_one_full  el_before_av_social_share '><span class='hr-inner ' ><span class='hr-inner-style'><\/span><\/span><\/div>\n<div  class='av-social-sharing-box  avia-builder-el-7  el_after_av_hr  el_before_av_hr  '><div class='av-share-box'><h5 class='av-share-link-description av-no-toc '>Compartir esta noticia<\/h5><ul class='av-share-box-list noLightbox'><li class='av-share-link av-social-link-facebook' ><a target=\"_blank\" aria-label=\"Compartir en Facebook\" href='https:\/\/www.facebook.com\/sharer.php?u=https:\/\/radiorevelacionfm.cl\/?p=24893&#038;t=Encuentro%20Ciudadano%20de%20las%20Culturas%20Comunitarias%20re%C3%BAne%20expresiones%20art%C3%ADsticas%2C%20sabores%20y%20saberes%20territoriales%20en%20el%20GAM' aria-hidden='false' data-av_icon='\ue8f3' data-av_iconfont='entypo-fontello' title='' data-avia-related-tooltip='Compartir en Facebook' rel=\"noopener\"><span class='avia_hidden_link_text'>Compartir en Facebook<\/span><\/a><\/li><li class='av-share-link av-social-link-twitter' ><a target=\"_blank\" aria-label=\"Compartir en Twitter\" href='https:\/\/twitter.com\/share?text=Encuentro%20Ciudadano%20de%20las%20Culturas%20Comunitarias%20re%C3%BAne%20expresiones%20art%C3%ADsticas%2C%20sabores%20y%20saberes%20territoriales%20en%20el%20GAM&#038;url=https:\/\/radiorevelacionfm.cl\/?p=24893' aria-hidden='false' data-av_icon='\ue8f1' data-av_iconfont='entypo-fontello' title='' data-avia-related-tooltip='Compartir en Twitter' rel=\"noopener\"><span class='avia_hidden_link_text'>Compartir en Twitter<\/span><\/a><\/li><li class='av-share-link av-social-link-whatsapp' ><a target=\"_blank\" aria-label=\"Compartir en Whatsapp\" href='https:\/\/api.whatsapp.com\/send?text=https:\/\/radiorevelacionfm.cl\/?p=24893' aria-hidden='false' data-av_icon='\uf232' data-av_iconfont='entypo-fontello' title='' data-avia-related-tooltip='Compartir en Whatsapp' rel=\"noopener\"><span class='avia_hidden_link_text'>Compartir en Whatsapp<\/span><\/a><\/li><li class='av-share-link av-social-link-linkedin' ><a target=\"_blank\" aria-label=\"Compartir en LinkedIn\" href='https:\/\/linkedin.com\/shareArticle?mini=true&#038;title=Encuentro%20Ciudadano%20de%20las%20Culturas%20Comunitarias%20re%C3%BAne%20expresiones%20art%C3%ADsticas%2C%20sabores%20y%20saberes%20territoriales%20en%20el%20GAM&#038;url=https:\/\/radiorevelacionfm.cl\/?p=24893' aria-hidden='false' data-av_icon='\ue8fc' data-av_iconfont='entypo-fontello' title='' data-avia-related-tooltip='Compartir en LinkedIn' rel=\"noopener\"><span class='avia_hidden_link_text'>Compartir en LinkedIn<\/span><\/a><\/li><li class='av-share-link av-social-link-mail' ><a  aria-label=\"Compartir por correo\" href='mailto:?subject=Encuentro%20Ciudadano%20de%20las%20Culturas%20Comunitarias%20re%C3%BAne%20expresiones%20art%C3%ADsticas%2C%20sabores%20y%20saberes%20territoriales%20en%20el%20GAM&#038;body=https:\/\/radiorevelacionfm.cl\/?p=24893' aria-hidden='false' data-av_icon='\ue805' data-av_iconfont='entypo-fontello' title='' data-avia-related-tooltip='Compartir por correo'><span class='avia_hidden_link_text'>Compartir por correo<\/span><\/a><\/li><\/ul><\/div><\/div>\n<div  style='height:50px' class='hr hr-invisible   avia-builder-el-8  el_after_av_social_share  el_before_av_comments_list '><span class='hr-inner ' ><span class='hr-inner-style'><\/span><\/span><\/div>\n<div  class='av-buildercomment  av-blog-meta-html-info-disabled av-blog-meta-tag-disabled  '><\/div>\n","protected":false},"excerpt":{"rendered":"","protected":false},"author":1,"featured_media":24945,"comment_status":"open","ping_status":"open","sticky":false,"template":"","format":"standard","meta":{"footnotes":""},"categories":[52],"tags":[],"class_list":["post-24893","post","type-post","status-publish","format-standard","has-post-thumbnail","hentry","category-cultura"],"jetpack_featured_media_url":"https:\/\/radiorevelacionfm.cl\/wp-content\/uploads\/2022\/12\/foto-2-22-1_optimized.jpg","_links":{"self":[{"href":"https:\/\/radiorevelacionfm.cl\/index.php?rest_route=\/wp\/v2\/posts\/24893","targetHints":{"allow":["GET"]}}],"collection":[{"href":"https:\/\/radiorevelacionfm.cl\/index.php?rest_route=\/wp\/v2\/posts"}],"about":[{"href":"https:\/\/radiorevelacionfm.cl\/index.php?rest_route=\/wp\/v2\/types\/post"}],"author":[{"embeddable":true,"href":"https:\/\/radiorevelacionfm.cl\/index.php?rest_route=\/wp\/v2\/users\/1"}],"replies":[{"embeddable":true,"href":"https:\/\/radiorevelacionfm.cl\/index.php?rest_route=%2Fwp%2Fv2%2Fcomments&post=24893"}],"version-history":[{"count":3,"href":"https:\/\/radiorevelacionfm.cl\/index.php?rest_route=\/wp\/v2\/posts\/24893\/revisions"}],"predecessor-version":[{"id":24956,"href":"https:\/\/radiorevelacionfm.cl\/index.php?rest_route=\/wp\/v2\/posts\/24893\/revisions\/24956"}],"wp:featuredmedia":[{"embeddable":true,"href":"https:\/\/radiorevelacionfm.cl\/index.php?rest_route=\/wp\/v2\/media\/24945"}],"wp:attachment":[{"href":"https:\/\/radiorevelacionfm.cl\/index.php?rest_route=%2Fwp%2Fv2%2Fmedia&parent=24893"}],"wp:term":[{"taxonomy":"category","embeddable":true,"href":"https:\/\/radiorevelacionfm.cl\/index.php?rest_route=%2Fwp%2Fv2%2Fcategories&post=24893"},{"taxonomy":"post_tag","embeddable":true,"href":"https:\/\/radiorevelacionfm.cl\/index.php?rest_route=%2Fwp%2Fv2%2Ftags&post=24893"}],"curies":[{"name":"wp","href":"https:\/\/api.w.org\/{rel}","templated":true}]}}