{"id":24889,"date":"2022-12-01T17:02:28","date_gmt":"2022-12-01T20:02:28","guid":{"rendered":"https:\/\/radiorevelacionfm.cl\/?p=24889"},"modified":"2022-12-01T17:02:28","modified_gmt":"2022-12-01T20:02:28","slug":"realizan-ceremonia-de-cierre-para-el-fondo-nacional-del-adulto-mayor-en-puerto-ibanez","status":"publish","type":"post","link":"https:\/\/radiorevelacionfm.cl\/?p=24889","title":{"rendered":"Realizan ceremonia de cierre para el Fondo Nacional del Adulto Mayor en Puerto Ib\u00e1\u00f1ez"},"content":{"rendered":"<div class=\"flex_column av_one_full  flex_column_div av-zero-column-padding first  avia-builder-el-0  el_before_av_one_full  avia-builder-el-first  \" style='border-radius:0px; '><div  class='avia-image-container  av-styling-    avia-builder-el-1  avia-builder-el-no-sibling  avia-align-center '  itemprop=\"image\" itemscope=\"itemscope\" itemtype=\"https:\/\/schema.org\/ImageObject\"  ><div class='avia-image-container-inner'><div class='avia-image-overlay-wrap'><img decoding=\"async\" class='wp-image-24890 avia-img-lazy-loading-not-24890 avia_image' src=\"https:\/\/radiorevelacionfm.cl\/wp-content\/uploads\/2022\/12\/Senama1-1-1.jpg\" alt='' title='Senama1 (1) (1)' height=\"600\" width=\"800\"  itemprop=\"thumbnailUrl\" srcset=\"https:\/\/radiorevelacionfm.cl\/wp-content\/uploads\/2022\/12\/Senama1-1-1.jpg 800w, https:\/\/radiorevelacionfm.cl\/wp-content\/uploads\/2022\/12\/Senama1-1-1-300x225.jpg 300w, https:\/\/radiorevelacionfm.cl\/wp-content\/uploads\/2022\/12\/Senama1-1-1-768x576.jpg 768w, https:\/\/radiorevelacionfm.cl\/wp-content\/uploads\/2022\/12\/Senama1-1-1-705x529.jpg 705w, https:\/\/radiorevelacionfm.cl\/wp-content\/uploads\/2022\/12\/Senama1-1-1-600x450.jpg 600w\" sizes=\"(max-width: 800px) 100vw, 800px\" \/><\/div><\/div><\/div><\/div><div class=\"flex_column av_one_full  flex_column_div av-zero-column-padding first  avia-builder-el-2  el_after_av_one_full  el_before_av_one_full  column-top-margin\" style='border-radius:0px; '><section class=\"av_textblock_section \"  itemscope=\"itemscope\" itemtype=\"https:\/\/schema.org\/BlogPosting\" itemprop=\"blogPost\" ><div class='avia_textblock  '   itemprop=\"text\" ><p style=\"text-align: center;\"><strong><span style=\"font-size: 18pt;\">Realizan ceremonia de cierre para el Fondo Nacional del Adulto Mayor en Puerto Ib\u00e1\u00f1ez<\/span><\/strong><\/p>\n<div id=\"gtx-trans\" style=\"position: absolute; left: -50px; top: 4.31534px;\">\n<div class=\"gtx-trans-icon\"><\/div>\n<\/div>\n<\/div><\/section><\/div><div class=\"flex_column av_one_full  flex_column_div av-zero-column-padding first  avia-builder-el-4  el_after_av_one_full  el_before_av_hr  column-top-margin\" style='border-radius:0px; '><section class=\"av_textblock_section \"  itemscope=\"itemscope\" itemtype=\"https:\/\/schema.org\/BlogPosting\" itemprop=\"blogPost\" ><div class='avia_textblock  '   itemprop=\"text\" ><p style=\"text-align: justify;\">L\u00edderes y lideresas de personas mayores de cada localidad de la comuna de R\u00edo Ib\u00e1\u00f1ez, agrupadas en siete organizaciones, llegaron hasta la cabecera comunal para recibir la certificaci\u00f3n y el cierre por los proyectos autogestionados del Fondo Nacional de Senama.<\/p>\n<p style=\"text-align: justify;\">Algunos clubes obtuvieron pasajes para Chilo\u00e9, otros aprovecharon para refaccionar sus sedes, otros entregaron canastas de alimentos para sus socios, entre distintos proyectos, gracias a la adjudicaci\u00f3n de recursos del Fondo Nacional del Adulto Mayor en el que fueron apoyados por la Ilustre Municipalidad de R\u00edo Ib\u00e1\u00f1ez, a trav\u00e9s, de su oficina del Adulto Mayor y Discapacidad.<\/p>\n<p style=\"text-align: justify;\">La ceremonia se realiz\u00f3 mientras las personas mayores, l\u00edderes de sus respectivos clubes, compart\u00edan un almuerzo con la presencia del Delegado Presidencial Provincial de General Carrera, Daniel Fern\u00e1ndez, la Seremi de Desarrollo Social y Familia, Karina Acevedo representando al Servicio Nacional del Adulto Mayor (Senama) \u00a0y el alcalde de R\u00edo Ib\u00e1\u00f1ez, Marcelo Santana.<\/p>\n<p style=\"text-align: justify;\">Uno de los clubes beneficiados fue Corazones J\u00f3venes de Puerto Ib\u00e1\u00f1ez, como tambi\u00e9n lo fue la UCAM de R\u00edo Ib\u00e1\u00f1ez, en ambos casos su presidenta es la lideresa innata Esterlina Rosas Vidal que reflexion\u00f3 sobre el rol de los clubes y sus miembros que \u201cOjal\u00e1 (todas las personas mayores) participen en un club, porque les ayuda a su autoestima. Es muy importante porque ayuda en todo sentido de la palabra: son mejores para participar, tienen m\u00e1s personalidad y ayuda mucho. Es como una terapia participar\u201d.<\/p>\n<p style=\"text-align: justify;\">La Seremi de Desarrollo Social y Familia, Karina Acevedo, al finalizar la ceremonia se dirig\u00eda a los presentes felicit\u00e1ndolos por vincularse a sus comunidades y agreg\u00f3 que estar constantemente activos \u201crequiere la motivaci\u00f3n, el incentivo, estar promoviendo estos encuentros que los tienen activos, part\u00edcipes y totalmente involucrados en el desarrollo de la comuna.\u00a0Buscamos personas mayores comprometidas en su desarrollo, f\u00edsico, intelectual, deportivo y social\u201d cerr\u00f3 la Secretaria Regional Ministerial.<\/p>\n<p style=\"text-align: justify;\">Por su parte el Alcalde de R\u00edo Ib\u00e1\u00f1ez, Marcelo Santana coment\u00f3 \u201custedes le dan vida a nuestra oficina del adulto mayor que sus objetivos son las cosas que ustedes les dicen que est\u00e1n necesitando, que est\u00e1n anhelando, as\u00ed que los quiero instar a que sigamos activos, a que nos propongamos nuevos objetivos para el 2023\u201d, posteriormente se dirigi\u00f3 a la Seremi y al Delegado Presidencial Provincial indicando que \u201cagradecerle el permanente apoyo que hemos tenido y que nos ha permitido optar a recursos para nuestros adultos mayores, eso sin duda es tambi\u00e9n destacable\u201d<\/p>\n<p style=\"text-align: justify;\">En esa misma l\u00ednea se refiri\u00f3 el Delegado Presidencial Provincial, Daniel Fern\u00e1ndez, se\u00f1alando que \u201cEste acto tan simb\u00f3lico que re\u00fane lo mejor de la pol\u00edtica: la colaboraci\u00f3n\u201d a lo que agreg\u00f3 refiri\u00e9ndose al fondo que \u201ca trav\u00e9s de la autogesti\u00f3n puedan postular a los proyectos que tengan que ver con la necesidad que ustedes mismos vayan detectando en sus territorios, en sus localidades. Ese es uno de los valores importantes y de los ejes primordiales en los cuales se basa este fondo\u201d cerr\u00f3 Fern\u00e1ndez M\u00e1rquez.<\/p>\n<p style=\"text-align: justify;\">Finalmente, Esterlina Rosas, adelant\u00f3 algunos proyectos con miras al 2023 se\u00f1alando que \u201cpara el 2023 ya estamos pensando en que queremos hacer otro viaje, por ejemplo, en tour que nos lleva a Villarrica, Frutillar, con los saltos de Petrohu\u00e9 y a una termas\u201d.<\/p>\n<\/div><\/section><\/div><div  style='height:50px' class='hr hr-invisible   avia-builder-el-6  el_after_av_one_full  el_before_av_social_share '><span class='hr-inner ' ><span class='hr-inner-style'><\/span><\/span><\/div><\/p>\n<div  class='av-social-sharing-box  avia-builder-el-7  el_after_av_hr  el_before_av_hr  '><div class='av-share-box'><h5 class='av-share-link-description av-no-toc '>Compartir esta noticia<\/h5><ul class='av-share-box-list noLightbox'><li class='av-share-link av-social-link-facebook' ><a target=\"_blank\" aria-label=\"Compartir en Facebook\" href='https:\/\/www.facebook.com\/sharer.php?u=https:\/\/radiorevelacionfm.cl\/?p=24889&#038;t=Realizan%20ceremonia%20de%20cierre%20para%20el%20Fondo%20Nacional%20del%20Adulto%20Mayor%20en%20Puerto%20Ib%C3%A1%C3%B1ez' aria-hidden='false' data-av_icon='\ue8f3' data-av_iconfont='entypo-fontello' title='' data-avia-related-tooltip='Compartir en Facebook' rel=\"noopener\"><span class='avia_hidden_link_text'>Compartir en Facebook<\/span><\/a><\/li><li class='av-share-link av-social-link-twitter' ><a target=\"_blank\" aria-label=\"Compartir en Twitter\" href='https:\/\/twitter.com\/share?text=Realizan%20ceremonia%20de%20cierre%20para%20el%20Fondo%20Nacional%20del%20Adulto%20Mayor%20en%20Puerto%20Ib%C3%A1%C3%B1ez&#038;url=https:\/\/radiorevelacionfm.cl\/?p=24889' aria-hidden='false' data-av_icon='\ue8f1' data-av_iconfont='entypo-fontello' title='' data-avia-related-tooltip='Compartir en Twitter' rel=\"noopener\"><span class='avia_hidden_link_text'>Compartir en Twitter<\/span><\/a><\/li><li class='av-share-link av-social-link-whatsapp' ><a target=\"_blank\" aria-label=\"Compartir en Whatsapp\" href='https:\/\/api.whatsapp.com\/send?text=https:\/\/radiorevelacionfm.cl\/?p=24889' aria-hidden='false' data-av_icon='\uf232' data-av_iconfont='entypo-fontello' title='' data-avia-related-tooltip='Compartir en Whatsapp' rel=\"noopener\"><span class='avia_hidden_link_text'>Compartir en Whatsapp<\/span><\/a><\/li><li class='av-share-link av-social-link-linkedin' ><a target=\"_blank\" aria-label=\"Compartir en LinkedIn\" href='https:\/\/linkedin.com\/shareArticle?mini=true&#038;title=Realizan%20ceremonia%20de%20cierre%20para%20el%20Fondo%20Nacional%20del%20Adulto%20Mayor%20en%20Puerto%20Ib%C3%A1%C3%B1ez&#038;url=https:\/\/radiorevelacionfm.cl\/?p=24889' aria-hidden='false' data-av_icon='\ue8fc' data-av_iconfont='entypo-fontello' title='' data-avia-related-tooltip='Compartir en LinkedIn' rel=\"noopener\"><span class='avia_hidden_link_text'>Compartir en LinkedIn<\/span><\/a><\/li><li class='av-share-link av-social-link-mail' ><a  aria-label=\"Compartir por correo\" href='mailto:?subject=Realizan%20ceremonia%20de%20cierre%20para%20el%20Fondo%20Nacional%20del%20Adulto%20Mayor%20en%20Puerto%20Ib%C3%A1%C3%B1ez&#038;body=https:\/\/radiorevelacionfm.cl\/?p=24889' aria-hidden='false' data-av_icon='\ue805' data-av_iconfont='entypo-fontello' title='' data-avia-related-tooltip='Compartir por correo'><span class='avia_hidden_link_text'>Compartir por correo<\/span><\/a><\/li><\/ul><\/div><\/div>\n<div  style='height:50px' class='hr hr-invisible   avia-builder-el-8  el_after_av_social_share  el_before_av_comments_list '><span class='hr-inner ' ><span class='hr-inner-style'><\/span><\/span><\/div>\n<div  class='av-buildercomment  av-blog-meta-html-info-disabled av-blog-meta-tag-disabled  '><\/div>\n","protected":false},"excerpt":{"rendered":"","protected":false},"author":1,"featured_media":24890,"comment_status":"open","ping_status":"open","sticky":false,"template":"","format":"standard","meta":{"footnotes":""},"categories":[38],"tags":[],"class_list":["post-24889","post","type-post","status-publish","format-standard","has-post-thumbnail","hentry","category-regional"],"jetpack_featured_media_url":"https:\/\/radiorevelacionfm.cl\/wp-content\/uploads\/2022\/12\/Senama1-1-1.jpg","_links":{"self":[{"href":"https:\/\/radiorevelacionfm.cl\/index.php?rest_route=\/wp\/v2\/posts\/24889","targetHints":{"allow":["GET"]}}],"collection":[{"href":"https:\/\/radiorevelacionfm.cl\/index.php?rest_route=\/wp\/v2\/posts"}],"about":[{"href":"https:\/\/radiorevelacionfm.cl\/index.php?rest_route=\/wp\/v2\/types\/post"}],"author":[{"embeddable":true,"href":"https:\/\/radiorevelacionfm.cl\/index.php?rest_route=\/wp\/v2\/users\/1"}],"replies":[{"embeddable":true,"href":"https:\/\/radiorevelacionfm.cl\/index.php?rest_route=%2Fwp%2Fv2%2Fcomments&post=24889"}],"version-history":[{"count":2,"href":"https:\/\/radiorevelacionfm.cl\/index.php?rest_route=\/wp\/v2\/posts\/24889\/revisions"}],"predecessor-version":[{"id":24892,"href":"https:\/\/radiorevelacionfm.cl\/index.php?rest_route=\/wp\/v2\/posts\/24889\/revisions\/24892"}],"wp:featuredmedia":[{"embeddable":true,"href":"https:\/\/radiorevelacionfm.cl\/index.php?rest_route=\/wp\/v2\/media\/24890"}],"wp:attachment":[{"href":"https:\/\/radiorevelacionfm.cl\/index.php?rest_route=%2Fwp%2Fv2%2Fmedia&parent=24889"}],"wp:term":[{"taxonomy":"category","embeddable":true,"href":"https:\/\/radiorevelacionfm.cl\/index.php?rest_route=%2Fwp%2Fv2%2Fcategories&post=24889"},{"taxonomy":"post_tag","embeddable":true,"href":"https:\/\/radiorevelacionfm.cl\/index.php?rest_route=%2Fwp%2Fv2%2Ftags&post=24889"}],"curies":[{"name":"wp","href":"https:\/\/api.w.org\/{rel}","templated":true}]}}