{"id":24886,"date":"2022-12-01T18:12:07","date_gmt":"2022-12-01T21:12:07","guid":{"rendered":"https:\/\/radiorevelacionfm.cl\/?p=24886"},"modified":"2022-12-01T18:12:07","modified_gmt":"2022-12-01T21:12:07","slug":"inician-proceso-participativo-para-el-diseno-del-plan-nacional-de-busqueda-de-victimas-de-desaparicion-forzada-durante-la-dictadura","status":"publish","type":"post","link":"https:\/\/radiorevelacionfm.cl\/?p=24886","title":{"rendered":"Inician proceso participativo para el dise\u00f1o del Plan Nacional de B\u00fasqueda de V\u00edctimas de Desaparici\u00f3n Forzada durante la dictadura"},"content":{"rendered":"<div class=\"flex_column av_one_full  flex_column_div av-zero-column-padding first  avia-builder-el-0  el_before_av_one_full  avia-builder-el-first  \" style='border-radius:0px; '><div  class='avia-image-container  av-styling-    avia-builder-el-1  avia-builder-el-no-sibling  avia-align-center '  itemprop=\"image\" itemscope=\"itemscope\" itemtype=\"https:\/\/schema.org\/ImageObject\"  ><div class='avia-image-container-inner'><div class='avia-image-overlay-wrap'><img decoding=\"async\" class='wp-image-24887 avia-img-lazy-loading-not-24887 avia_image' src=\"https:\/\/radiorevelacionfm.cl\/wp-content\/uploads\/2022\/12\/afiche-1-1-1.jpg\" alt='' title='afiche 1 (1) (1)' height=\"600\" width=\"753\"  itemprop=\"thumbnailUrl\" srcset=\"https:\/\/radiorevelacionfm.cl\/wp-content\/uploads\/2022\/12\/afiche-1-1-1.jpg 753w, https:\/\/radiorevelacionfm.cl\/wp-content\/uploads\/2022\/12\/afiche-1-1-1-300x239.jpg 300w, https:\/\/radiorevelacionfm.cl\/wp-content\/uploads\/2022\/12\/afiche-1-1-1-705x562.jpg 705w, https:\/\/radiorevelacionfm.cl\/wp-content\/uploads\/2022\/12\/afiche-1-1-1-600x478.jpg 600w\" sizes=\"(max-width: 753px) 100vw, 753px\" \/><\/div><\/div><\/div><\/div><div class=\"flex_column av_one_full  flex_column_div av-zero-column-padding first  avia-builder-el-2  el_after_av_one_full  el_before_av_one_full  column-top-margin\" style='border-radius:0px; '><section class=\"av_textblock_section \"  itemscope=\"itemscope\" itemtype=\"https:\/\/schema.org\/BlogPosting\" itemprop=\"blogPost\" ><div class='avia_textblock  '   itemprop=\"text\" ><p style=\"text-align: center;\"><strong><span style=\"font-size: 18pt;\">Inician proceso participativo para el dise\u00f1o del Plan Nacional de B\u00fasqueda de V\u00edctimas de Desaparici\u00f3n Forzada durante la dictadura<\/span><\/strong><\/p>\n<div id=\"gtx-trans\" style=\"position: absolute; left: -50px; top: 4.31534px;\">\n<div class=\"gtx-trans-icon\"><\/div>\n<\/div>\n<\/div><\/section><\/div><div class=\"flex_column av_one_full  flex_column_div av-zero-column-padding first  avia-builder-el-4  el_after_av_one_full  el_before_av_hr  column-top-margin\" style='border-radius:0px; '><section class=\"av_textblock_section \"  itemscope=\"itemscope\" itemtype=\"https:\/\/schema.org\/BlogPosting\" itemprop=\"blogPost\" ><div class='avia_textblock  '   itemprop=\"text\" ><p style=\"text-align: justify;\">Con la distribuci\u00f3n de afiches a reparticiones p\u00fablicas y organizaciones de familiares de detenidos desaparecidos y de DD.HH por parte del Seremi de Justicia y Derechos Humanos Samuel Navarro Castro, este jueves se dio inicio al proceso participativo para el dise\u00f1o del Plan Nacional de B\u00fasqueda de v\u00edctimas de desaparici\u00f3n forzada durante la dictadura c\u00edvico-militar, instancia que convoca a los familiares de las v\u00edctimas en cada regi\u00f3n del pa\u00eds a inscribirse y ser parte de este proceso, ingresando a <a href=\"http:\/\/www.derechoshumanos.gob.cl\">www.derechoshumanos.gob.cl<\/a>.<\/p>\n<p style=\"text-align: justify;\">Este plan, liderado por el Ministerio de Justicia y Derechos Humanos, es un instrumento de pol\u00edtica p\u00fablica que avanza en la b\u00fasqueda de v\u00edctimas de desaparici\u00f3n forzada durante la dictadura c\u00edvico militar en Chile, Detenidas y Detenidos Desaparecidos y Ejecutados Pol\u00edticos cuyos cuerpos no han sido encontrados.<\/p>\n<p style=\"text-align: justify;\">Respecto a esta iniciativa, el Seremi de Justicia y Derechos Humanos, Samuel Navarro Castro explic\u00f3 que \u201cdesde la Subsecretar\u00eda de Derechos Humanos del Ministerio de Justicia y DD.HH comenzamos nuestra campa\u00f1a Plan Nacional de B\u00fasqueda de detenidos desaparecidos, porque estimamos que estos hechos no deben ocurrir, no deben volver a repetirse y por eso queremos avanzar todo lo posible dentro de esta pol\u00edtica, en toda la verdad, toda la justicia y hacer memoria en torno a estos hechos para evitar una repetici\u00f3n de los mismos, en ese sentido comenzamos esta campa\u00f1a ahora entregando afiches en las distintas reparticiones p\u00fablicas, comenzamos con la Delegaci\u00f3n Presidencial Regional y la idea es poder contar con esta informaci\u00f3n, que la gente se pueda inscribir y participar de esta pol\u00edtica p\u00fablica, de este dise\u00f1o del plan nacional de b\u00fasqueda para en lo posible encontrar aquellos cuerpos de los detenidos desaparecidos que a la fecha y transcurridos m\u00e1s de 49 a\u00f1os, a\u00fan no encontramos, toda la verdad y toda la justicia\u201d.<\/p>\n<p style=\"text-align: justify;\">En la oportunidad, se hizo entrega de afiches al Delegado Presidencial Regional Rodrigo Araya, qui\u00e9n se refiri\u00f3 a esta campa\u00f1a se\u00f1alando que \u201cdesde el Gobierno de Chile y desde nuestro Presidente Gabriel Boric nos ha encomendado iniciar esta campa\u00f1a desde hoy, la que est\u00e1 liderada por el Ministerio de Justicia y Derechos Humanos con respecto a activar el Plan de B\u00fasqueda de v\u00edctimas de la dictadura c\u00edvico- militar ocurrida en Chile, es un tema que est\u00e1 vigente en nuestro pa\u00eds, por tanto amerita que avancemos en pol\u00edticas con la incorporaci\u00f3n de las familias y las v\u00edctimas de la dictadura para que esto no se repita, si no hay memoria, no tenemos Justicia\u201d concluy\u00f3.<\/p>\n<p style=\"text-align: justify;\">En tanto, la Presidenta de la Agrupaci\u00f3n de Derechos Humanos de Coyhaique, Mar\u00eda Erita Vera destac\u00f3 esta iniciativa, siendo enf\u00e1tica en se\u00f1alar que \u201ces muy relevante que el Gobierno asumiera este plan nacional de b\u00fasqueda por desaparici\u00f3n forzada, ya que nuestros familiares fueron v\u00edctimas de atropellos por parte del Estado de Chile, y ser\u00eda la primera vez que el Estado asume esa responsabilidad, en un trabajo que sea cien por ciento dedicado a encontrar el destino final de todas las personas que fueron v\u00edctimas de desaparici\u00f3n forzada en este pa\u00eds, a ya casi 50 a\u00f1os de estos hechos, as\u00ed que para quienes somos familiares directos es muy relevante, es muy importante ya que siempre hemos esperado que el Estado asuma su responsabilidad, y que no solo sea una tarea de los familiares de las v\u00edctimas en este caso\u201d.<\/p>\n<p style=\"text-align: justify;\">Finalmente, cabe destacar que el Plan Nacional de B\u00fasqueda tiene como objetivos ampliar la recopilaci\u00f3n, el an\u00e1lisis y la sistematizaci\u00f3n de aquellos documentos que contengan informaci\u00f3n sobre quienes fueron desaparecidos forzadamente; y extender las investigaciones judiciales y extrajudiciales para los delitos de inhumaci\u00f3n y exhumaci\u00f3n, lo que ser\u00e1 efectuado a trav\u00e9s de cuatro etapas. La primera corresponde a la escucha participativa, colaborativa y colectiva de \u00ablas v\u00edctimas, sus familias, expertos internacionales e internacionales y organizaciones de la sociedad civil\u00bb; la segunda busca avanzar en la adquisici\u00f3n de compromisos y coordinaci\u00f3n de las diversas instituciones del Estado, a su vez la tercera etapa ser\u00e1n revisadas las observaciones, para as\u00ed redactar una propuesta de Plan Nacional de B\u00fasqueda que contenga los \u00abejes program\u00e1ticos, acciones precisas y plazos determinados para su ejecuci\u00f3n\u00bb, documento que ser\u00e1 presentado ante los familiares y sus agrupaciones. Posteriormente, la estrategia ser\u00e1 sometida a la aprobaci\u00f3n del Comit\u00e9 Interministerial de Derechos Humanos, el que en su m\u00e9rito determinar\u00e1 la aptitud de \u00e9sta para ser difundida y aplicada.<\/p>\n<\/div><\/section><\/div><div  style='height:50px' class='hr hr-invisible   avia-builder-el-6  el_after_av_one_full  el_before_av_social_share '><span class='hr-inner ' ><span class='hr-inner-style'><\/span><\/span><\/div><\/p>\n<div  class='av-social-sharing-box  avia-builder-el-7  el_after_av_hr  el_before_av_hr  '><div class='av-share-box'><h5 class='av-share-link-description av-no-toc '>Compartir esta noticia<\/h5><ul class='av-share-box-list noLightbox'><li class='av-share-link av-social-link-facebook' ><a target=\"_blank\" aria-label=\"Compartir en Facebook\" href='https:\/\/www.facebook.com\/sharer.php?u=https:\/\/radiorevelacionfm.cl\/?p=24886&#038;t=Inician%20proceso%20participativo%20para%20el%20dise%C3%B1o%20del%20Plan%20Nacional%20de%20B%C3%BAsqueda%20de%20V%C3%ADctimas%20de%20Desaparici%C3%B3n%20Forzada%20durante%20la%20dictadura' aria-hidden='false' data-av_icon='\ue8f3' data-av_iconfont='entypo-fontello' title='' data-avia-related-tooltip='Compartir en Facebook' rel=\"noopener\"><span class='avia_hidden_link_text'>Compartir en Facebook<\/span><\/a><\/li><li class='av-share-link av-social-link-twitter' ><a target=\"_blank\" aria-label=\"Compartir en Twitter\" href='https:\/\/twitter.com\/share?text=Inician%20proceso%20participativo%20para%20el%20dise%C3%B1o%20del%20Plan%20Nacional%20de%20B%C3%BAsqueda%20de%20V%C3%ADctimas%20de%20Desaparici%C3%B3n%20Forzada%20durante%20la%20dictadura&#038;url=https:\/\/radiorevelacionfm.cl\/?p=24886' aria-hidden='false' data-av_icon='\ue8f1' data-av_iconfont='entypo-fontello' title='' data-avia-related-tooltip='Compartir en Twitter' rel=\"noopener\"><span class='avia_hidden_link_text'>Compartir en Twitter<\/span><\/a><\/li><li class='av-share-link av-social-link-whatsapp' ><a target=\"_blank\" aria-label=\"Compartir en Whatsapp\" href='https:\/\/api.whatsapp.com\/send?text=https:\/\/radiorevelacionfm.cl\/?p=24886' aria-hidden='false' data-av_icon='\uf232' data-av_iconfont='entypo-fontello' title='' data-avia-related-tooltip='Compartir en Whatsapp' rel=\"noopener\"><span class='avia_hidden_link_text'>Compartir en Whatsapp<\/span><\/a><\/li><li class='av-share-link av-social-link-linkedin' ><a target=\"_blank\" aria-label=\"Compartir en LinkedIn\" href='https:\/\/linkedin.com\/shareArticle?mini=true&#038;title=Inician%20proceso%20participativo%20para%20el%20dise%C3%B1o%20del%20Plan%20Nacional%20de%20B%C3%BAsqueda%20de%20V%C3%ADctimas%20de%20Desaparici%C3%B3n%20Forzada%20durante%20la%20dictadura&#038;url=https:\/\/radiorevelacionfm.cl\/?p=24886' aria-hidden='false' data-av_icon='\ue8fc' data-av_iconfont='entypo-fontello' title='' data-avia-related-tooltip='Compartir en LinkedIn' rel=\"noopener\"><span class='avia_hidden_link_text'>Compartir en LinkedIn<\/span><\/a><\/li><li class='av-share-link av-social-link-mail' ><a  aria-label=\"Compartir por correo\" href='mailto:?subject=Inician%20proceso%20participativo%20para%20el%20dise%C3%B1o%20del%20Plan%20Nacional%20de%20B%C3%BAsqueda%20de%20V%C3%ADctimas%20de%20Desaparici%C3%B3n%20Forzada%20durante%20la%20dictadura&#038;body=https:\/\/radiorevelacionfm.cl\/?p=24886' aria-hidden='false' data-av_icon='\ue805' data-av_iconfont='entypo-fontello' title='' data-avia-related-tooltip='Compartir por correo'><span class='avia_hidden_link_text'>Compartir por correo<\/span><\/a><\/li><\/ul><\/div><\/div>\n<div  style='height:50px' class='hr hr-invisible   avia-builder-el-8  el_after_av_social_share  el_before_av_comments_list '><span class='hr-inner ' ><span class='hr-inner-style'><\/span><\/span><\/div>\n<div  class='av-buildercomment  av-blog-meta-html-info-disabled av-blog-meta-tag-disabled  '><\/div>\n","protected":false},"excerpt":{"rendered":"","protected":false},"author":1,"featured_media":24887,"comment_status":"open","ping_status":"open","sticky":false,"template":"","format":"standard","meta":{"footnotes":""},"categories":[55],"tags":[],"class_list":["post-24886","post","type-post","status-publish","format-standard","has-post-thumbnail","hentry","category-justicia"],"jetpack_featured_media_url":"https:\/\/radiorevelacionfm.cl\/wp-content\/uploads\/2022\/12\/afiche-1-1-1.jpg","_links":{"self":[{"href":"https:\/\/radiorevelacionfm.cl\/index.php?rest_route=\/wp\/v2\/posts\/24886","targetHints":{"allow":["GET"]}}],"collection":[{"href":"https:\/\/radiorevelacionfm.cl\/index.php?rest_route=\/wp\/v2\/posts"}],"about":[{"href":"https:\/\/radiorevelacionfm.cl\/index.php?rest_route=\/wp\/v2\/types\/post"}],"author":[{"embeddable":true,"href":"https:\/\/radiorevelacionfm.cl\/index.php?rest_route=\/wp\/v2\/users\/1"}],"replies":[{"embeddable":true,"href":"https:\/\/radiorevelacionfm.cl\/index.php?rest_route=%2Fwp%2Fv2%2Fcomments&post=24886"}],"version-history":[{"count":2,"href":"https:\/\/radiorevelacionfm.cl\/index.php?rest_route=\/wp\/v2\/posts\/24886\/revisions"}],"predecessor-version":[{"id":24912,"href":"https:\/\/radiorevelacionfm.cl\/index.php?rest_route=\/wp\/v2\/posts\/24886\/revisions\/24912"}],"wp:featuredmedia":[{"embeddable":true,"href":"https:\/\/radiorevelacionfm.cl\/index.php?rest_route=\/wp\/v2\/media\/24887"}],"wp:attachment":[{"href":"https:\/\/radiorevelacionfm.cl\/index.php?rest_route=%2Fwp%2Fv2%2Fmedia&parent=24886"}],"wp:term":[{"taxonomy":"category","embeddable":true,"href":"https:\/\/radiorevelacionfm.cl\/index.php?rest_route=%2Fwp%2Fv2%2Fcategories&post=24886"},{"taxonomy":"post_tag","embeddable":true,"href":"https:\/\/radiorevelacionfm.cl\/index.php?rest_route=%2Fwp%2Fv2%2Ftags&post=24886"}],"curies":[{"name":"wp","href":"https:\/\/api.w.org\/{rel}","templated":true}]}}