{"id":24883,"date":"2022-12-01T16:46:12","date_gmt":"2022-12-01T19:46:12","guid":{"rendered":"https:\/\/radiorevelacionfm.cl\/?p=24883"},"modified":"2022-12-01T16:46:12","modified_gmt":"2022-12-01T19:46:12","slug":"seremi-tatiana-pla-la-aprobacion-del-presupuesto-2023-dara-mayor-seguridad-y-bienestar-a-las-familias-de-la-region-de-aysen","status":"publish","type":"post","link":"https:\/\/radiorevelacionfm.cl\/?p=24883","title":{"rendered":"Seremi Tatiana Pl\u00e1: \u201cLa aprobaci\u00f3n del Presupuesto 2023 dar\u00e1 mayor seguridad y bienestar a las familias de la regi\u00f3n de Ays\u00e9n\u201d"},"content":{"rendered":"<div class=\"flex_column av_one_full  flex_column_div av-zero-column-padding first  avia-builder-el-0  el_before_av_one_full  avia-builder-el-first  \" style='border-radius:0px; '><div  class='avia-image-container  av-styling-    avia-builder-el-1  avia-builder-el-no-sibling  avia-align-center '  itemprop=\"image\" itemscope=\"itemscope\" itemtype=\"https:\/\/schema.org\/ImageObject\"  ><div class='avia-image-container-inner'><div class='avia-image-overlay-wrap'><img decoding=\"async\" class='wp-image-19450 avia-img-lazy-loading-not-19450 avia_image' src=\"https:\/\/radiorevelacionfm.cl\/wp-content\/uploads\/2022\/07\/Seremi-Aysen-3-1-1.jpeg\" alt='' title='Seremi Aysen 3 (1) (1)' height=\"600\" width=\"901\"  itemprop=\"thumbnailUrl\" srcset=\"https:\/\/radiorevelacionfm.cl\/wp-content\/uploads\/2022\/07\/Seremi-Aysen-3-1-1.jpeg 901w, https:\/\/radiorevelacionfm.cl\/wp-content\/uploads\/2022\/07\/Seremi-Aysen-3-1-1-300x200.jpeg 300w, https:\/\/radiorevelacionfm.cl\/wp-content\/uploads\/2022\/07\/Seremi-Aysen-3-1-1-768x511.jpeg 768w, https:\/\/radiorevelacionfm.cl\/wp-content\/uploads\/2022\/07\/Seremi-Aysen-3-1-1-705x469.jpeg 705w, https:\/\/radiorevelacionfm.cl\/wp-content\/uploads\/2022\/07\/Seremi-Aysen-3-1-1-600x400.jpeg 600w\" sizes=\"(max-width: 901px) 100vw, 901px\" \/><\/div><\/div><\/div><\/div><div class=\"flex_column av_one_full  flex_column_div av-zero-column-padding first  avia-builder-el-2  el_after_av_one_full  el_before_av_one_full  column-top-margin\" style='border-radius:0px; '><section class=\"av_textblock_section \"  itemscope=\"itemscope\" itemtype=\"https:\/\/schema.org\/BlogPosting\" itemprop=\"blogPost\" ><div class='avia_textblock  '   itemprop=\"text\" ><p style=\"text-align: center;\"><strong><span style=\"font-size: 18pt;\">Seremi Tatiana Pl\u00e1: \u201cLa aprobaci\u00f3n del Presupuesto 2023 dar\u00e1 mayor seguridad y bienestar a las familias de la regi\u00f3n de Ays\u00e9n\u201d<\/span><\/strong><\/p>\n<div id=\"gtx-trans\" style=\"position: absolute; left: -50px; top: 4.31534px;\">\n<div class=\"gtx-trans-icon\"><\/div>\n<\/div>\n<\/div><\/section><\/div><div class=\"flex_column av_one_full  flex_column_div av-zero-column-padding first  avia-builder-el-4  el_after_av_one_full  el_before_av_hr  column-top-margin\" style='border-radius:0px; '><section class=\"av_textblock_section \"  itemscope=\"itemscope\" itemtype=\"https:\/\/schema.org\/BlogPosting\" itemprop=\"blogPost\" ><div class='avia_textblock  '   itemprop=\"text\" ><p style=\"text-align: justify;\">Una importante noticia dio a conocer la Seremi de Gobierno, Tatiana Pl\u00e1, con respecto a los recursos aprobados para el pr\u00f3ximo a\u00f1o en el Presupuesto 2023: \u201cLa aprobaci\u00f3n del presupuesto 2023 dar\u00e1 mayor seguridad y bienestar a las familias de la regi\u00f3n de Ays\u00e9n. La aprobaci\u00f3n de estos recursos en el Congreso constituyen el primer Presupuesto del Gobierno del Presidente Gabriel Boric y apuntan a resolver las urgencias de las personas y avanzar hacia un pa\u00eds m\u00e1s justo\u201d<\/p>\n<p style=\"text-align: justify;\">Este presupuesto tiene tres pilares: Seguridad Econ\u00f3mica, Seguridad Ciudadana y Seguridad Social. Esto permitir\u00e1 trabajar para tener barrios m\u00e1s seguros, combatir el crimen organizado, mejorar la salud de las personas, mayor protecci\u00f3n social, mejor educaci\u00f3n y tranquilidad para llegar a fin de mes, entre otros.<\/p>\n<p style=\"text-align: justify;\">La aprobaci\u00f3n del Presupuesto 2023 es una muy buena noticia para el pa\u00eds, ya que aumenta un 4,2% respecto del anterior y es fruto del trabajo y los acuerdos entre el Ejecutivo y las y los parlamentarios de la Alianza de Gobierno y el di\u00e1logo con la oposici\u00f3n. Esto permitir\u00e1 entregar al pa\u00eds, de forma concreta, m\u00e1s seguridad p\u00fablica, m\u00e1s seguridad econ\u00f3mica y m\u00e1s seguridad social, que son los temas que m\u00e1s le preocupan a las personas y al Gobierno.<\/p>\n<p style=\"text-align: justify;\">Gracias al aumento de 4,4% en Seguridad P\u00fablica, se implementar\u00e1 un plan para combatir al crimen organizado y el narcotr\u00e1fico, que se hace cargo de una de las principales preocupaciones de la poblaci\u00f3n, con medidas que permiten avanzar en recuperar la tranquilidad de los barrios.<\/p>\n<p style=\"text-align: justify;\">La seguridad social es muy importante para las y los chilenos, por eso en este Presupuesto se aumentan en 8% los recursos destinados para esta \u00e1rea. Sobre la Pensi\u00f3n Garantizada Universal (PGU), se acord\u00f3 en el Congreso que se ingresar\u00e1, un proyecto de ley corta que mejore el acceso de los adultos mayores al beneficio ampliando la cobertura a los mayores de 65 a\u00f1os pertenecientes al 90% de la poblaci\u00f3n de menores ingresos.<\/p>\n<p style=\"text-align: justify;\">Dentro del eje de seguridad social, acceder a una salud p\u00fablica gratuita y de calidad es uno de los mayores anhelos de las familias, por lo que se destinar\u00e1n m\u00e1s recursos para disminuir los tiempos en las listas de espera para operaciones quir\u00fargicas y se dar\u00e1n los primeros pasos del plan piloto de Atenci\u00f3n Primaria Universal. Adem\u00e1s, se avanzar\u00e1 en salud mental, con foco en atenciones ambulatorias y cerradas de infanto-adolescentes, lo que en nuestra regi\u00f3n es primordial por el alto n\u00famero de suicidios asociados a enfermedades de salud mental que se registran cada a\u00f1o.<\/p>\n<p style=\"text-align: justify;\"><strong>Aspectos econ\u00f3micos<\/strong><\/p>\n<p style=\"text-align: justify;\">La inflaci\u00f3n y el aumento del costo de la vida est\u00e1n afectando el bolsillo de las familias en nuestro pa\u00eds y sobretodo de la regi\u00f3n, por eso este Presupuesto permite seguir apoy\u00e1ndolas con el Bono Canasta B\u00e1sica Protegida, para compensar el alza del precio de los alimentos, tambi\u00e9n se aumenta la Beca de Alimentaci\u00f3n de Educaci\u00f3n Superior (BAES), esto considerando que son muchos y muchas los y las estudiantes que reciben este apoyo en la regi\u00f3n de Ays\u00e9n. Adem\u00e1s, se ampl\u00edan las medidas de alivio para Pymes, a trav\u00e9s de Sercotec. Tanto estas medidas como el Presupuesto, se han dise\u00f1ado con responsabilidad fiscal, para evitar que incidan en un alza en la inflaci\u00f3n.<\/p>\n<p style=\"text-align: justify;\">Con la aprobaci\u00f3n de este Presupuesto 2023 se podr\u00e1 seguir cumpliendo el compromiso de entregar 260 mil viviendas en el periodo de Gobierno. El Plan de Emergencia Habitacional es una prioridad para el Gobierno y el Presupuesto 2023 permitir\u00e1 destinar recursos para la construcci\u00f3n de viviendas sociales a lo largo del pa\u00eds.<\/p>\n<p style=\"text-align: justify;\">Finalmente, cabe se\u00f1alar, que se repusieron los Presupuestos del Ministerio del Interior, del INDH y el Museo de La Memoria, entre otros. Ambos elementos, la seguridad y la memoria, son pisos m\u00ednimos para una sociedad m\u00e1s justa, segura y democr\u00e1tica.<\/p>\n<\/div><\/section><\/div><div  style='height:50px' class='hr hr-invisible   avia-builder-el-6  el_after_av_one_full  el_before_av_social_share '><span class='hr-inner ' ><span class='hr-inner-style'><\/span><\/span><\/div><\/p>\n<div  class='av-social-sharing-box  avia-builder-el-7  el_after_av_hr  el_before_av_hr  '><div class='av-share-box'><h5 class='av-share-link-description av-no-toc '>Compartir esta noticia<\/h5><ul class='av-share-box-list noLightbox'><li class='av-share-link av-social-link-facebook' ><a target=\"_blank\" aria-label=\"Compartir en Facebook\" href='https:\/\/www.facebook.com\/sharer.php?u=https:\/\/radiorevelacionfm.cl\/?p=24883&#038;t=Seremi%20Tatiana%20Pl%C3%A1%3A%20%E2%80%9CLa%20aprobaci%C3%B3n%20del%20Presupuesto%202023%20dar%C3%A1%20mayor%20seguridad%20y%20bienestar%20a%20las%20familias%20de%20la%20regi%C3%B3n%20de%20Ays%C3%A9n%E2%80%9D' aria-hidden='false' data-av_icon='\ue8f3' data-av_iconfont='entypo-fontello' title='' data-avia-related-tooltip='Compartir en Facebook' rel=\"noopener\"><span class='avia_hidden_link_text'>Compartir en Facebook<\/span><\/a><\/li><li class='av-share-link av-social-link-twitter' ><a target=\"_blank\" aria-label=\"Compartir en Twitter\" href='https:\/\/twitter.com\/share?text=Seremi%20Tatiana%20Pl%C3%A1%3A%20%E2%80%9CLa%20aprobaci%C3%B3n%20del%20Presupuesto%202023%20dar%C3%A1%20mayor%20seguridad%20y%20bienestar%20a%20las%20familias%20de%20la%20regi%C3%B3n%20de%20Ays%C3%A9n%E2%80%9D&#038;url=https:\/\/radiorevelacionfm.cl\/?p=24883' aria-hidden='false' data-av_icon='\ue8f1' data-av_iconfont='entypo-fontello' title='' data-avia-related-tooltip='Compartir en Twitter' rel=\"noopener\"><span class='avia_hidden_link_text'>Compartir en Twitter<\/span><\/a><\/li><li class='av-share-link av-social-link-whatsapp' ><a target=\"_blank\" aria-label=\"Compartir en Whatsapp\" href='https:\/\/api.whatsapp.com\/send?text=https:\/\/radiorevelacionfm.cl\/?p=24883' aria-hidden='false' data-av_icon='\uf232' data-av_iconfont='entypo-fontello' title='' data-avia-related-tooltip='Compartir en Whatsapp' rel=\"noopener\"><span class='avia_hidden_link_text'>Compartir en Whatsapp<\/span><\/a><\/li><li class='av-share-link av-social-link-linkedin' ><a target=\"_blank\" aria-label=\"Compartir en LinkedIn\" href='https:\/\/linkedin.com\/shareArticle?mini=true&#038;title=Seremi%20Tatiana%20Pl%C3%A1%3A%20%E2%80%9CLa%20aprobaci%C3%B3n%20del%20Presupuesto%202023%20dar%C3%A1%20mayor%20seguridad%20y%20bienestar%20a%20las%20familias%20de%20la%20regi%C3%B3n%20de%20Ays%C3%A9n%E2%80%9D&#038;url=https:\/\/radiorevelacionfm.cl\/?p=24883' aria-hidden='false' data-av_icon='\ue8fc' data-av_iconfont='entypo-fontello' title='' data-avia-related-tooltip='Compartir en LinkedIn' rel=\"noopener\"><span class='avia_hidden_link_text'>Compartir en LinkedIn<\/span><\/a><\/li><li class='av-share-link av-social-link-mail' ><a  aria-label=\"Compartir por correo\" href='mailto:?subject=Seremi%20Tatiana%20Pl%C3%A1%3A%20%E2%80%9CLa%20aprobaci%C3%B3n%20del%20Presupuesto%202023%20dar%C3%A1%20mayor%20seguridad%20y%20bienestar%20a%20las%20familias%20de%20la%20regi%C3%B3n%20de%20Ays%C3%A9n%E2%80%9D&#038;body=https:\/\/radiorevelacionfm.cl\/?p=24883' aria-hidden='false' data-av_icon='\ue805' data-av_iconfont='entypo-fontello' title='' data-avia-related-tooltip='Compartir por correo'><span class='avia_hidden_link_text'>Compartir por correo<\/span><\/a><\/li><\/ul><\/div><\/div>\n<div  style='height:50px' class='hr hr-invisible   avia-builder-el-8  el_after_av_social_share  el_before_av_comments_list '><span class='hr-inner ' ><span class='hr-inner-style'><\/span><\/span><\/div>\n<div  class='av-buildercomment  av-blog-meta-html-info-disabled av-blog-meta-tag-disabled  '><\/div>\n","protected":false},"excerpt":{"rendered":"","protected":false},"author":1,"featured_media":19450,"comment_status":"open","ping_status":"open","sticky":false,"template":"","format":"standard","meta":{"footnotes":""},"categories":[38],"tags":[],"class_list":["post-24883","post","type-post","status-publish","format-standard","has-post-thumbnail","hentry","category-regional"],"jetpack_featured_media_url":"https:\/\/radiorevelacionfm.cl\/wp-content\/uploads\/2022\/07\/Seremi-Aysen-3-1-1.jpeg","_links":{"self":[{"href":"https:\/\/radiorevelacionfm.cl\/index.php?rest_route=\/wp\/v2\/posts\/24883","targetHints":{"allow":["GET"]}}],"collection":[{"href":"https:\/\/radiorevelacionfm.cl\/index.php?rest_route=\/wp\/v2\/posts"}],"about":[{"href":"https:\/\/radiorevelacionfm.cl\/index.php?rest_route=\/wp\/v2\/types\/post"}],"author":[{"embeddable":true,"href":"https:\/\/radiorevelacionfm.cl\/index.php?rest_route=\/wp\/v2\/users\/1"}],"replies":[{"embeddable":true,"href":"https:\/\/radiorevelacionfm.cl\/index.php?rest_route=%2Fwp%2Fv2%2Fcomments&post=24883"}],"version-history":[{"count":2,"href":"https:\/\/radiorevelacionfm.cl\/index.php?rest_route=\/wp\/v2\/posts\/24883\/revisions"}],"predecessor-version":[{"id":24885,"href":"https:\/\/radiorevelacionfm.cl\/index.php?rest_route=\/wp\/v2\/posts\/24883\/revisions\/24885"}],"wp:featuredmedia":[{"embeddable":true,"href":"https:\/\/radiorevelacionfm.cl\/index.php?rest_route=\/wp\/v2\/media\/19450"}],"wp:attachment":[{"href":"https:\/\/radiorevelacionfm.cl\/index.php?rest_route=%2Fwp%2Fv2%2Fmedia&parent=24883"}],"wp:term":[{"taxonomy":"category","embeddable":true,"href":"https:\/\/radiorevelacionfm.cl\/index.php?rest_route=%2Fwp%2Fv2%2Fcategories&post=24883"},{"taxonomy":"post_tag","embeddable":true,"href":"https:\/\/radiorevelacionfm.cl\/index.php?rest_route=%2Fwp%2Fv2%2Ftags&post=24883"}],"curies":[{"name":"wp","href":"https:\/\/api.w.org\/{rel}","templated":true}]}}